{"id":323243,"date":"2026-08-12T23:23:10","date_gmt":"2026-08-12T23:23:10","guid":{"rendered":"https:\/\/www.europesays.com\/fi\/323243\/"},"modified":"2026-08-12T23:23:10","modified_gmt":"2026-08-12T23:23:10","slug":"euroviisut-muutti-saantojaan-sotaa-kayva-maa-ei-voi-isannoida-kisoja-uutisia-lyhyesti","status":"publish","type":"post","link":"https:\/\/www.europesays.com\/fi\/323243\/","title":{"rendered":"Euroviisut muutti s\u00e4\u00e4nt\u00f6j\u00e4\u00e4n: Sotaa k\u00e4yv\u00e4 maa ei voi is\u00e4nn\u00f6id\u00e4 kisoja | Uutisia lyhyesti"},"content":{"rendered":"<p class=\"aw__sc-1qwuw0s-0 aw__sc-ngllmo-0 epAWpq fzYpjk yle__article__paragraph\">Euroviisut muuttaa s\u00e4\u00e4nt\u00f6j\u00e4\u00e4n niin, ettei aseellisessa konfliktissa mukana oleva maa voi is\u00e4nn\u00f6id\u00e4 kilpailua.<\/p>\n<p class=\"aw__sc-1qwuw0s-0 aw__sc-ngllmo-0 epAWpq fzYpjk yle__article__paragraph\">Uusien s\u00e4\u00e4nt\u00f6jen mukaan kisan voittanut yleisradioyhti\u00f6 joutuu automaattisesti luopumaan kisan is\u00e4nn\u00f6innist\u00e4, jos k\u00e4ynniss\u00e4 on aseellinen konflikti, tulenarka geopoliittinen tilanne tai muu tilanne, joka vaikuttaa valtion tai sen v\u00e4litt\u00f6m\u00e4n l\u00e4hialueen turvallisuuteen ja vakauteen.<\/p>\n","protected":false},"excerpt":{"rendered":"Euroviisut muuttaa s\u00e4\u00e4nt\u00f6j\u00e4\u00e4n niin, ettei aseellisessa konfliktissa mukana oleva maa voi is\u00e4nn\u00f6id\u00e4 kilpailua. Uusien s\u00e4\u00e4nt\u00f6jen mukaan kisan voittanut&hellip;\n","protected":false},"author":2,"featured_media":323244,"comment_status":"","ping_status":"","sticky":false,"template":"","format":"standard","meta":{"footnotes":"","_share_on_mastodon":"0"},"categories":[5],"tags":[22,23,909,26,27,33,31,30,17,4258,108,24,25,28,29,1077,15,18,21,32,19,20,56,16,3736],"class_list":["post-323243","post","type-post","status-publish","format-standard","has-post-thumbnail","category-otsikot","tag-breaking-news","tag-breakingnews","tag-euroviisut","tag-featured-news","tag-featurednews","tag-fi","tag-finland","tag-finnish","tag-headlines","tag-konfliktit","tag-kulttuuri","tag-latest-news","tag-latestnews","tag-main-news","tag-mainnews","tag-media","tag-news","tag-otsikot","tag-paauutiset","tag-suomi","tag-top-stories","tag-topstories","tag-ulkomaat","tag-uutiset","tag-yleisradioyhtiot"],"share_on_mastodon":{"url":"https:\/\/pubeurope.com\/@fi\/117085117213838147","error":""},"_links":{"self":[{"href":"https:\/\/www.europesays.com\/fi\/wp-json\/wp\/v2\/posts\/323243","targetHints":{"allow":["GET"]}}],"collection":[{"href":"https:\/\/www.europesays.com\/fi\/wp-json\/wp\/v2\/posts"}],"about":[{"href":"https:\/\/www.europesays.com\/fi\/wp-json\/wp\/v2\/types\/post"}],"author":[{"embeddable":true,"href":"https:\/\/www.europesays.com\/fi\/wp-json\/wp\/v2\/users\/2"}],"replies":[{"embeddable":true,"href":"https:\/\/www.europesays.com\/fi\/wp-json\/wp\/v2\/comments?post=323243"}],"version-history":[{"count":0,"href":"https:\/\/www.europesays.com\/fi\/wp-json\/wp\/v2\/posts\/323243\/revisions"}],"wp:featuredmedia":[{"embeddable":true,"href":"https:\/\/www.europesays.com\/fi\/wp-json\/wp\/v2\/media\/323244"}],"wp:attachment":[{"href":"https:\/\/www.europesays.com\/fi\/wp-json\/wp\/v2\/media?parent=323243"}],"wp:term":[{"taxonomy":"category","embeddable":true,"href":"https:\/\/www.europesays.com\/fi\/wp-json\/wp\/v2\/categories?post=323243"},{"taxonomy":"post_tag","embeddable":true,"href":"https:\/\/www.europesays.com\/fi\/wp-json\/wp\/v2\/tags?post=323243"}],"curies":[{"name":"wp","href":"https:\/\/api.w.org\/{rel}","templated":true}]}}