{"id":323301,"date":"2026-08-13T01:14:16","date_gmt":"2026-08-13T01:14:16","guid":{"rendered":"https:\/\/www.europesays.com\/fi\/323301\/"},"modified":"2026-08-13T01:14:16","modified_gmt":"2026-08-13T01:14:16","slug":"stefan-therman-helsingissa-vankays-portsarin-kanssa-eika-paassyt-baariin-sisaan","status":"publish","type":"post","link":"https:\/\/www.europesays.com\/fi\/323301\/","title":{"rendered":"Stefan Therman Helsingiss\u00e4: v\u00e4nk\u00e4ys Portsarin kanssa eik\u00e4 p\u00e4\u00e4ssyt baariin sis\u00e4\u00e4n"},"content":{"rendered":"<p>            ATTE KAJOVA\n        <\/p>\n<p class=\"subtitle \">Kohuliikemies Stefan Thermanin ilta Helsingin y\u00f6ss\u00e4 sai tylyn k\u00e4\u00e4nteen, kun ovimies ei p\u00e4\u00e4st\u00e4nyt miest\u00e4 sis\u00e4\u00e4n suosikkiravintolaan.<\/p>\n<p class=\"article-content article-content-width !bg-background\">, 38, bongattiin Helsingin keskustassa Kaarle XII -ravintolan sis\u00e4\u00e4nk\u00e4ynnin tuntumassa torstaina (6.8.). Tarkkasilm\u00e4isen Seiskan lukijan mukaan Stefu ilmestyi paikalle seurueensa kanssa ja yritti p\u00e4\u00e4st\u00e4 sis\u00e4\u00e4n \u2013 mutta matka tyss\u00e4si ovelle.<\/p>\n<p class=\"font-weight-bold m-font-weight-bold article-content article-content-width !bg-background\">Video: Stefu ja kadonneen laskun arvoitus<\/p>\n<p class=\"article-content article-content-width !bg-background\">Paikallaolijan mukaan Stefu oli painelemassa jonon ohi sis\u00e4\u00e4n ulosk\u00e4ynnin kautta. Stefu porukkoineen ei kuitenkaan p\u00e4\u00e4ssyt sit\u00e4 kautta sis\u00e4\u00e4n, vaan joutui portsarin hampaisiin.\u00a0Liikemies ryhtyi tiiviisiin neuvotteluihin portsarin kanssa.<\/p>\n<p class=\"article-content article-content-width !bg-background\">Seiskan saamissa kuvissa valkoiseen t-paitaan ja tummiin housuihin pukeutunut Stefu keskustelee j\u00e4rjestyksenvalvojan kanssa baarin ulosk\u00e4ynnin luona.\u00a0<\/p>\n<p>                <img decoding=\"async\" src=\"https:\/\/www.europesays.com\/fi\/wp-content\/uploads\/2026\/08\/2229546.webp\" width=\"576\" height=\"639\" alt=\"Stefan Therman keskusteli j\u00e4rjestyksenvalvojan kanssa Kaarle XII:n sis\u00e4\u00e4nk\u00e4ynnin luona y\u00f6aikaan.\" loading=\"lazy\" \/>            <\/p>\n<p>\n            Stefan Therman keskusteli j\u00e4rjestyksenvalvojan kanssa Kaarle XII:n sis\u00e4\u00e4nk\u00e4ynnin luona y\u00f6aikaan.<br \/>\n            Lukijan kuva\n        <\/p>\n<p>        <a itemprop=\"url\" href=\"https:\/\/www.seiska.fi\/kotimaa\/huoli-herasi-stefan-thermanista-kerjasi-rahaa-verissa-pain\/2170013\" rel=\"nofollow noopener\" target=\"_blank\"><\/p>\n<p>\nHuoli her\u00e4si Stefusta\n<\/p>\n<p class=\"section-date\">\n        <strong class=\"article-section\" data-section=\"kotimaa\"><br \/>\n            kotimaa<br \/>\n        <\/strong><br \/>\n        5.6. 05:00\n    <\/p>\n<p>Huoli her\u00e4si Stefan Thermanista \u2013 kerj\u00e4si rahaa veriss\u00e4 p\u00e4in!\n    <\/p>\n<p itemprop=\"description\" class=\"subtitle \">\n    Stefu on tapaus, josta riitt\u00e4\u00e4 yht\u00e4 monta tarinaa kuin on tarinankertojaakin.\n<\/p>\n<p>        <\/a><\/p>\n<p class=\"article-content article-content-width !bg-background\">\u2013 Stefu alkoi kiihtyneen\u00e4 hokemaan: &#8221;M\u00e4 en oo tehny mit\u00e4\u00e4n, m\u00e4 en oo tehny mit\u00e4\u00e4n!&#8221;, vinkkaaja kertoo Seiskalle.<\/p>\n<p class=\"article-content article-content-width !bg-background\"> Paikallaolijan mukaan Stefu n\u00e4ytti pettyneelt\u00e4 ja vaikutti olevan levottomassa tilassa. H\u00e4n ei kuitenkaan tiett\u00e4v\u00e4sti r\u00e4yh\u00e4nnyt, vaikka koettikin tivata portsarille vastaan. <\/p>\n<p class=\"article-content article-content-width !bg-background\">\u2013 Hetken hokemisen j\u00e4lkeen porukka katosi Pohjoiselle Makasiinikadulle, vinkkaaja kuvailee.<\/p>\n<p>                <img decoding=\"async\" src=\"https:\/\/www.europesays.com\/fi\/wp-content\/uploads\/2026\/08\/2229548.webp\" width=\"576\" height=\"274\" alt=\"Seurueeseen kuului Stefun lis\u00e4ksi kaksi naista ja yksi mies. Tummahiuksiset naiset olivat paikallaolijan mukaan Stefun kanssa samaa ik\u00e4luokkaa.\" loading=\"lazy\" \/>            <\/p>\n<p>\n            Seurueeseen kuului Stefun lis\u00e4ksi kaksi naista ja yksi mies. Tummahiuksiset naiset olivat paikallaolijan mukaan Stefun kanssa samaa ik\u00e4luokkaa.<br \/>\n            Lukijan kuva\n        <\/p>\n<p>        <a itemprop=\"url\" href=\"https:\/\/www.seiska.fi\/kotimaa\/sinkkuna-viihtyva-stefan-therman-yllatyspaljastus-sofia-belorfista\/2222473\" rel=\"nofollow noopener\" target=\"_blank\"><\/p>\n<p>\nSinkkuna viihtyv\u00e4 Stefu\n<\/p>\n<p class=\"section-date\">\n        <strong class=\"article-section\" data-section=\"kotimaa\"><br \/>\n            kotimaa<br \/>\n        <\/strong><br \/>\n        30.7. 17:00\n    <\/p>\n<p>Sinkkuna viihtyv\u00e4 Stefan Therman: Yll\u00e4tyspaljastus Sofia Bel\u00f3rfista!\n    <\/p>\n<p itemprop=\"description\" class=\"subtitle \">\n    &#8221;Mik\u00e4 Stefu on, jos Sahamies on alfa&#8221;, Stefu kysyy.\n<\/p>\n<p>        <\/a><\/p>\n<p>Kohuja on riitt\u00e4nyt<\/p>\n<p class=\"article-content article-content-width !bg-background\">Stefun viime vuodet ovat olleet v\u00e4rikk\u00e4it\u00e4.<\/p>\n<p class=\"article-content article-content-width !bg-background\">Viime aikoina h\u00e4n on julkaissut somessa urheilullisia p\u00e4tki\u00e4 ja puhunut selv\u00e4st\u00e4 el\u00e4m\u00e4st\u00e4. Stefu on my\u00f6s ollut mukana Soberlife- ja Goldentour-nimisiin painatuksiin liittyviss\u00e4 kuvioissa, joista Seiska uutisoi aiemmin.<\/p>\n<p>        <a itemprop=\"url\" href=\"https:\/\/www.seiska.fi\/vain-seiskassa\/kovia-syytoksia-liikemies-stefan-thermanista-pitaisi-pysayttaa\/1954287\" rel=\"nofollow noopener\" target=\"_blank\"><\/p>\n<p>\nStefan Therman\n<\/p>\n<p class=\"section-date\">\n        <strong class=\"article-section\" data-section=\"vain seiskassa\"><br \/>\n            vain seiskassa<br \/>\n        <\/strong><br \/>\n        15.10.2025 05:00\n    <\/p>\n<p>Kovia syyt\u00f6ksi\u00e4 liikemies Stefan Thermanista: \u201dPit\u00e4isi pys\u00e4ytt\u00e4\u00e4!\u201d\n    <\/p>\n<p itemprop=\"description\" class=\"subtitle \">\n    Stefu on viime kuukausien aikana mainostanut Soberlifea sek\u00e4 Goldentouria: br\u00e4ndej\u00e4, joissa h\u00e4n on enemm\u00e4n tai v\u00e4hemm\u00e4n mukana.\n<\/p>\n<p>        <\/a><\/p>\n<p class=\"article-content article-content-width !bg-background\">Kansan tietoisuuteen Stefan Therman nousi alun perin mediapersoona  puolisona. Parin l\u00e4hes vuosikymmenen mittaiseksi venynyt yhteinen matka teki Stefusta koko kansan tunteman kohuliikemiehen.<\/p>\n<p>        <a itemprop=\"url\" href=\"https:\/\/www.seiska.fi\/urheilu\/stefan-therman-ja-martina-aitolehti-ilouutinen\/2141715\" rel=\"nofollow noopener\" target=\"_blank\"><\/p>\n<p>\nStefan ja Martina:\n<\/p>\n<p class=\"section-date\">\n        <strong class=\"article-section\" data-section=\"urheilu\"><br \/>\n            urheilu<br \/>\n        <\/strong><br \/>\n        2.5. 16:00\n    <\/p>\n<p>Stefan Therman ja Martina Aitolehti: Ilouutinen!\n    <\/p>\n<p itemprop=\"description\" class=\"subtitle \">\n    &#8221;J\u00e4tt\u00e4isi minut pois jo t\u00e4st\u00e4 yksipuolisesta paskanjauhannasta&#8221;, Stefu linjasi Seiskalle Martinasta viime syksyn\u00e4.\n<\/p>\n<p>        <\/a><\/p>\n","protected":false},"excerpt":{"rendered":"ATTE KAJOVA Kohuliikemies Stefan Thermanin ilta Helsingin y\u00f6ss\u00e4 sai tylyn k\u00e4\u00e4nteen, kun ovimies ei p\u00e4\u00e4st\u00e4nyt miest\u00e4 sis\u00e4\u00e4n suosikkiravintolaan.&hellip;\n","protected":false},"author":2,"featured_media":323302,"comment_status":"","ping_status":"","sticky":false,"template":"","format":"standard","meta":{"footnotes":"","_share_on_mastodon":"0"},"categories":[12],"tags":[22,23,26,27,33,31,30,17,104,31336,11529,24,25,212,28,29,15,18,21,3095,32,19,20,16,9821],"class_list":["post-323301","post","type-post","status-publish","format-standard","has-post-thumbnail","category-suomi","tag-breaking-news","tag-breakingnews","tag-featured-news","tag-featurednews","tag-fi","tag-finland","tag-finnish","tag-headlines","tag-helsinki","tag-kaarle-xii","tag-kohuliikemies","tag-latest-news","tag-latestnews","tag-lifestyle","tag-main-news","tag-mainnews","tag-news","tag-otsikot","tag-paauutiset","tag-stefan-therman","tag-suomi","tag-top-stories","tag-topstories","tag-uutiset","tag-yoelama"],"share_on_mastodon":{"url":"https:\/\/pubeurope.com\/@fi\/117085570988626220","error":""},"_links":{"self":[{"href":"https:\/\/www.europesays.com\/fi\/wp-json\/wp\/v2\/posts\/323301","targetHints":{"allow":["GET"]}}],"collection":[{"href":"https:\/\/www.europesays.com\/fi\/wp-json\/wp\/v2\/posts"}],"about":[{"href":"https:\/\/www.europesays.com\/fi\/wp-json\/wp\/v2\/types\/post"}],"author":[{"embeddable":true,"href":"https:\/\/www.europesays.com\/fi\/wp-json\/wp\/v2\/users\/2"}],"replies":[{"embeddable":true,"href":"https:\/\/www.europesays.com\/fi\/wp-json\/wp\/v2\/comments?post=323301"}],"version-history":[{"count":0,"href":"https:\/\/www.europesays.com\/fi\/wp-json\/wp\/v2\/posts\/323301\/revisions"}],"wp:featuredmedia":[{"embeddable":true,"href":"https:\/\/www.europesays.com\/fi\/wp-json\/wp\/v2\/media\/323302"}],"wp:attachment":[{"href":"https:\/\/www.europesays.com\/fi\/wp-json\/wp\/v2\/media?parent=323301"}],"wp:term":[{"taxonomy":"category","embeddable":true,"href":"https:\/\/www.europesays.com\/fi\/wp-json\/wp\/v2\/categories?post=323301"},{"taxonomy":"post_tag","embeddable":true,"href":"https:\/\/www.europesays.com\/fi\/wp-json\/wp\/v2\/tags?post=323301"}],"curies":[{"name":"wp","href":"https:\/\/api.w.org\/{rel}","templated":true}]}}