{"id":323311,"date":"2026-08-13T01:42:11","date_gmt":"2026-08-13T01:42:11","guid":{"rendered":"https:\/\/www.europesays.com\/fi\/323311\/"},"modified":"2026-08-13T01:42:11","modified_gmt":"2026-08-13T01:42:11","slug":"paakirjoitus-talouskasvun-myotatuuli-nakyy-yrityksissa-ja-kuluttajien-luottamuksessa-paakirjoitus-mielipide","status":"publish","type":"post","link":"https:\/\/www.europesays.com\/fi\/323311\/","title":{"rendered":"P\u00e4\u00e4kirjoitus | Talouskasvun my\u00f6t\u00e4tuuli n\u00e4kyy yrityksiss\u00e4 ja kuluttajien luottamuksessa | P\u00e4\u00e4kirjoitus &#038; mielipide"},"content":{"rendered":"<p>Suomen talous on my\u00f6t\u00e4tuulessa. Ilmassa on sit\u00e4 kuuluista positiivista p\u00f6hin\u00e4\u00e4, kun useammat ennusteet ovat todenneet talouden l\u00e4hteneen kasvuun.<\/p>\n<p>Ennusteita on my\u00f6s kritisoitu. Ne kuulemma harvoin pit\u00e4v\u00e4t t\u00e4ysin paikkaansa ja niiss\u00e4 n\u00e4kyy tekij\u00e4ns\u00e4 k\u00e4denj\u00e4lki. Onkin puitu, pit\u00e4isik\u00f6 ennustusmallia l\u00e4pivalaista tarkemmin, jottei niiden varaan lasketa esimerkiksi valtion talouden suunnittelua yht\u00e4 tarkasti kuin nykymallissa tehd\u00e4\u00e4n.<\/p>\n<p>Tosin hyv\u00e4ss\u00e4 muistissa on, miksi ennusteet ovat olleet v\u00e4lill\u00e4 pieless\u00e4. Kukaan ei ole pystynyt ennakoimaan pandemiaa, korkojen nousua, Ven\u00e4j\u00e4n hy\u00f6kk\u00e4yssotaa Ukrainaan saati Hormuzinsalmen tilannetta tai Yhdysvaltain presidentin mielivaltaisia letkautuksia.<\/p>\n<p>My\u00f6nteiset talousuutiset otetaan mielell\u00e4\u00e4n vastaan. Suomi on soutanut liki 20 vuotta vastavirtaan talouden taantumassa ja hyvi\u00e4 talousuutisia on ollut varsin v\u00e4h\u00e4n. Hyv\u00e4tkin ovat perustuneet maailman muuttuneeseen tilanteeseen: puolustusteollisuus vet\u00e4\u00e4.<\/p>\n<p>Nyt n\u00e4ytt\u00e4\u00e4 kuitenkin silt\u00e4, ett\u00e4 muutkin alat alkavat piristy\u00e4. Se n\u00e4kyy muun muassa yrityskaupoissa. Niit\u00e4 on tehty enemm\u00e4n kuin pitk\u00e4\u00e4n aikaan. My\u00f6s monissa yrityksiss\u00e4 halutaan kehitty\u00e4 ja hakea kasvua viennist\u00e4.<\/p>\n<p>Pessimistit aina muistuttavat, ett\u00e4 ty\u00f6tt\u00f6myysluvuissa my\u00f6nteinen vire ei viel\u00e4 n\u00e4y. Siihenkin l\u00f6ytyy selitys: ty\u00f6paikkoja syntyy lis\u00e4\u00e4 kasvun viimeisess\u00e4 vaiheessa. Viel\u00e4 emme ole niin pitk\u00e4ll\u00e4. Yrityksiss\u00e4 rekrytointip\u00e4\u00e4t\u00f6ksi\u00e4 harvemmin tehd\u00e4\u00e4n ennakoiden, eik\u00e4 niiss\u00e4 haluta h\u00f6tkyill\u00e4.<\/p>\n<p>Moni kuitenkin uskoo, ett\u00e4 avoimia ty\u00f6paikkoja aukeaa l\u00e4hitulevaisuudessa ja sen pit\u00e4isi pitk\u00e4ss\u00e4 juoksussa n\u00e4ky\u00e4 my\u00f6s ty\u00f6tt\u00f6myysluvuissa.<\/p>\n<p>Kuluttajat tarvitsevat uskoa parempaan.<\/p>\n","protected":false},"excerpt":{"rendered":"Suomen talous on my\u00f6t\u00e4tuulessa. Ilmassa on sit\u00e4 kuuluista positiivista p\u00f6hin\u00e4\u00e4, kun useammat ennusteet ovat todenneet talouden l\u00e4hteneen kasvuun.&hellip;\n","protected":false},"author":2,"featured_media":323312,"comment_status":"","ping_status":"","sticky":false,"template":"","format":"standard","meta":{"footnotes":"","_share_on_mastodon":"0"},"categories":[76],"tags":[79,77,33,31,30,2109,2619,637,32,78,3250,860,861,1955],"class_list":["post-323311","post","type-post","status-publish","format-standard","has-post-thumbnail","category-talous","tag-business","tag-economy","tag-fi","tag-finland","tag-finnish","tag-hameenlinna","tag-makrotalous-ja-talouspolitiikka","tag-politiikka","tag-suomi","tag-talous","tag-talouskasvu","tag-tyoelama","tag-tyollisyys-ja-tyottomyys","tag-tyottomyys"],"share_on_mastodon":{"url":"https:\/\/pubeurope.com\/@fi\/117085664530619946","error":""},"_links":{"self":[{"href":"https:\/\/www.europesays.com\/fi\/wp-json\/wp\/v2\/posts\/323311","targetHints":{"allow":["GET"]}}],"collection":[{"href":"https:\/\/www.europesays.com\/fi\/wp-json\/wp\/v2\/posts"}],"about":[{"href":"https:\/\/www.europesays.com\/fi\/wp-json\/wp\/v2\/types\/post"}],"author":[{"embeddable":true,"href":"https:\/\/www.europesays.com\/fi\/wp-json\/wp\/v2\/users\/2"}],"replies":[{"embeddable":true,"href":"https:\/\/www.europesays.com\/fi\/wp-json\/wp\/v2\/comments?post=323311"}],"version-history":[{"count":0,"href":"https:\/\/www.europesays.com\/fi\/wp-json\/wp\/v2\/posts\/323311\/revisions"}],"wp:featuredmedia":[{"embeddable":true,"href":"https:\/\/www.europesays.com\/fi\/wp-json\/wp\/v2\/media\/323312"}],"wp:attachment":[{"href":"https:\/\/www.europesays.com\/fi\/wp-json\/wp\/v2\/media?parent=323311"}],"wp:term":[{"taxonomy":"category","embeddable":true,"href":"https:\/\/www.europesays.com\/fi\/wp-json\/wp\/v2\/categories?post=323311"},{"taxonomy":"post_tag","embeddable":true,"href":"https:\/\/www.europesays.com\/fi\/wp-json\/wp\/v2\/tags?post=323311"}],"curies":[{"name":"wp","href":"https:\/\/api.w.org\/{rel}","templated":true}]}}