{"id":323401,"date":"2026-08-13T04:20:17","date_gmt":"2026-08-13T04:20:17","guid":{"rendered":"https:\/\/www.europesays.com\/fi\/323401\/"},"modified":"2026-08-13T04:20:17","modified_gmt":"2026-08-13T04:20:17","slug":"tampere-maksaa-miljoonia-kun-moni-tyokyvyton-roikkuu-turhaan-tyonhakijana-nyt-kaupunki-haluaa-sille-stopin-pirkanmaa","status":"publish","type":"post","link":"https:\/\/www.europesays.com\/fi\/323401\/","title":{"rendered":"Tampere maksaa miljoonia, kun moni ty\u00f6kyvyt\u00f6n roikkuu turhaan ty\u00f6nhakijana \u2013 nyt kaupunki haluaa sille stopin | Pirkanmaa"},"content":{"rendered":"<ul class=\"aw__sc-1yb43iq-0 gFXHv yle__article__list yle__article__list--ul\">\n<li class=\"aw__sc-1yb43iq-1 gVAzbt\">Tampere k\u00e4ynnist\u00e4\u00e4 lokakuussa palvelun, jolla etsit\u00e4\u00e4n ty\u00f6kyvytt\u00f6mi\u00e4 pitk\u00e4aikaisty\u00f6tt\u00f6mist\u00e4 ja ohjataan heid\u00e4t oikealle etuudelle.<\/li>\n<li class=\"aw__sc-1yb43iq-1 gVAzbt\">Tampere maksaa l\u00e4hes 50 miljoonaa euroa ty\u00f6tt\u00f6myyden pitkittymisest\u00e4. Pitk\u00e4aikaisty\u00f6tt\u00f6mien joukossa on paljon ty\u00f6kyvytt\u00f6mi\u00e4.<\/li>\n<li class=\"aw__sc-1yb43iq-1 gVAzbt\">Kohderyhm\u00e4n\u00e4 ovat yli 55-vuotiaat, joiden ty\u00f6tt\u00f6myys on kest\u00e4nyt yli viisi vuotta. Heit\u00e4 on noin 2 200.<\/li>\n<li class=\"aw__sc-1yb43iq-1 gVAzbt\">THL:n johtava tutkija Minna Kivipelto pit\u00e4\u00e4 nykyist\u00e4 mallia ty\u00f6kyvyn arvioinnissa tehottomana.<\/li>\n<\/ul>\n<p class=\"aw__sc-1qwuw0s-0 aw__sc-ngllmo-0 epAWpq fzYpjk yle__article__paragraph\">Tampereen kaupunki perustaa uuden palvelun ty\u00f6kyvytt\u00f6mien ihmisten tunnistamiseksi.<\/p>\n<p class=\"aw__sc-1qwuw0s-0 aw__sc-ngllmo-0 epAWpq fzYpjk yle__article__paragraph\">Syyn\u00e4 on se, ett\u00e4 pitk\u00e4aikaisty\u00f6tt\u00f6mien joukossa on t\u00e4ll\u00e4 hetkell\u00e4 merkitt\u00e4v\u00e4 m\u00e4\u00e4r\u00e4 ihmisi\u00e4, jotka eiv\u00e4t pysty menem\u00e4\u00e4n suoraan t\u00f6ihin esimerkiksi sairauden takia.<\/p>\n<p class=\"aw__sc-1qwuw0s-0 aw__sc-ngllmo-0 epAWpq fzYpjk yle__article__paragraph\">Tampere joutuu maksamaan heist\u00e4 niin sanottuja sakkomaksuja miljoonia euroja vuodessa, vaikka ty\u00f6kyvytt\u00f6m\u00e4t kuuluisivat ty\u00f6tt\u00f6myysturvan sijaan sairausp\u00e4iv\u00e4rahan, kuntoutuksen tai ty\u00f6kyvytt\u00f6myysel\u00e4kkeen piiriin.<\/p>\n<p class=\"aw__sc-1qwuw0s-0 aw__sc-ngllmo-0 epAWpq fzYpjk yle__article__paragraph\">Kuntien pit\u00e4\u00e4 korvata osa ty\u00f6tt\u00f6myysetuudesta Kelalle, jos ty\u00f6tt\u00f6myys pitkittyy. Viime vuonna Tampereen osuus oli l\u00e4hes 50 miljoonaa euroa.<\/p>\n<p class=\"aw__sc-1qwuw0s-0 aw__sc-ngllmo-0 epAWpq fzYpjk yle__article__paragraph\">Laskua kasvattaa erityisesti pitk\u00e4aikaisty\u00f6tt\u00f6myys, joka lis\u00e4\u00e4ntynyt Tampereella 30 prosenttia edellisvuodesta.<\/p>\n<p class=\"aw__sc-1qwuw0s-0 aw__sc-ngllmo-0 epAWpq fzYpjk yle__article__paragraph\">Uuden ty\u00f6- ja toimintakyvyn arviointipalvelun tavoitteena on ohjata ty\u00f6kyvytt\u00f6m\u00e4t pitk\u00e4aikaisty\u00f6tt\u00f6m\u00e4t nykyist\u00e4 tehokkaammin oikealle etuudelle.<\/p>\n<p class=\"aw__sc-1qwuw0s-0 aw__sc-ngllmo-0 epAWpq fzYpjk yle__article__paragraph\">T\u00e4m\u00e4 toisi Tampereelle huomattavat s\u00e4\u00e4st\u00f6t sakkomaksuissa.<\/p>\n<p class=\"aw__sc-1qwuw0s-0 aw__sc-ngllmo-0 epAWpq fzYpjk yle__article__paragraph\">S\u00e4\u00e4st\u00f6 kasvaa vuosittain, kun ty\u00f6kyvytt\u00f6mi\u00e4 l\u00f6ydet\u00e4\u00e4n enemm\u00e4n. Kaupunki arvioi, ett\u00e4 kolmantena vuonna pelkist\u00e4 el\u00e4keratkaisuista voisi tulla s\u00e4\u00e4st\u00f6\u00e4 noin 1,3 miljoonaa euroa.<\/p>\n<p><img decoding=\"async\" alt=\"Toimistotilassa harmaiden v\u00e4liseinien pinnalla on kaksi esill\u00e4 julistetta, joissa kerrotaan ty\u00f6nhaun ohjauksesta.\" src=\"https:\/\/www.europesays.com\/fi\/wp-content\/uploads\/2026\/08\/1785845105.jpeg\" loading=\"lazy\" class=\"aw__sc-dklauk-0 LPzKX\"\/><\/p>\n<p>Avaa kuvien katselu<\/p>\n<p>Tampereen uudessa palvelussa voidaan arvioida 360 asiakkaan ty\u00f6kyky vuodessa.  Kuva: Miikka Varila \/ Yle<\/p>\n<p class=\"aw__sc-1qwuw0s-0 aw__sc-ngllmo-0 epAWpq fzYpjk yle__article__paragraph\">Uusi arviointipalvelu on tarkoitettu niille pitk\u00e4aikaisty\u00f6tt\u00f6mille, joiden ty\u00f6- ja toimintakyvyst\u00e4 on her\u00e4nnyt huoli.<\/p>\n<p class=\"aw__sc-1qwuw0s-0 aw__sc-ngllmo-0 epAWpq fzYpjk yle__article__paragraph\">L\u00e4ht\u00f6kohtaisesti kohderyhm\u00e4n\u00e4 ovat yli 55-vuotiaat, joiden ty\u00f6tt\u00f6myys on kest\u00e4nyt yli viisi vuotta. Heit\u00e4 on Tampereella arviolta 2\u00a0200.<\/p>\n<p class=\"aw__sc-1qwuw0s-0 aw__sc-ngllmo-0 epAWpq fzYpjk yle__article__paragraph\">\u2013 S\u00e4\u00e4st\u00f6jen lis\u00e4ksi sill\u00e4 on yksil\u00f6n el\u00e4m\u00e4ss\u00e4 valtava merkitys, kun h\u00e4n p\u00e4\u00e4see ty\u00f6nhakustatukselta esimerkiksi el\u00e4kkeelle, sanoo palveluesihenkil\u00f6 <strong class=\"aw__sc-ngllmo-2 gdRrun yle__article__strong\">Marianne Rautiokoski<\/strong> Tampereen ty\u00f6llisyyspalveluista.<\/p>\n<p>T\u00e4t\u00e4 uusi palvelu tarkoittaa k\u00e4yt\u00e4nn\u00f6ss\u00e4<\/p>\n<p class=\"aw__sc-1qwuw0s-0 aw__sc-ngllmo-0 epAWpq fzYpjk yle__article__paragraph\">Tampereelle palkataan kuusi ty\u00f6kykykoordinaattoria, ja l\u00e4\u00e4k\u00e4ri tekee l\u00e4\u00e4ketieteellisen arvioinnin asiakkaan ty\u00f6- ja toimintakyvyst\u00e4.<\/p>\n<p class=\"aw__sc-1qwuw0s-0 aw__sc-ngllmo-0 epAWpq fzYpjk yle__article__paragraph\">Lis\u00e4ksi tehd\u00e4\u00e4n toiminnallinen arviointi. Siin\u00e4 asiakas menee ty\u00f6kokeiluun aitoon ty\u00f6paikkaan, jossa valmentaja seuraa h\u00e4nen fyysist\u00e4, psyykkist\u00e4 ja sosiaalista ty\u00f6kyky\u00e4\u00e4n.<\/p>\n<p class=\"aw__sc-1qwuw0s-0 aw__sc-ngllmo-0 epAWpq fzYpjk yle__article__paragraph\">Tavoitteena on ohjata ty\u00f6kyvylt\u00e4\u00e4n heikentynyt henkil\u00f6 nykyist\u00e4 tehokkaammin oikealle etuudelle.<\/p>\n<p class=\"aw__sc-1qwuw0s-0 aw__sc-ngllmo-0 epAWpq fzYpjk yle__article__paragraph\">Etuuden saamisesta p\u00e4\u00e4tt\u00e4\u00e4 lopulta Kela tai ty\u00f6el\u00e4kelaitos.<\/p>\n<p class=\"aw__sc-1qwuw0s-0 aw__sc-ngllmo-0 epAWpq fzYpjk yle__article__paragraph\">Palvelun on tarkoitus alkaa lokakuussa.<\/p>\n<p class=\"aw__sc-1qwuw0s-0 aw__sc-ngllmo-0 epAWpq fzYpjk yle__article__paragraph\">Tampereella l\u00e4\u00e4ketieteellisen arvion ty\u00f6tt\u00f6mien ty\u00f6kyvyst\u00e4 tekee t\u00e4ll\u00e4 hetkell\u00e4 Pirkanmaan hyvinvointialue (Pirha). Yhteisty\u00f6n on tarkoitus jatkua tulevaisuudessakin.<\/p>\n<p class=\"aw__sc-1qwuw0s-0 aw__sc-ngllmo-0 epAWpq fzYpjk yle__article__paragraph\">Palvelun on tarkoitus alkaa lokakuussa. Se on osa Tampereen <a class=\"aw__sc-ngllmo-1 bTDnwX yle__article__link\" href=\"https:\/\/yle.fi\/a\/74-20226845\" role=\"link\" rel=\"nofollow noopener\" target=\"_blank\">miljoonien eurojen ty\u00f6llisyyspakettia<\/a>, jolla halutaan parantaa kaupungin synkk\u00e4\u00e4 ty\u00f6tt\u00f6myystilannetta ja pienent\u00e4\u00e4 sakkomaksuja.<\/p>\n<p class=\"aw__sc-1qwuw0s-0 aw__sc-ngllmo-0 epAWpq fzYpjk yle__article__paragraph\"><strong class=\"aw__sc-ngllmo-2 gdRrun yle__article__strong\">Videolla Tampereen ty\u00f6llisyyspalveluiden palvelujohtaja Lotta Lammi perustelee uuden palvelun tarvetta:<\/strong><\/p>\n<p>Video: Miikka Varila \/ Yle\u201dNykysysteemi on todella tehoton\u201d<\/p>\n<p class=\"aw__sc-1qwuw0s-0 aw__sc-ngllmo-0 epAWpq fzYpjk yle__article__paragraph\">Uuden palvelun tarvetta perustellaan sill\u00e4, ett\u00e4 nykyinen j\u00e4rjestelm\u00e4 tunnistaa pitk\u00e4aikaisty\u00f6tt\u00f6mien ty\u00f6kyvytt\u00f6myyden liian hitaasti ja ep\u00e4j\u00e4rjestelm\u00e4llisesti.<\/p>\n<p class=\"aw__sc-1qwuw0s-0 aw__sc-ngllmo-0 epAWpq fzYpjk yle__article__paragraph\">Terveyden ja hyvinvoinnin laitoksen (THL) johtava tutkija <strong class=\"aw__sc-ngllmo-2 gdRrun yle__article__strong\">Minna Kivipelto<\/strong> on samaa mielt\u00e4.<\/p>\n<p class=\"aw__sc-1qwuw0s-0 aw__sc-ngllmo-0 epAWpq fzYpjk yle__article__paragraph\">\u2013 Nykysysteemi on todella tehoton.<\/p>\n<p class=\"aw__sc-1qwuw0s-0 aw__sc-ngllmo-0 epAWpq fzYpjk yle__article__paragraph\">T\u00e4ll\u00e4 hetkell\u00e4 ty\u00f6kyvyn arviointi on hyvinvointialueiden vastuulla. Kivipelto ihmettelee, miksi ne eiv\u00e4t ole tarttuneet voimakkaammin ty\u00f6kyvyn arviointiin.<\/p>\n<p class=\"aw__sc-1qwuw0s-0 aw__sc-ngllmo-0 epAWpq fzYpjk yle__article__paragraph\">H\u00e4n arvioi, ett\u00e4 ty\u00f6tt\u00f6myyden hoidon ty\u00f6njako ei ole v\u00e4ltt\u00e4m\u00e4tt\u00e4 selv\u00e4 ty\u00f6llisyysalueiden ja hyvinvointialueiden v\u00e4lill\u00e4.<\/p>\n<p class=\"aw__sc-1qwuw0s-0 aw__sc-ngllmo-0 epAWpq fzYpjk yle__article__paragraph\">Kivipelto uskoo, ett\u00e4 ty\u00f6tt\u00f6myydest\u00e4 kunnille koituvat sakkomaksut kannustavat ty\u00f6llisyysalueita etsim\u00e4\u00e4n ty\u00f6kyvytt\u00f6mi\u00e4.<\/p>\n<p class=\"aw__sc-1qwuw0s-0 aw__sc-ngllmo-0 epAWpq fzYpjk yle__article__paragraph\">\u2013 Onko sitten niin, ett\u00e4 hyvinvointialueilla ei ole tarpeeksi kannusteita? Onhan siell\u00e4 koko ajan leikattu henkil\u00f6st\u00f6\u00e4 ja rahat ovat v\u00e4hiss\u00e4.<\/p>\n<p><img decoding=\"async\" alt=\"Minna Kivipelto seisoo loisteputkivalojen edess\u00e4.\" src=\"https:\/\/www.europesays.com\/fi\/wp-content\/uploads\/2026\/08\/1721980822.jpeg\" loading=\"lazy\" class=\"aw__sc-dklauk-0 LPzKX\"\/><\/p>\n<p>Avaa kuvien katselu<\/p>\n<p>Minna Kivipellon mukaan ty\u00f6tt\u00f6mien ty\u00f6kyvyn arviointi vaatisi sosiaality\u00f6n, terveydenhuollon, ty\u00f6llisyyspalvelujen ja Kelan vahvempaa yhteisty\u00f6t\u00e4. Arkistokuva. Kuva: Antti Haanp\u00e4\u00e4 \/ Yle<\/p>\n<p class=\"aw__sc-1qwuw0s-0 aw__sc-ngllmo-0 epAWpq fzYpjk yle__article__paragraph\">T\u00e4ll\u00e4 hetkell\u00e4 noin kolmasosalla ty\u00f6tt\u00f6mist\u00e4 ei ole ty\u00f6nhakuvelvoitetta. Kivipellon mukaan iso osa heist\u00e4 on tosiasiallisesti ty\u00f6kyvytt\u00f6mi\u00e4.<\/p>\n<p class=\"aw__sc-1qwuw0s-0 aw__sc-ngllmo-0 epAWpq fzYpjk yle__article__paragraph\">\u2013 On harmillista, ett\u00e4 meill\u00e4 on tilanne p\u00e4\u00e4stetty t\u00e4h\u00e4n jamaan. Tietenkin n\u00e4iden henkil\u00f6iden m\u00e4\u00e4r\u00e4 on noussut suurty\u00f6tt\u00f6myyden aikana.<\/p>\n<p class=\"aw__sc-1qwuw0s-0 aw__sc-ngllmo-0 epAWpq fzYpjk yle__article__paragraph\">Kivipelto kiitt\u00e4\u00e4 Tampereen mallia siit\u00e4, ett\u00e4 mukana on l\u00e4\u00e4ketieteellisen arvion lis\u00e4ksi ty\u00f6kyvyn toiminnallinen arviointi oikeassa ty\u00f6ymp\u00e4rist\u00f6ss\u00e4.<\/p>\n<p class=\"aw__sc-1qwuw0s-0 aw__sc-ngllmo-0 epAWpq fzYpjk yle__article__paragraph\">H\u00e4nen mukaansa pelk\u00e4n l\u00e4\u00e4k\u00e4rin diagnoosin pohjalta ei saada esiin p\u00e4iv\u00e4kohtaista vaihtelua ty\u00f6kyvyss\u00e4.<\/p>\n<p>Tampereelle pysyv\u00e4 palvelu<\/p>\n<p class=\"aw__sc-1qwuw0s-0 aw__sc-ngllmo-0 epAWpq fzYpjk yle__article__paragraph\">Tampere on ottanut uuteen palveluunsa mallia Pohjois-Karjalan Topakka-hankkeesta, jossa selvitettiin ty\u00f6tt\u00f6mien ty\u00f6kyky\u00e4.<\/p>\n<p class=\"aw__sc-1qwuw0s-0 aw__sc-ngllmo-0 epAWpq fzYpjk yle__article__paragraph\">Vuosina 2019\u20132023 hankkeen reilusta 800 asiakkaasta 60 prosenttia p\u00e4\u00e4si siirtym\u00e4\u00e4n ty\u00f6tt\u00f6myysetuudelta muulle etuudelle eli sairausp\u00e4iv\u00e4rahalle, kuntoutustuelle tai ty\u00f6kyvytt\u00f6myysel\u00e4kkeelle.<\/p>\n<p class=\"aw__sc-1qwuw0s-0 aw__sc-ngllmo-0 epAWpq fzYpjk yle__article__paragraph\">Ongelmaan on her\u00e4tty my\u00f6s muualla. Esimerkiksi <a class=\"aw__sc-ngllmo-1 bTDnwX yle__article__link\" href=\"https:\/\/yle.fi\/a\/74-20200355\" role=\"link\" rel=\"nofollow noopener\" target=\"_blank\">Lahdessa alkoi <\/a>t\u00e4n\u00e4 vuonna kokeilu, jossa ty\u00f6kyvyn rajamailla h\u00e4ilyville asiakkaille ostetaan ty\u00f6- ja toimintakyvyn arvioita terveyspalveluyritys Mehil\u00e4iselt\u00e4.<\/p>\n<p class=\"aw__sc-1qwuw0s-0 aw__sc-ngllmo-0 epAWpq fzYpjk yle__article__paragraph\">Tampereella arviointipalvelusta on tarkoitus tulla pysyv\u00e4. Pormestari <strong class=\"aw__sc-ngllmo-2 gdRrun yle__article__strong\">Ilmari Nurminen<\/strong> (sd.) <a class=\"aw__sc-ngllmo-1 bTDnwX yle__article__link\" href=\"https:\/\/yle.fi\/a\/74-20226845\" role=\"link\" rel=\"nofollow noopener\" target=\"_blank\">on toivonut<\/a>, ett\u00e4 uusi malli voisi auttaa my\u00f6s muita kuntia.<\/p>\n<p>Niukat resurssit ja paljon asiakkaita<\/p>\n<p class=\"aw__sc-1qwuw0s-0 aw__sc-ngllmo-0 epAWpq fzYpjk yle__article__paragraph\">L\u00e4\u00e4ketieteellisen ja toiminnallisen ty\u00f6kyvyn arvioinnin hankinnat ovat parhaillaan valmistelussa Tampereella.<\/p>\n<p class=\"aw__sc-1qwuw0s-0 aw__sc-ngllmo-0 epAWpq fzYpjk yle__article__paragraph\">Ty\u00f6llisyyspalveluiden palvelujohtaja <strong class=\"aw__sc-ngllmo-2 gdRrun yle__article__strong\">Lotta Lammin<\/strong> mukaan yhteisty\u00f6 Pirkanmaan hyvinvointialueen kanssa jatkuu ty\u00f6kyvyn arvioimisessa, ja uusi palvelu t\u00e4ydent\u00e4\u00e4 palvelukokonaisuutta.<\/p>\n<p class=\"aw__sc-1qwuw0s-0 aw__sc-ngllmo-0 epAWpq fzYpjk yle__article__paragraph\">\u2013 Kyse ei ole siit\u00e4, ett\u00e4 Pirhan palvelut eiv\u00e4t toimisi. Kyse on siit\u00e4, ett\u00e4 asiakasm\u00e4\u00e4r\u00e4 on suuri ja resurssit ovat niukat, kertoo palvelujohtaja Lotta Lammi Tampereen ty\u00f6llisyyspalveluista.<\/p>\n<p class=\"aw__sc-1qwuw0s-0 aw__sc-ngllmo-0 epAWpq fzYpjk yle__article__paragraph\">Lammin mukaan my\u00f6s ty\u00f6llisyysalueen muut kunnat ovat hankkimassa l\u00e4\u00e4ketieteellist\u00e4 ty\u00f6kyvyn arviointia kaupalliselta toimijalta.<\/p>\n<p class=\"aw__sc-1qwuw0s-0 aw__sc-ngllmo-0 epAWpq fzYpjk yle__article__paragraph\">Koko Tampereen ty\u00f6llisyyspaketti on tarkoitus saada toimimaan ensi vuoden alusta l\u00e4htien. T\u00e4lle vuodelle ty\u00f6llisyyspakettiin on my\u00f6nnetty puolen miljoonan euron lis\u00e4raha, josta 140\u00a0000 euroa menee ty\u00f6- ja toimintakyvyn arviointiin.<\/p>\n","protected":false},"excerpt":{"rendered":"Tampere k\u00e4ynnist\u00e4\u00e4 lokakuussa palvelun, jolla etsit\u00e4\u00e4n ty\u00f6kyvytt\u00f6mi\u00e4 pitk\u00e4aikaisty\u00f6tt\u00f6mist\u00e4 ja ohjataan heid\u00e4t oikealle etuudelle. Tampere maksaa l\u00e4hes 50 miljoonaa&hellip;\n","protected":false},"author":2,"featured_media":323402,"comment_status":"","ping_status":"","sticky":false,"template":"","format":"standard","meta":{"footnotes":"","_share_on_mastodon":"0"},"categories":[12],"tags":[22,23,26,27,33,31,30,17,71,24,25,28,29,15,18,21,553,11490,32,551,19,20,16066,862,30145,1955,16],"class_list":["post-323401","post","type-post","status-publish","format-standard","has-post-thumbnail","category-suomi","tag-breaking-news","tag-breakingnews","tag-featured-news","tag-featurednews","tag-fi","tag-finland","tag-finnish","tag-headlines","tag-kotimaa","tag-latest-news","tag-latestnews","tag-main-news","tag-mainnews","tag-news","tag-otsikot","tag-paauutiset","tag-pirkanmaa","tag-pitkaaikaistyottomyys","tag-suomi","tag-tampere","tag-top-stories","tag-topstories","tag-tyokyky","tag-tyollisyys","tag-tyollisyysalueet","tag-tyottomyys","tag-uutiset"],"share_on_mastodon":{"url":"https:\/\/pubeurope.com\/@fi\/117086285810465584","error":""},"_links":{"self":[{"href":"https:\/\/www.europesays.com\/fi\/wp-json\/wp\/v2\/posts\/323401","targetHints":{"allow":["GET"]}}],"collection":[{"href":"https:\/\/www.europesays.com\/fi\/wp-json\/wp\/v2\/posts"}],"about":[{"href":"https:\/\/www.europesays.com\/fi\/wp-json\/wp\/v2\/types\/post"}],"author":[{"embeddable":true,"href":"https:\/\/www.europesays.com\/fi\/wp-json\/wp\/v2\/users\/2"}],"replies":[{"embeddable":true,"href":"https:\/\/www.europesays.com\/fi\/wp-json\/wp\/v2\/comments?post=323401"}],"version-history":[{"count":0,"href":"https:\/\/www.europesays.com\/fi\/wp-json\/wp\/v2\/posts\/323401\/revisions"}],"wp:featuredmedia":[{"embeddable":true,"href":"https:\/\/www.europesays.com\/fi\/wp-json\/wp\/v2\/media\/323402"}],"wp:attachment":[{"href":"https:\/\/www.europesays.com\/fi\/wp-json\/wp\/v2\/media?parent=323401"}],"wp:term":[{"taxonomy":"category","embeddable":true,"href":"https:\/\/www.europesays.com\/fi\/wp-json\/wp\/v2\/categories?post=323401"},{"taxonomy":"post_tag","embeddable":true,"href":"https:\/\/www.europesays.com\/fi\/wp-json\/wp\/v2\/tags?post=323401"}],"curies":[{"name":"wp","href":"https:\/\/api.w.org\/{rel}","templated":true}]}}