{"id":323563,"date":"2026-08-13T08:50:15","date_gmt":"2026-08-13T08:50:15","guid":{"rendered":"https:\/\/www.europesays.com\/fi\/323563\/"},"modified":"2026-08-13T08:50:15","modified_gmt":"2026-08-13T08:50:15","slug":"karhunmetsastys-alkaa-ensi-viikolla-vuosien-tauon-jalkeen-hallinto-oikeus-hylkasi-vaaditun-ruhojen-kayttokiellon-pohjois-karjala","status":"publish","type":"post","link":"https:\/\/www.europesays.com\/fi\/323563\/","title":{"rendered":"Karhunmets\u00e4stys alkaa ensi viikolla vuosien tauon j\u00e4lkeen \u2013 hallinto-oikeus hylk\u00e4si vaaditun ruhojen k\u00e4ytt\u00f6kiellon | Pohjois-Karjala"},"content":{"rendered":"<p class=\"aw__sc-1qwuw0s-0 aw__sc-1vg2sqm-0 epAWpq ecELkD yle__article__paragraph\">Poronhoitoalueen ulkopuolella saa kaataa yhteens\u00e4 182 karhua. Mets\u00e4st\u00e4jien mielest\u00e4 \u201dj\u00e4rki voitti\u201d.<\/p>\n<p><img decoding=\"async\" alt=\"Harmaa norjanhirvikoira Oskari seisoo tien reunalla omistajansa takana aamuy\u00f6n h\u00e4m\u00e4r\u00e4ss\u00e4.\" src=\"https:\/\/www.europesays.com\/fi\/wp-content\/uploads\/2026\/08\/1724145442.jpeg\" class=\"aw__sc-dklauk-0 LPzKX\"\/><\/p>\n<p>Avaa kuvien katselu<\/p>\n<p>Karhunmets\u00e4styksess\u00e4 k\u00e4ytet\u00e4\u00e4n teht\u00e4v\u00e4\u00e4n koulutettuja koiria. Kuva on otettu poronhoitoalueella Suomussalmella vuonna 2024. Kuva: Timo Sihvonen \/ Yle<\/p>\n<p>10:54\u2022P\u00e4ivitetty 11:49<\/p>\n<p class=\"aw__sc-1qwuw0s-0 aw__sc-ngllmo-0 epAWpq fzYpjk yle__article__paragraph\">Karhunmets\u00e4stys alkaa ensi viikon torstaina etel\u00e4isess\u00e4 Suomessa l\u00e4hes kolmen vuoden tauon j\u00e4lkeen. Asia vahvistui, kun It\u00e4-Suomen hallinto-oikeus hylk\u00e4si poikkeusluvista tehdyss\u00e4 valituksessa vaaditun t\u00e4yt\u00e4nt\u00f6\u00f6npanokiellon.<\/p>\n<p class=\"aw__sc-1qwuw0s-0 aw__sc-ngllmo-0 epAWpq fzYpjk yle__article__paragraph\">Hallinto-oikeus otti karhumets\u00e4stykseen kantaa, sill\u00e4 hein\u00e4kuussa my\u00f6nnetyist\u00e4 karhuluvista oli valitettu.<\/p>\n<p class=\"aw__sc-1qwuw0s-0 aw__sc-ngllmo-0 epAWpq fzYpjk yle__article__paragraph\">Luonnonsuojeluliitto Tapiola Karelia oli valittanut Lieksaan my\u00f6nnetyist\u00e4 24 kaatoluvasta. Valituksessa vaadittiin lupien perumista tai ainakin kaadettujen karhujen ruhojen k\u00e4ytt\u00f6kieltoa. Valituksessa vaadittiin my\u00f6s t\u00e4yt\u00e4nt\u00f6\u00f6npanokieltoa karhun ruhojen k\u00e4yt\u00f6lle.<\/p>\n<p class=\"aw__sc-1qwuw0s-0 aw__sc-ngllmo-0 epAWpq fzYpjk yle__article__paragraph\">Hallinto-oikeuden mukaan t\u00e4yt\u00e4nt\u00f6\u00f6npanokiellolle ei ole perusteita. Se antaa p\u00e4\u00e4t\u00f6ksen asiasta aikaisintaan loppuvuodesta.<\/p>\n<p class=\"aw__sc-1qwuw0s-0 aw__sc-ngllmo-0 epAWpq fzYpjk yle__article__paragraph\">Karhunmets\u00e4stys alkaa 20. elokuuta ja jatkuu lokakuun loppuun.<\/p>\n<p>Mets\u00e4st\u00e4j\u00e4t tyytyv\u00e4isi\u00e4<\/p>\n<p class=\"aw__sc-1qwuw0s-0 aw__sc-ngllmo-0 epAWpq fzYpjk yle__article__paragraph\">Mets\u00e4st\u00e4jien keskuudessa uutinen jahdin alkamisesta on otettu iloiten vastaan. Lieksan Er\u00e4n varapuheenjohtaja <strong class=\"aw__sc-ngllmo-2 gdRrun yle__article__strong\">Klaus Oinonen<\/strong> kuvailee p\u00e4\u00e4st\u00f6st\u00e4 \u201dj\u00e4rjen voitoksi\u201d.<\/p>\n<p class=\"aw__sc-1qwuw0s-0 aw__sc-ngllmo-0 epAWpq fzYpjk yle__article__paragraph\">\u2013 Nyt toivotaan, ett\u00e4 jahti saa sujua ilman ulkoisia h\u00e4iri\u00f6it\u00e4. Luotan, ett\u00e4 n\u00e4in my\u00f6s k\u00e4y, Oinonen sanoo.<\/p>\n<p class=\"aw__sc-1qwuw0s-0 aw__sc-ngllmo-0 epAWpq fzYpjk yle__article__paragraph\">Oinosen mielest\u00e4 mets\u00e4st\u00e4j\u00e4t ovat leimautuneet suurpetokeskustelussa kylm\u00e4verisiksi el\u00e4inten tappajiksi. H\u00e4n toivoo, ett\u00e4 n\u00e4kemys muuttuisi ja ymm\u00e4rrys mets\u00e4styksest\u00e4 harrastuksena lis\u00e4\u00e4ntyisi.<\/p>\n<p class=\"aw__sc-1qwuw0s-0 aw__sc-ngllmo-0 epAWpq fzYpjk yle__article__paragraph\">\u2013 Jos mets\u00e4stys olisi nyt sallittu niin, ett\u00e4 karhujen ruhot olisi pit\u00e4nyt j\u00e4tt\u00e4\u00e4 mets\u00e4\u00e4n, en olisi itse osallistunut siihen. Se ei olisi ollut riistan ja el\u00e4imen kunnioittamista, OInonen toteaa.<\/p>\n<p class=\"aw__sc-1qwuw0s-0 aw__sc-ngllmo-0 epAWpq fzYpjk yle__article__paragraph\">Oinosen mukaan karhujahti Lieksassa alkaa heti torstain vastaisena y\u00f6n\u00e4 20. elokuuta. Ensimm\u00e4iset kaadot h\u00e4n uskoo tehdyn jo aamutuimaan.<\/p>\n<p class=\"aw__sc-1qwuw0s-0 aw__sc-ngllmo-0 epAWpq fzYpjk yle__article__paragraph\">Kaatoluvista valittanut Luonnonsuojeluliitto Tapiola ilmoitti Ylelle keskiviikkona, ettei se kommentoi tekem\u00e4\u00e4ns\u00e4 valitusta.<\/p>\n<p>Pohjois-Karjalassa saa kaataa 118 karhua<\/p>\n<p class=\"aw__sc-1qwuw0s-0 aw__sc-ngllmo-0 epAWpq fzYpjk yle__article__paragraph\">Suomen riistakeskus my\u00f6nsi hein\u00e4kuussa poikkeusluvat <a class=\"aw__sc-ngllmo-1 bTDnwX yle__article__link\" href=\"https:\/\/yle.fi\/a\/74-20235811\" role=\"link\" rel=\"nofollow noopener\" target=\"_blank\">yhteens\u00e4 182 karhun mets\u00e4stykseen<\/a>. Suurin osa luvista my\u00f6nnettiin Pohjois-Karjalaan, jossa saa syksyll\u00e4 kaataa 118 karhua.<\/p>\n<p class=\"aw__sc-1qwuw0s-0 aw__sc-ngllmo-0 epAWpq fzYpjk yle__article__paragraph\">Kaakkois-Suomessa saa kaataa 24 karhua. Etel\u00e4-Savossa saa kaataa 14, Kainuussa 9 ja Pohjois-Savossa 8 karhua. Keski-Suomessa saa mets\u00e4st\u00e4\u00e4 9 karhua.<\/p>\n<p class=\"aw__sc-1qwuw0s-0 aw__sc-ngllmo-0 epAWpq fzYpjk yle__article__paragraph\">Karhuja ei ole mets\u00e4stetty Suomessa poronhoitoalueen ulkopuolella vuoden 2023 j\u00e4lkeen, koska poikkeusluvista on valitettu joka vuosi ja oikeus on m\u00e4\u00e4r\u00e4nnyt luvat t\u00e4yt\u00e4nt\u00f6\u00f6npanokieltoon.<\/p>\n<p class=\"aw__sc-1qwuw0s-0 aw__sc-ngllmo-0 epAWpq fzYpjk yle__article__paragraph\">Korkein hallinto-oikeus totesi kes\u00e4kuussa, ett\u00e4 viime vuonna my\u00f6nnetyt poikkeusluvat Joensuun ja Enon riistanhoitoalueilla <a class=\"aw__sc-ngllmo-1 bTDnwX yle__article__link\" href=\"https:\/\/yle.fi\/a\/74-20229079\" role=\"link\" rel=\"nofollow noopener\" target=\"_blank\">olivat lain mukaisia<\/a>.<\/p>\n","protected":false},"excerpt":{"rendered":"Poronhoitoalueen ulkopuolella saa kaataa yhteens\u00e4 182 karhua. Mets\u00e4st\u00e4jien mielest\u00e4 \u201dj\u00e4rki voitti\u201d. Avaa kuvien katselu Karhunmets\u00e4styksess\u00e4 k\u00e4ytet\u00e4\u00e4n teht\u00e4v\u00e4\u00e4n koulutettuja&hellip;\n","protected":false},"author":2,"featured_media":323564,"comment_status":"","ping_status":"","sticky":false,"template":"","format":"standard","meta":{"footnotes":"","_share_on_mastodon":"0"},"categories":[117],"tags":[33,31,30,2949,5188,882,2937,71,72,476,1137,1136,118,2938,32,119,477],"class_list":["post-323563","post","type-post","status-publish","format-standard","has-post-thumbnail","category-luonto","tag-fi","tag-finland","tag-finnish","tag-hallinto-oikeus","tag-ita-suomi","tag-karhu","tag-karhunmetsastys","tag-kotimaa","tag-luonto","tag-nature","tag-pohjois-karjala","tag-pohjois-savo","tag-science","tag-suomen-riistakeskus","tag-suomi","tag-tiede","tag-wildlife"],"share_on_mastodon":{"url":"","error":""},"_links":{"self":[{"href":"https:\/\/www.europesays.com\/fi\/wp-json\/wp\/v2\/posts\/323563","targetHints":{"allow":["GET"]}}],"collection":[{"href":"https:\/\/www.europesays.com\/fi\/wp-json\/wp\/v2\/posts"}],"about":[{"href":"https:\/\/www.europesays.com\/fi\/wp-json\/wp\/v2\/types\/post"}],"author":[{"embeddable":true,"href":"https:\/\/www.europesays.com\/fi\/wp-json\/wp\/v2\/users\/2"}],"replies":[{"embeddable":true,"href":"https:\/\/www.europesays.com\/fi\/wp-json\/wp\/v2\/comments?post=323563"}],"version-history":[{"count":0,"href":"https:\/\/www.europesays.com\/fi\/wp-json\/wp\/v2\/posts\/323563\/revisions"}],"wp:featuredmedia":[{"embeddable":true,"href":"https:\/\/www.europesays.com\/fi\/wp-json\/wp\/v2\/media\/323564"}],"wp:attachment":[{"href":"https:\/\/www.europesays.com\/fi\/wp-json\/wp\/v2\/media?parent=323563"}],"wp:term":[{"taxonomy":"category","embeddable":true,"href":"https:\/\/www.europesays.com\/fi\/wp-json\/wp\/v2\/categories?post=323563"},{"taxonomy":"post_tag","embeddable":true,"href":"https:\/\/www.europesays.com\/fi\/wp-json\/wp\/v2\/tags?post=323563"}],"curies":[{"name":"wp","href":"https:\/\/api.w.org\/{rel}","templated":true}]}}