{"id":323651,"date":"2026-08-13T11:29:11","date_gmt":"2026-08-13T11:29:11","guid":{"rendered":"https:\/\/www.europesays.com\/fi\/323651\/"},"modified":"2026-08-13T11:29:11","modified_gmt":"2026-08-13T11:29:11","slug":"sdp-ehdottaa-jengirikollisuuden-rangaistusten-kaksinkertaistamista-ja-tiukempia-vaatimuksia-maahanmuuttajille-politiikka","status":"publish","type":"post","link":"https:\/\/www.europesays.com\/fi\/323651\/","title":{"rendered":"SDP ehdottaa jengi\u00adrikollisuuden rangaistusten kaksin\u00adkertaistamista ja tiukempia vaatimuksia maahan\u00admuuttajille | Politiikka"},"content":{"rendered":"<p class=\"aw__sc-1qwuw0s-0 aw__sc-1vg2sqm-0 epAWpq ecELkD yle__article__paragraph\">SDP esitteli toimenpide\u00adpaketin nuorten turvallisuuden lis\u00e4\u00e4miseksi. Puolueen mukaan esimerkiksi jotkut peruskoulujen muutoksista ovat menneet liian pitk\u00e4lle.<\/p>\n<p>\u201dKovemmat rangaistukset toimivat pid\u00e4kkeen\u00e4\u201d, perustelee SDP:n ryhm\u00e4njohtaja Tytti Tuppurainen.<\/p>\n<p>11:00\u2022P\u00e4ivitetty 13:54<\/p>\n<p class=\"aw__sc-1qwuw0s-0 aw__sc-ngllmo-0 epAWpq fzYpjk yle__article__paragraph\">SDP ehdottaa katujengirikollisuuden kitkemiseksi kovia keinoja Kouvolan kes\u00e4kokouksessa.<\/p>\n<p class=\"aw__sc-1qwuw0s-0 aw__sc-ngllmo-0 epAWpq fzYpjk yle__article__paragraph\">Puolue julkaisi torstaina listan toimista nuorten turvallisen arjen parantamiseksi.<\/p>\n<p class=\"aw__sc-1qwuw0s-0 aw__sc-ngllmo-0 epAWpq fzYpjk yle__article__paragraph\">SDP haluaa muun muassa arvioida ankaroitettua rangaistuksen koventamisperustetta, joka kaksinkertaistaisi rangaistusasteikon tietyiss\u00e4 tapauksissa.<\/p>\n<p class=\"aw__sc-1qwuw0s-0 aw__sc-ngllmo-0 epAWpq fzYpjk yle__article__paragraph\">\u2013 Ruotsista on hyvin selv\u00e4sti meille sanottu, ett\u00e4 tehk\u00e4\u00e4 kaikki mink\u00e4 voitte, ettei tilanne p\u00e4\u00e4se yht\u00e4 pahaksi kuin se meill\u00e4 on, perustelee puoluesihteeri <strong class=\"aw__sc-ngllmo-2 gdRrun yle__article__strong\">Mikkel N\u00e4kk\u00e4l\u00e4j\u00e4rvi<\/strong>.<\/p>\n<p class=\"aw__sc-1qwuw0s-0 aw__sc-ngllmo-0 epAWpq fzYpjk yle__article__paragraph\">Kovennuksia voitaisiin kohdistaa esimerkiksi j\u00e4rjest\u00e4ytyneen rikollisryhm\u00e4n osana tehtyihin rikoksiin, alaik\u00e4isen yllytt\u00e4miseen vakavaan rikokseen sek\u00e4 toistuvaan vakavaan v\u00e4kivalta- tai seksuaalirikollisuuteen.<\/p>\n<p class=\"aw__sc-1qwuw0s-0 aw__sc-ngllmo-0 epAWpq fzYpjk yle__article__paragraph\">SDP on ottanut toimenpiteiss\u00e4 mallia Tanskasta, jossa jengirikollisuutta on onnistuttu kitkem\u00e4\u00e4n kovia ja pehmeit\u00e4 politiikkakeinoja yhdist\u00e4m\u00e4ll\u00e4.<\/p>\n<p class=\"aw__sc-1qwuw0s-0 aw__sc-ngllmo-0 epAWpq fzYpjk yle__article__paragraph\">T\u00e4rkeimp\u00e4n\u00e4 SDP korostaa kuitenkin edelleen alueiden eriytymisen torjuntaa ja ennaltaehk\u00e4isevi\u00e4 palveluita.<\/p>\n<p>Suomeen muuttavien sitouduttava suomalaisiin arvoihin<\/p>\n<p class=\"aw__sc-1qwuw0s-0 aw__sc-ngllmo-0 epAWpq fzYpjk yle__article__paragraph\">Kotoutumista ja segregaatiota koskevissa esityksiss\u00e4 demarit esitt\u00e4v\u00e4t vaatimusten tiukentamista maahanmuuttajille.<\/p>\n<p class=\"aw__sc-1qwuw0s-0 aw__sc-ngllmo-0 epAWpq fzYpjk yle__article__paragraph\">Esityksess\u00e4 todetaan, ett\u00e4 toisen polven maahanmuuttajanuorten tulevaisuudenn\u00e4kym\u00e4t riippuvat siit\u00e4, onko vanhemmilla antaa riitt\u00e4v\u00e4t ev\u00e4\u00e4t suomalaisessa yhteiskunnassa toimimiseen.<\/p>\n<p class=\"aw__sc-1qwuw0s-0 aw__sc-ngllmo-0 epAWpq fzYpjk yle__article__paragraph\">SDP:n ohjelmapaperin mukaan kotoutuminen ei ole kaikilta osin Suomessa toteutunut tavoitteiden mukaisesti. Eri kulttuureissa el\u00e4vien rinnakkaisyhteiskuntien syntymist\u00e4 on SDP:n mukaan torjuttava kaikin keinoin.<\/p>\n<p class=\"aw__sc-1qwuw0s-0 aw__sc-ngllmo-0 epAWpq fzYpjk yle__article__paragraph\">SDP linjaa, ett\u00e4 maahanmuuttajien tulee sitoutua \u201dsuomalaisen yhteiskunnan keskeisiin arvoihin ja toimintatapoihin\u201d sek\u00e4 hyl\u00e4t\u00e4 \u201dsellaiset l\u00e4ht\u00f6maansa tavat, jotka eiv\u00e4t ole n\u00e4iden kanssa yhteensopivia\u201d.<\/p>\n<p class=\"aw__sc-1qwuw0s-0 aw__sc-ngllmo-0 epAWpq fzYpjk yle__article__paragraph\">\u2013 Demokratia, kansanvalta, tasa-arvo, oikeusvaltio. Ne ovat niit\u00e4 arvoja, joista me pid\u00e4mme kiinni ja l\u00e4hdemme siit\u00e4, ett\u00e4 kaikkien t\u00e4\u00e4ll\u00e4 el\u00e4vien t\u00e4ytyy niit\u00e4 noudattaa, sanoo puolueen varapuheenjohtaja <strong class=\"aw__sc-ngllmo-2 gdRrun yle__article__strong\">Tytti Tuppurainen<\/strong>.<\/p>\n<p class=\"aw__sc-1qwuw0s-0 aw__sc-ngllmo-0 epAWpq fzYpjk yle__article__paragraph\">Lis\u00e4ksi SDP:n mukaan Suomeen muuttavilta on lupa odottaa Suomen kielen oppimista. SDP arvioisi mahdollisuutta sitoa maahanmuuttajien sosiaaliturvaa kielen opiskeluun ja alkaa rajoittaa maksuttomien tulkkauspalveluiden saatavuutta tietyn maassaoloajan j\u00e4lkeen.<\/p>\n<p>Tuppurainen: Emme l\u00e4hesty perussuomalaisia<\/p>\n<p class=\"aw__sc-1qwuw0s-0 aw__sc-ngllmo-0 epAWpq fzYpjk yle__article__paragraph\">Tuppurainen kielt\u00e4\u00e4, ett\u00e4 puolue olisi ottamassa askeleita perussuomalaisten linjan suuntaan.<\/p>\n<p class=\"aw__sc-1qwuw0s-0 aw__sc-ngllmo-0 epAWpq fzYpjk yle__article__paragraph\">\u2013 Emme rakenna t\u00e4t\u00e4 mill\u00e4\u00e4n aatteellisella kulmalla, vaan teemme t\u00e4t\u00e4 nuorten hyvinvointi edell\u00e4, Tuppurainen sanoo.<\/p>\n<p class=\"aw__sc-1qwuw0s-0 aw__sc-ngllmo-0 epAWpq fzYpjk yle__article__paragraph\">\u2013 Emme hyv\u00e4ksy mink\u00e4\u00e4nlaista diskriminaatiota, syrjint\u00e4\u00e4 tai maahanmuutolla pelottelua.<\/p>\n<p>Peruskoulussa voitava ottaa \u201daskeleita taaksep\u00e4in\u201d<\/p>\n<p class=\"aw__sc-1qwuw0s-0 aw__sc-ngllmo-0 epAWpq fzYpjk yle__article__paragraph\">SDP:n mukaan jotkut peruskoulujen muutoksista ovat menneet liian pitk\u00e4lle.<\/p>\n<p class=\"aw__sc-1qwuw0s-0 aw__sc-ngllmo-0 epAWpq fzYpjk yle__article__paragraph\">\u2013 Pit\u00e4\u00e4 olla valmiutta palata my\u00f6s joitain askeleita takaisinp\u00e4in kohti toimivaksi todistettuja perusteita, joissa korostuvat selke\u00e4t ja vakaat rakenteet, rauhallinen ymp\u00e4rist\u00f6, s\u00e4\u00e4nn\u00f6t ja turvallinen aikuiskontakti, ohjelmapaperissa todetaan.<\/p>\n<p class=\"aw__sc-1qwuw0s-0 aw__sc-ngllmo-0 epAWpq fzYpjk yle__article__paragraph\">Inkluusiosta pit\u00e4\u00e4 SDP:n mukaan olla valmius palata eriytettyihin oppimisymp\u00e4rist\u00f6ihin silloin, kun se palvelee lapsen itsens\u00e4 oppimista tai oppimisymp\u00e4rist\u00f6n pit\u00e4mist\u00e4 rauhallisena. Inkluusiolla tarkoitetaan ajatusta kaikenlaisten oppilaiden opettamisesta samassa luokassa.<\/p>\n<p class=\"aw__sc-1qwuw0s-0 aw__sc-ngllmo-0 epAWpq fzYpjk yle__article__paragraph\">Demarit vaativat my\u00f6s koulutuksen j\u00e4rjest\u00e4j\u00e4n velvotteiden tiukentamista kiusaamisen est\u00e4miseksi sek\u00e4 esimerkiksi avotilojen k\u00e4yt\u00f6n v\u00e4hent\u00e4mist\u00e4 kouluissa.<\/p>\n<p class=\"aw__sc-1qwuw0s-0 aw__sc-ngllmo-0 epAWpq fzYpjk yle__article__paragraph\">Puolue my\u00f6s siirt\u00e4isi p\u00e4\u00e4t\u00f6svallan oppilaan osallistumisesta S2-opetukseen huoltajilta koululle. S2-oppim\u00e4\u00e4r\u00e4ll\u00e4 tarkoitetaan opetusta, jossa suomea tai ruotsia opiskellaan toisena kielen\u00e4.<\/p>\n<p class=\"aw__sc-1qwuw0s-0 aw__sc-ngllmo-0 epAWpq fzYpjk yle__article__paragraph\">\u2013 Kehitet\u00e4\u00e4n valtion rahoitusmallia siten, ett\u00e4 se kannustaa siirtymiin S2-opetuksesta S1-opetukseen, ohjelmapaperissa linjataan.<\/p>\n<p>N\u00e4it\u00e4 toimia SDP ehdottaa<\/p>\n<ul class=\"aw__sc-1yb43iq-0 gFXHv yle__article__list yle__article__list--ul\">\n<li class=\"aw__sc-1yb43iq-1 gVAzbt\">Rangaistusasteikon kaksinkertaistava koventamisperuste tietyiss\u00e4 tapauksissa liittyen jengirikollisuuteen<\/li>\n<li class=\"aw__sc-1yb43iq-1 gVAzbt\">AI-n\u00e4k\u00f6ispornon kriminalisointi<\/li>\n<li class=\"aw__sc-1yb43iq-1 gVAzbt\">EU:n yhteiset some-ik\u00e4rajat<\/li>\n<li class=\"aw__sc-1yb43iq-1 gVAzbt\">Yhteinen katsomusaine uskonnonopetuksen tilalle<\/li>\n<li class=\"aw__sc-1yb43iq-1 gVAzbt\">Ammatillisen koulutuksen ensimm\u00e4inen vuosi yleissivist\u00e4v\u00e4\u00e4 opetusta, kaksi seuraavaa vuotta omaa ammattialaa<\/li>\n<li class=\"aw__sc-1yb43iq-1 gVAzbt\">Koulun turvallisuustakuu: koulutuksen j\u00e4rjest\u00e4j\u00e4lle ty\u00f6turvallisuuslakia vastaava tiukka velvollisuus v\u00e4kivallan ja kiusaamisen poistamiseen<\/li>\n<li class=\"aw__sc-1yb43iq-1 gVAzbt\">Kotihoidontuen keston rajaaminen maahanmuuttajanaisten ty\u00f6llisyyden vuoksi<\/li>\n<li class=\"aw__sc-1yb43iq-1 gVAzbt\">Maahanmuuttajien sosiaaliturvan sitominen kielen opiskeluun<\/li>\n<li class=\"aw__sc-1yb43iq-1 gVAzbt\">Maahanmuuttajan ty\u00f6nantajalle vastuuta ty\u00f6ntekij\u00e4n kielen oppimisesta<\/li>\n<li class=\"aw__sc-1yb43iq-1 gVAzbt\">Mahdollisuus velvoittaa maahanmuuttajalapsia kohdennettuun varhaiskasvatukseen ennen esikoulun alkua, mik\u00e4li se on tarpeen kielen oppimiseksi<\/li>\n<li class=\"aw__sc-1yb43iq-1 gVAzbt\">Rajoitetaan maksuttomien tulkkauspalveluiden saatavuutta tietyn maassaoloajan j\u00e4lkeen<\/li>\n<\/ul>\n","protected":false},"excerpt":{"rendered":"SDP esitteli toimenpide\u00adpaketin nuorten turvallisuuden lis\u00e4\u00e4miseksi. Puolueen mukaan esimerkiksi jotkut peruskoulujen muutoksista ovat menneet liian pitk\u00e4lle. \u201dKovemmat rangaistukset&hellip;\n","protected":false},"author":2,"featured_media":323652,"comment_status":"","ping_status":"","sticky":false,"template":"","format":"standard","meta":{"footnotes":"","_share_on_mastodon":"0"},"categories":[5],"tags":[22,23,26,27,33,31,30,17,2236,615,757,24,25,8115,28,29,15,814,18,21,637,1556,32,19,20,16],"class_list":["post-323651","post","type-post","status-publish","format-standard","has-post-thumbnail","category-otsikot","tag-breaking-news","tag-breakingnews","tag-featured-news","tag-featurednews","tag-fi","tag-finland","tag-finnish","tag-headlines","tag-jarjestaytynyt-rikollisuus","tag-koulut","tag-koulutus-ja-kasvatus","tag-latest-news","tag-latestnews","tag-maahanmuuttajat","tag-main-news","tag-mainnews","tag-news","tag-nuoret","tag-otsikot","tag-paauutiset","tag-politiikka","tag-suomen-sosialidemokraattinen-puolue","tag-suomi","tag-top-stories","tag-topstories","tag-uutiset"],"share_on_mastodon":{"url":"https:\/\/pubeurope.com\/@fi\/117087971851433702","error":""},"_links":{"self":[{"href":"https:\/\/www.europesays.com\/fi\/wp-json\/wp\/v2\/posts\/323651","targetHints":{"allow":["GET"]}}],"collection":[{"href":"https:\/\/www.europesays.com\/fi\/wp-json\/wp\/v2\/posts"}],"about":[{"href":"https:\/\/www.europesays.com\/fi\/wp-json\/wp\/v2\/types\/post"}],"author":[{"embeddable":true,"href":"https:\/\/www.europesays.com\/fi\/wp-json\/wp\/v2\/users\/2"}],"replies":[{"embeddable":true,"href":"https:\/\/www.europesays.com\/fi\/wp-json\/wp\/v2\/comments?post=323651"}],"version-history":[{"count":0,"href":"https:\/\/www.europesays.com\/fi\/wp-json\/wp\/v2\/posts\/323651\/revisions"}],"wp:featuredmedia":[{"embeddable":true,"href":"https:\/\/www.europesays.com\/fi\/wp-json\/wp\/v2\/media\/323652"}],"wp:attachment":[{"href":"https:\/\/www.europesays.com\/fi\/wp-json\/wp\/v2\/media?parent=323651"}],"wp:term":[{"taxonomy":"category","embeddable":true,"href":"https:\/\/www.europesays.com\/fi\/wp-json\/wp\/v2\/categories?post=323651"},{"taxonomy":"post_tag","embeddable":true,"href":"https:\/\/www.europesays.com\/fi\/wp-json\/wp\/v2\/tags?post=323651"}],"curies":[{"name":"wp","href":"https:\/\/api.w.org\/{rel}","templated":true}]}}