{"id":323657,"date":"2026-08-13T11:49:08","date_gmt":"2026-08-13T11:49:08","guid":{"rendered":"https:\/\/www.europesays.com\/fi\/323657\/"},"modified":"2026-08-13T11:49:08","modified_gmt":"2026-08-13T11:49:08","slug":"korkkarit-kattoon-veti-vakea-fafengaan-satakunta","status":"publish","type":"post","link":"https:\/\/www.europesays.com\/fi\/323657\/","title":{"rendered":"Korkkarit Kattoon veti v\u00e4ke\u00e4 F\u00e5fengaan | Satakunta"},"content":{"rendered":"<p class=\"aw__sc-1qwuw0s-0 aw__sc-1vg2sqm-0 epAWpq ecELkD yle__article__paragraph\">Kaija Koon musiikkia sis\u00e4lt\u00e4v\u00e4 musiikki\u00adn\u00e4ytelm\u00e4 veti Rauman kes\u00e4teatteriin l\u00e4hes 17\u00a0000 ihmist\u00e4. Rauman teatterin koko kausi oli hyv\u00e4.<\/p>\n<p><img decoding=\"async\" alt=\"KOlme naista ja kaksi miest\u00e4 riviss\u00e4 Rauman kes\u00e4teatterin lavalla.\" src=\"https:\/\/www.europesays.com\/fi\/wp-content\/uploads\/2026\/08\/1786616193.jpeg\" class=\"aw__sc-dklauk-0 LPzKX\"\/><\/p>\n<p>Avaa kuvien katselu<\/p>\n<p>Kirsti Valve, Sanna Saarij\u00e4rvi, Annica Mil\u00e1n, Aleksi Aromaa ja Ilkka Merivaara n\u00e4ytteliv\u00e4t Korkkarit Kattoon -musiikkin\u00e4ytelm\u00e4ss\u00e4. Kuva: Henna Junnila\/Rauman teatteri<\/p>\n<p class=\"aw__sc-1qwuw0s-0 aw__sc-ngllmo-0 epAWpq fzYpjk yle__article__paragraph\">Rauman kes\u00e4teatterin Korkkarit kattoon -musiikkin\u00e4ytelm\u00e4 ker\u00e4si t\u00e4n\u00e4 kes\u00e4n\u00e4 l\u00e4hes 17\u00a0000 katsojaa. Tarkalleen 16\u00a0889 ihmist\u00e4 n\u00e4ki Kaija Koon musiikkia sis\u00e4lt\u00e4v\u00e4n esityksen. Katsomo oli kes\u00e4ll\u00e4 yli 90-prosenttisesti t\u00e4ynn\u00e4.<\/p>\n<p class=\"aw__sc-1qwuw0s-0 aw__sc-ngllmo-0 epAWpq fzYpjk yle__article__paragraph\">Aivan Rauman kes\u00e4teatterin katsojaenn\u00e4tykseen Korkkarit Kattoon ei ylt\u00e4nyt. Y\u00f6-yhtyeen musiikin s\u00e4vytt\u00e4m\u00e4 Ihmisen poika -n\u00e4ytelm\u00e4n n\u00e4ki kaksi vuotta sitten Rauman F\u00e5fengassa 17\u00a0867 katsojaa. Korkkarit Kattoon oli Rauman kes\u00e4teatterin viidenneksi katsotuin n\u00e4ytelm\u00e4.<\/p>\n<p class=\"aw__sc-1qwuw0s-0 aw__sc-ngllmo-0 epAWpq fzYpjk yle__article__paragraph\">Rauman kes\u00e4teatterin n\u00e4ytelmist\u00e4 17\u00a0000 katsojan rajan ovat ylitt\u00e4neet my\u00f6s Tankki T\u00e4yteen (vuonna 2013), Dingo-musikaali (2022) ja Kaksi puuta (2019).<\/p>\n<p>Rauman teatterilla hyv\u00e4 kausi<\/p>\n<p class=\"aw__sc-1qwuw0s-0 aw__sc-ngllmo-0 epAWpq fzYpjk yle__article__paragraph\">P\u00e4\u00e4ttynytt\u00e4 teatterikautta voi luonnehtia menestyksekk\u00e4\u00e4ksi. Kaudella 2025\u20132026 Rauman teatterin ja Rauman kes\u00e4teatterin esitykset ker\u00e4siv\u00e4t yli 35\u00a0000 katsojaa. Kaikkien esitysten t\u00e4ytt\u00f6aste oli 87,4 prosenttia. Edelliseen kauteen verrattuna t\u00e4ytt\u00f6aste kasvoi 10 prosenttia.<br \/>Rauman teatterin sis\u00e4kauden katsotuin n\u00e4ytelm\u00e4 oli draamakomedia Kultalampi. Sen n\u00e4ki syksyn ja kev\u00e4\u00e4n aikana yli 10\u00a0000 ihmist\u00e4. Kultalammen esitykset t\u00e4yttyiv\u00e4t 97,6 prosenttisesti.<\/p>\n","protected":false},"excerpt":{"rendered":"Kaija Koon musiikkia sis\u00e4lt\u00e4v\u00e4 musiikki\u00adn\u00e4ytelm\u00e4 veti Rauman kes\u00e4teatteriin l\u00e4hes 17\u00a0000 ihmist\u00e4. Rauman teatterin koko kausi oli hyv\u00e4. Avaa&hellip;\n","protected":false},"author":2,"featured_media":323658,"comment_status":"","ping_status":"","sticky":false,"template":"","format":"standard","meta":{"footnotes":"","_share_on_mastodon":"0"},"categories":[130],"tags":[137,33,31,30,4736,6308,3642,4061,968,32,3336,109],"class_list":["post-323657","post","type-post","status-publish","format-standard","has-post-thumbnail","category-viihde","tag-entertainment","tag-fi","tag-finland","tag-finnish","tag-kaija-koo","tag-kesateatterit","tag-rauma","tag-rauman-seutukunta","tag-satakunta","tag-suomi","tag-teatteri","tag-viihde"],"share_on_mastodon":{"url":"https:\/\/pubeurope.com\/@fi\/117088050987014489","error":""},"_links":{"self":[{"href":"https:\/\/www.europesays.com\/fi\/wp-json\/wp\/v2\/posts\/323657","targetHints":{"allow":["GET"]}}],"collection":[{"href":"https:\/\/www.europesays.com\/fi\/wp-json\/wp\/v2\/posts"}],"about":[{"href":"https:\/\/www.europesays.com\/fi\/wp-json\/wp\/v2\/types\/post"}],"author":[{"embeddable":true,"href":"https:\/\/www.europesays.com\/fi\/wp-json\/wp\/v2\/users\/2"}],"replies":[{"embeddable":true,"href":"https:\/\/www.europesays.com\/fi\/wp-json\/wp\/v2\/comments?post=323657"}],"version-history":[{"count":0,"href":"https:\/\/www.europesays.com\/fi\/wp-json\/wp\/v2\/posts\/323657\/revisions"}],"wp:featuredmedia":[{"embeddable":true,"href":"https:\/\/www.europesays.com\/fi\/wp-json\/wp\/v2\/media\/323658"}],"wp:attachment":[{"href":"https:\/\/www.europesays.com\/fi\/wp-json\/wp\/v2\/media?parent=323657"}],"wp:term":[{"taxonomy":"category","embeddable":true,"href":"https:\/\/www.europesays.com\/fi\/wp-json\/wp\/v2\/categories?post=323657"},{"taxonomy":"post_tag","embeddable":true,"href":"https:\/\/www.europesays.com\/fi\/wp-json\/wp\/v2\/tags?post=323657"}],"curies":[{"name":"wp","href":"https:\/\/api.w.org\/{rel}","templated":true}]}}