{"id":323761,"date":"2026-08-13T14:32:12","date_gmt":"2026-08-13T14:32:12","guid":{"rendered":"https:\/\/www.europesays.com\/fi\/323761\/"},"modified":"2026-08-13T14:32:12","modified_gmt":"2026-08-13T14:32:12","slug":"keski-suomen-hyvinvointialue-jattimaiset-yt-neuvottelut","status":"publish","type":"post","link":"https:\/\/www.europesays.com\/fi\/323761\/","title":{"rendered":"Keski-Suomen hyvinvointialue: J\u00e4ttim\u00e4iset yt-neuvottelut"},"content":{"rendered":"<p>Nykytilanne edellytt\u00e4\u00e4 uusia talouden sopeuttamistoimenpiteit\u00e4, sanoo Keski-Suomen hyvinvointialuejohtaja Piia Vuorela.<\/p>\n<p><img decoding=\"async\" class=\"image image-show image-preview\" src=\"https:\/\/www.europesays.com\/fi\/wp-content\/uploads\/2026\/08\/fc470e04d0a70bc2bb3403656c765592c1a1f500671f30ca7f582c7b7c18c85f.jpg\" alt=\"\"\/><img decoding=\"async\" class=\"image image-show\" src=\"https:\/\/www.europesays.com\/fi\/wp-content\/uploads\/2026\/08\/1786631532_43_fc470e04d0a70bc2bb3403656c765592c1a1f500671f30ca7f582c7b7c18c85f.jpg\" alt=\"\"\/><\/p>\n<p>Sopeutustarve on ensi vuonna noin 60 miljoonaa euroa. Kuvituskuva. Keski-Suomen hyvinvointialue<\/p>\n<p class=\"paragraph\">Keski-Suomen hyvinvointialue aloittaa yhteistoimintaneuvottelut. Aluehallitus k\u00e4sittelee asiaa ensi viikon tiistain kokouksessaan.<\/p>\n<p class=\"paragraph\">Menettelyn kohteena on koko hyvinvointialueen organisaatio ja henkil\u00f6st\u00f6. Muutoksien arvioidaan olevan henkil\u00f6ty\u00f6vuosien v\u00e4hennyksen\u00e4 enint\u00e4\u00e4n 570 henkil\u00f6ty\u00f6vuotta.<\/p>\n<p class=\"paragraph\">Keski-Suomen hyvinvointialueen henkil\u00f6st\u00f6n m\u00e4\u00e4r\u00e4 on noin 12 500 henkil\u00f6\u00e4.<\/p>\n<p class=\"paragraph\">Hyvinvointialueen tulee kattaa sille kertyneet alij\u00e4\u00e4m\u00e4t eli 308 miljoonaa euroa vuoteen 2030 menness\u00e4. Ensi vuonna sopeutustarve on 60 miljoonaa euroa.<\/p>\n<p class=\"paragraph\">\u2013 T\u00e4m\u00e4n vuoksi meid\u00e4n on aloitettava my\u00f6s yhteistoimintamenettely, koska hyvinvointialueen taloudellinen tilanne edellytt\u00e4\u00e4 uusia talouden sopeuttamistoimenpiteit\u00e4, kuten toimintatapojen uudistuksia palvelutuotannossa ja toiminnan uudelleenorganisointia, hyvinvointialuejohtaja <strong>Piia Vuorela<\/strong> kertoo tiedotteessa.<\/p>\n<p class=\"paragraph\">Tiedotteen mukaan teht\u00e4v\u00e4kuvien muutosten ja mahdollisten lomautusten tarve tarkentuvat talousarvion valmistelun my\u00f6t\u00e4.<\/p>\n","protected":false},"excerpt":{"rendered":"Nykytilanne edellytt\u00e4\u00e4 uusia talouden sopeuttamistoimenpiteit\u00e4, sanoo Keski-Suomen hyvinvointialuejohtaja Piia Vuorela. Sopeutustarve on ensi vuonna noin 60 miljoonaa euroa.&hellip;\n","protected":false},"author":2,"featured_media":323762,"comment_status":"","ping_status":"","sticky":false,"template":"","format":"standard","meta":{"footnotes":"","_share_on_mastodon":"0"},"categories":[12],"tags":[35,22,23,26,27,33,31,30,17,24,25,28,29,15,18,21,32,19,20,860,862,861,1955,3515,16],"class_list":["post-323761","post","type-post","status-publish","format-standard","has-post-thumbnail","category-suomi","tag-24h","tag-breaking-news","tag-breakingnews","tag-featured-news","tag-featurednews","tag-fi","tag-finland","tag-finnish","tag-headlines","tag-latest-news","tag-latestnews","tag-main-news","tag-mainnews","tag-news","tag-otsikot","tag-paauutiset","tag-suomi","tag-top-stories","tag-topstories","tag-tyoelama","tag-tyollisyys","tag-tyollisyys-ja-tyottomyys","tag-tyottomyys","tag-tyovoima","tag-uutiset"],"share_on_mastodon":{"url":"https:\/\/pubeurope.com\/@fi\/117088692172529569","error":""},"_links":{"self":[{"href":"https:\/\/www.europesays.com\/fi\/wp-json\/wp\/v2\/posts\/323761","targetHints":{"allow":["GET"]}}],"collection":[{"href":"https:\/\/www.europesays.com\/fi\/wp-json\/wp\/v2\/posts"}],"about":[{"href":"https:\/\/www.europesays.com\/fi\/wp-json\/wp\/v2\/types\/post"}],"author":[{"embeddable":true,"href":"https:\/\/www.europesays.com\/fi\/wp-json\/wp\/v2\/users\/2"}],"replies":[{"embeddable":true,"href":"https:\/\/www.europesays.com\/fi\/wp-json\/wp\/v2\/comments?post=323761"}],"version-history":[{"count":0,"href":"https:\/\/www.europesays.com\/fi\/wp-json\/wp\/v2\/posts\/323761\/revisions"}],"wp:featuredmedia":[{"embeddable":true,"href":"https:\/\/www.europesays.com\/fi\/wp-json\/wp\/v2\/media\/323762"}],"wp:attachment":[{"href":"https:\/\/www.europesays.com\/fi\/wp-json\/wp\/v2\/media?parent=323761"}],"wp:term":[{"taxonomy":"category","embeddable":true,"href":"https:\/\/www.europesays.com\/fi\/wp-json\/wp\/v2\/categories?post=323761"},{"taxonomy":"post_tag","embeddable":true,"href":"https:\/\/www.europesays.com\/fi\/wp-json\/wp\/v2\/tags?post=323761"}],"curies":[{"name":"wp","href":"https:\/\/api.w.org\/{rel}","templated":true}]}}