{"id":324087,"date":"2026-08-14T00:57:11","date_gmt":"2026-08-14T00:57:11","guid":{"rendered":"https:\/\/www.europesays.com\/fi\/324087\/"},"modified":"2026-08-14T00:57:11","modified_gmt":"2026-08-14T00:57:11","slug":"maikkari-tarjoilee-kalpaa-tuutin-taydelta-urheilu-savon-sanomat","status":"publish","type":"post","link":"https:\/\/www.europesays.com\/fi\/324087\/","title":{"rendered":"Maikkari tarjoilee KalPaa tuutin t\u00e4ydelt\u00e4 | Urheilu &#8211; Savon Sanomat"},"content":{"rendered":"<ol>\n<li><a href=\"https:\/\/news.google.com\/rss\/articles\/CBMiVkFVX3lxTFBLbjc0UmZvcmJQeGN5bWxqUXQ4SEZDRkZ0RFYtN0JSQ0x6SloxLVRHemhwRy0zem5Uc1V6RnppVE1SbVJ2QmFZU0ZvU3VIbmg3d3hMT19B?oc=5\" target=\"_blank\" rel=\"nofollow noopener\">Maikkari tarjoilee KalPaa tuutin t\u00e4ydelt\u00e4 | Urheilu<\/a>&nbsp;&nbsp;Savon Sanomat<\/li>\n<li><a href=\"https:\/\/news.google.com\/rss\/articles\/CBMikAFBVV95cUxPZHZlZUI3elNyYk5lRERsNGF2TW5NMzVrWWYycGNLc2JmQ0FMYkt5emVHYkVJd1dzNWgwcndZWVBoQ2JEYjFrS2JuaDRBMXEtVXZ0Q3RucTZvZlQ3c1YtWmlzOGVSaXMyY2gtWkVNVVhTaC1FQ1BJenllRlRBOHJwbjBBNUYzeGl1cTByQmdMSFA?oc=5\" target=\"_blank\" rel=\"nofollow noopener\">Top 10: Liigan superkauden kovimmat hankinnat<\/a>&nbsp;&nbsp;Jatkoaika<\/li>\n<li><a href=\"https:\/\/news.google.com\/rss\/articles\/CBMiS0FVX3lxTE9XRERIdjd0WnIyejhwQ25kU3NDLUI5a3ZuMmh3LVVTSmZLWlVNMEw1YndRZGktSWd1cjBQN2c0aHREdnZUMzEwekJlWQ?oc=5\" target=\"_blank\" rel=\"nofollow noopener\">Maikkarin pelivalinnat eiv\u00e4t JYP-faneja hemmottele \u2013 KalPaa tarjolla tuutin t\u00e4ydelt\u00e4<\/a>&nbsp;&nbsp;Keskisuomalainen<\/li>\n<li><a href=\"https:\/\/news.google.com\/rss\/articles\/CBMivAFBVV95cUxQTGlWSUEtVmVoOXdqUFJnWS1PZmNVUVcxbHIzdjBJaDRCTmZPUnRWU1RfTzNKLUg1cmxsZXB0QS1uelRXOF8wc1ZuRTJUcktiZ1FDQ3U5SWFvTzRLV3VKbHJqY2Q5NXhnZTN5NFllZG04UllmQkhPNTdVRlNCUTJ0eWxfNWtUcUxnel9ObF9mTWNDWnpWY1NvVzZEelBtNjNFajVXQW9WTWxMOGZPb2R5ZklvOUxOUHFwVnBPWg?oc=5\" target=\"_blank\" rel=\"nofollow noopener\">MTV on j\u00e4\u00e4kiekon superkauden koti \u2013 t\u00e4ss\u00e4 asiantuntijat ja odotetut tv-ottelut!<\/a>&nbsp;&nbsp;mtvuutiset.fi<\/li>\n<li><a href=\"https:\/\/news.google.com\/rss\/articles\/CBMiREFVX3lxTE9ZVkxzYUpLcDZvMkltbEhSWW1CanRrRU9GWDhwWkdVWmhnZ3Q4dzM0Q0cxelR4dW91RUhhaHlLWXlnUFRp?oc=5\" target=\"_blank\" rel=\"nofollow noopener\">Liigan superkausi on jo ovella \u2013 katso t\u00e4st\u00e4 kaikki kes\u00e4n pelaajasiirrot<\/a>&nbsp;&nbsp;Vuohi<\/li>\n<\/ol>\n","protected":false},"excerpt":{"rendered":"Maikkari tarjoilee KalPaa tuutin t\u00e4ydelt\u00e4 | Urheilu&nbsp;&nbsp;Savon Sanomat Top 10: Liigan superkauden kovimmat hankinnat&nbsp;&nbsp;Jatkoaika Maikkarin pelivalinnat eiv\u00e4t JYP-faneja&hellip;\n","protected":false},"author":2,"featured_media":324088,"comment_status":"","ping_status":"","sticky":false,"template":"","format":"standard","meta":{"footnotes":"","_share_on_mastodon":"0"},"categories":[158],"tags":[33,31,30,1143,4820,2935,159,32,1247,160],"class_list":["post-324087","post","type-post","status-publish","format-standard","has-post-thumbnail","category-urheilu","tag-fi","tag-finland","tag-finnish","tag-jaakiekko","tag-jaakiekon-sm-liiga","tag-kalpa","tag-sports","tag-suomi","tag-televisio","tag-urheilu"],"share_on_mastodon":{"url":"https:\/\/pubeurope.com\/@fi\/117091149156373034","error":""},"_links":{"self":[{"href":"https:\/\/www.europesays.com\/fi\/wp-json\/wp\/v2\/posts\/324087","targetHints":{"allow":["GET"]}}],"collection":[{"href":"https:\/\/www.europesays.com\/fi\/wp-json\/wp\/v2\/posts"}],"about":[{"href":"https:\/\/www.europesays.com\/fi\/wp-json\/wp\/v2\/types\/post"}],"author":[{"embeddable":true,"href":"https:\/\/www.europesays.com\/fi\/wp-json\/wp\/v2\/users\/2"}],"replies":[{"embeddable":true,"href":"https:\/\/www.europesays.com\/fi\/wp-json\/wp\/v2\/comments?post=324087"}],"version-history":[{"count":0,"href":"https:\/\/www.europesays.com\/fi\/wp-json\/wp\/v2\/posts\/324087\/revisions"}],"wp:featuredmedia":[{"embeddable":true,"href":"https:\/\/www.europesays.com\/fi\/wp-json\/wp\/v2\/media\/324088"}],"wp:attachment":[{"href":"https:\/\/www.europesays.com\/fi\/wp-json\/wp\/v2\/media?parent=324087"}],"wp:term":[{"taxonomy":"category","embeddable":true,"href":"https:\/\/www.europesays.com\/fi\/wp-json\/wp\/v2\/categories?post=324087"},{"taxonomy":"post_tag","embeddable":true,"href":"https:\/\/www.europesays.com\/fi\/wp-json\/wp\/v2\/tags?post=324087"}],"curies":[{"name":"wp","href":"https:\/\/api.w.org\/{rel}","templated":true}]}}