{"id":324179,"date":"2026-08-14T04:00:16","date_gmt":"2026-08-14T04:00:16","guid":{"rendered":"https:\/\/www.europesays.com\/fi\/324179\/"},"modified":"2026-08-14T04:00:16","modified_gmt":"2026-08-14T04:00:16","slug":"laulaja-nayttelija-arja-saijonmaa-suuri-taiteilija-rohkea-maailmanparantaja-ja-ihmisoikeuksien-puolustaja","status":"publish","type":"post","link":"https:\/\/www.europesays.com\/fi\/324179\/","title":{"rendered":"Laulaja-n\u00e4yttelij\u00e4 Arja Saijonmaa: Suuri taiteilija, rohkea maailmanparantaja ja ihmisoikeuksien puolustaja"},"content":{"rendered":"<p>\n            20260810, Helsinki. Arja Saijonmaa &#8211; Laula minulle Arja elokuvan pressi. Kuvassa Arja Saijonmaa.<br \/>\n            Timo Korhonen\n        <\/p>\n<p class=\"subtitle \">Uutuusdokumentin t\u00e4hti Arja Saijonmaa uskoo, ett\u00e4 olisi j\u00e4\u00e4nyt Suomeen elokuva-alalle, ellei kreikkalainen s\u00e4velt\u00e4j\u00e4 olisi napannut h\u00e4nt\u00e4 matkaansa.<\/p>\n<p class=\"article-content article-content-width !bg-background\">\u201cH\u00e4pe\u00e4kin kuolla ennen kuin olet tehnyt jotain ihmisyyden hyv\u00e4ksi\u201d,\u00a0lukee taiteilija  Tukholman-kodin sein\u00e4ll\u00e4, ja teksti kuvaa t\u00e4ydellisesti h\u00e4nen omaa paloaan ihmisoikeuskysymyksiin.<\/p>\n<p class=\"font-weight-bold m-font-weight-bold article-content article-content-width !bg-background\">Video: Arja Saijonmaa kertoo omasta elokuvastaan.<\/p>\n<p class=\"article-content article-content-width !bg-background\">T\u00e4m\u00e4 tulee esille  ohjaamassa dokumenttielokuvassa Laula minulle Arja, joka saa ensi-illan 14. elokuuta elokuvateattereissa.<\/p>\n<p class=\"article-content article-content-width !bg-background\">Dokumenttielokuvan toteutus tuli t\u00e4yten\u00e4 yll\u00e4tyksen\u00e4 Arjalle. Idean h\u00e4nelle myi ohjaaja.<\/p>\n<p>                <img decoding=\"async\" src=\"https:\/\/www.europesays.com\/fi\/wp-content\/uploads\/2026\/08\/2233542.webp\" width=\"576\" height=\"720\" alt=\"Arja Saijonmaa juhli dokumenttielokuvaansa kutsuvierasn\u00e4yt\u00f6ksess\u00e4 Helsingiss\u00e4 yhdess\u00e4 ohjaaja Marko Tallin kanssa.\" loading=\"lazy\" \/>            <\/p>\n<p>\n            Arja Saijonmaa juhli dokumenttielokuvaansa kutsuvierasn\u00e4yt\u00f6ksess\u00e4 Helsingiss\u00e4 yhdess\u00e4 ohjaaja Marko Tallin kanssa.<br \/>\n            Timo Korhonen\n        <\/p>\n<p>        <a itemprop=\"url\" href=\"https:\/\/www.seiska.fi\/katso\/arja-saijonmaa-paljastaa-tanaan-tvssa-elamani-biisiin-liittyy-rikos\/1235455\" rel=\"nofollow noopener\" target=\"_blank\"><\/p>\n<p class=\"section-date\">\n        <strong class=\"article-section\" data-section=\"katso\"><br \/>\n            katso<br \/>\n        <\/strong><br \/>\n        6.1.2024 13:15\n    <\/p>\n<p>Arja Saijonmaa paljastaa t\u00e4n\u00e4\u00e4n tv:ss\u00e4: \u201dEl\u00e4m\u00e4ni biisiin liittyy rikos\u201d\n    <\/p>\n<p itemprop=\"description\" class=\"subtitle \">\n    El\u00e4m\u00e4ni biisi &amp; RSO -erikoisjaksossa lauantaina 6. tammikuuta viisi vierasta paljastavat el\u00e4m\u00e4ns\u00e4 klassisen biisin.\n<\/p>\n<p>        <\/a><\/p>\n<p class=\"article-content article-content-width !bg-background\">\u2013\tPari vuotta he hilluivat ymp\u00e4rill\u00e4ni eri paikoissa. Monta kertaa oli v\u00e4\u00e4r\u00e4 valo, v\u00e4\u00e4r\u00e4t vaatteet, v\u00e4\u00e4r\u00e4 s\u00e4\u00e4\u2026<\/p>\n<p class=\"article-content article-content-width !bg-background\">\u2013\tAjattelin, ett\u00e4 okei, t\u00e4ss\u00e4 tehd\u00e4\u00e4n harjoitelmaa ja vasta sitten tulemme oikeasti salaiselle rannalleni Kreikkaan ja kunnolla saunomaan. Silloin ohjaaja sanoikin, ett\u00e4 valmista on, Arja kertoo Katsolle huvittuneena Helsingin-vierailullaan.\u00a0<\/p>\n<p>Yst\u00e4v\u00e4piiri h\u00e4visi ymp\u00e4rilt\u00e4<\/p>\n<p class=\"article-content article-content-width !bg-background\">Mikkeliss\u00e4 kasvaneen Arjan hammasl\u00e4\u00e4k\u00e4ri-is\u00e4 olisi halunnut esikoistytt\u00e4rens\u00e4 keskittyv\u00e4n akateemisiin opintoihin, mutta Arjan sis\u00e4ll\u00e4 roihusi toisenlainen liekki.\u00a0<\/p>\n<p class=\"article-content article-content-width !bg-background\">1960-luvun lopulla  etsi ihmisi\u00e4 musiikkin\u00e4ytelm\u00e4\u00e4ns\u00e4 Lapualaisooppera. Sibelius-Akatemian ja Helsingin yliopiston humanistisen tiedekunnan opinnot aloittanut Arja teki kantavalla \u00e4\u00e4nell\u00e4\u00e4n vaikutuksen s\u00e4velt\u00e4j\u00e4\u00e4n ja tuli valituksi n\u00e4ytelm\u00e4n kuoroon.<\/p>\n<p>                <img decoding=\"async\" src=\"https:\/\/www.europesays.com\/fi\/wp-content\/uploads\/2026\/08\/2233544.webp\" width=\"576\" height=\"351\" alt=\"Arjalta j\u00e4iv\u00e4t opiskelut kesken, kun h\u00e4n l\u00e4hti laulamaan maailmalle. H\u00e4n suoritti tutkintonsa loppuun 1990-luvulla. \u2013 Siit\u00e4 oli hy\u00f6ty\u00e4 minulle itselleni. Oli kiva tunne vied\u00e4 loppuun ty\u00f6, jonka olin aloittanut.\" loading=\"lazy\" \/>            <\/p>\n<p>\n            Arjalta j\u00e4iv\u00e4t opiskelut kesken, kun h\u00e4n l\u00e4hti laulamaan maailmalle. H\u00e4n suoritti tutkintonsa loppuun 1990-luvulla. \u2013 Siit\u00e4 oli hy\u00f6ty\u00e4 minulle itselleni. Oli kiva tunne vied\u00e4 loppuun ty\u00f6, jonka olin aloittanut.<br \/>\n            Markku Lepola\/Yellow Film &amp; TV\n        <\/p>\n<p class=\"article-content article-content-width !bg-background\">Akateemiset opinnot j\u00e4iv\u00e4t kolme vuosikymment\u00e4 kest\u00e4neelle tauolle, kun Arja antautui taiteilijael\u00e4m\u00e4lle. Nopeasti h\u00e4nest\u00e4 tuli pirte\u00e4 protestitytt\u00f6, kuten lehdist\u00f6 h\u00e4nt\u00e4 tuolloin kutsui.<\/p>\n<p class=\"article-content article-content-width !bg-background\">\u2013\tYlioppilasteatterissa olimme kaikki samassa veneess\u00e4, yleisvasemmistolaisia protestoijia. Halusimme luoda jotain uutta. Brechtil\u00e4ist\u00e4 teatteria, joka oli hyv\u00e4 asia, hyv\u00e4\u00e4 edistyksellist\u00e4 meininki\u00e4, Arja kuvailee.<\/p>\n<p class=\"article-content article-content-width !bg-background\">1970-luvun puolella rivit alkoivat rakoilla, kun osasta teatterilaisia tuli taistolaisia. Arja ei kokenut ideologiaa omakseen, mik\u00e4 lopulta rikkoi monet h\u00e4nen ihmissuhteistaan.\u00a0<\/p>\n<p class=\"article-content article-content-width !bg-background\">\u2013\tL\u00e4ksin pois maasta sit\u00e4 varten. En v\u00e4himm\u00e4ss\u00e4 m\u00e4\u00e4rink\u00e4\u00e4n ollut taistolainen. Sen ajan yst\u00e4v\u00e4ni ovat h\u00e4vinneet jonnekin, en tied\u00e4.<\/p>\n<p>        <a itemprop=\"url\" href=\"https:\/\/www.seiska.fi\/katso\/arja-saijonmaa-suoraan-hautajaisista-elamani-biisin-lahetykseen-olin-aivan-poikki-ja-sekaisin\/1157429\" rel=\"nofollow noopener\" target=\"_blank\"><\/p>\n<p class=\"section-date\">\n        <strong class=\"article-section\" data-section=\"katso\"><br \/>\n            katso<br \/>\n        <\/strong><br \/>\n        7.10.2023 11:15\n    <\/p>\n<p>Arja Saijonmaa suoraan hautajaisista El\u00e4m\u00e4ni biisin l\u00e4hetykseen \u2013 \u201dOlin aivan poikki ja sekaisin\u201d\n    <\/p>\n<p itemprop=\"description\" class=\"subtitle \">\n    Arja Saijonmaan ensimm\u00e4inen esiintyminen El\u00e4m\u00e4ni biisiss\u00e4 oli raskas kokemus.\n<\/p>\n<p>        <\/a><\/p>\n<p>Kreikkalaisen matkassa<\/p>\n<p class=\"article-content article-content-width !bg-background\">Teatterivuosinaan s\u00e4velt\u00e4j\u00e4-muusikko  yritti ostaa Arjan levy-yhti\u00f6 Scandiaan.<\/p>\n<p class=\"article-content article-content-width !bg-background\">\u2013\tH\u00e4n lupasi huvilat, autot, suuria hittej\u00e4 ja valtavan tulevaisuuden iskelm\u00e4laulajana Suomessa. Min\u00e4 tytt\u00f6 sanoin ei.<\/p>\n<p class=\"article-content article-content-width !bg-background\">\u2013\tMinulla oli kivempi ja t\u00e4rke\u00e4mpi teht\u00e4v\u00e4 Ylioppilasteatterissa ja j\u00e4nnempi\u00e4 lauluja. Iskelm\u00e4t eiv\u00e4t sytytt\u00e4neet minua, koko tarjous oli minusta tymp\u00e4isev\u00e4, Arja t\u00e4r\u00e4ytt\u00e4\u00e4.<\/p>\n<p class=\"article-content article-content-width !bg-background\">Ylioppilasteatterista h\u00e4n jatkoi maailmankiertueelle kreikkalaisen s\u00e4velt\u00e4j\u00e4n ja vapaustaistelijan\u00a0 kanssa.<\/p>\n<p>                <img decoding=\"async\" src=\"https:\/\/www.europesays.com\/fi\/wp-content\/uploads\/2026\/08\/2233546.webp\" width=\"576\" height=\"399\" alt=\"Mikis Theodorakis Lontoon Royal Albert Hallissa kev\u00e4\u00e4ll\u00e4 1970. Puoli vuotta my\u00f6hemmin h\u00e4n tapasi Helsingiss\u00e4 tulevan solistinsa Arja Saijonmaan.\" loading=\"lazy\" \/>            <\/p>\n<p>\n            Mikis Theodorakis Lontoon Royal Albert Hallissa kev\u00e4\u00e4ll\u00e4 1970. Puoli vuotta my\u00f6hemmin h\u00e4n tapasi Helsingiss\u00e4 tulevan solistinsa Arja Saijonmaan.<br \/>\n            All Over Press\n        <\/p>\n<p class=\"article-content article-content-width !bg-background\">Maanpaossa ollut kreikkalainen teki syksyll\u00e4 1970 yll\u00e4tysvierailun Helsinkiin ja vaikuttui ensikuulemalta Arjan laulusta.<\/p>\n<p class=\"article-content article-content-width !bg-background\">\u2013\tIlman Mikisi\u00e4 el\u00e4m\u00e4ni olisi voinut l\u00e4hte\u00e4 ihan mihin suuntaan vaan. Tuskin olisin koskaan l\u00e4htenyt pois Suomesta sill\u00e4 tavalla.<\/p>\n<p class=\"article-content article-content-width !bg-background\">\u2013\tAteneumissa alkoi silloin elokuvakoulu. Sinne min\u00e4 p\u00e4\u00e4sin, joten minusta olisi varmaan tullut elokuvaohjaaja, Arja pohtii.<\/p>\n<p class=\"article-content article-content-width !bg-background\">Mikisin maailmankiertueen solistina Arjan tukikohta vaihtui Helsingist\u00e4 Pariisiin, josta he matkustivat esiintym\u00e4\u00e4n ymp\u00e4ri Eurooppaa, Etel\u00e4-Amerikkaa ja aina Australiaan asti.<\/p>\n<p class=\"article-content article-content-width !bg-background\">Vuonna 1974 tie vei yksin Ruotsiin, miss\u00e4 Arja yh\u00e4 asuu. H\u00e4n jatkoi Mikisin musiikin parissa, ja seuraavina vuosina kuvaan astuivat my\u00f6s rauhankonsertit ja PAND eli Taiteilijat rauhan puolesta -liike.<\/p>\n<p>        <a itemprop=\"url\" href=\"https:\/\/www.seiska.fi\/katso\/arja-saijonmaa-puolisoa-ammuttiin\/2037541\" rel=\"nofollow noopener\" target=\"_blank\"><\/p>\n<p>\nArja Saijonmaa\n<\/p>\n<p class=\"section-date\">\n        <strong class=\"article-section\" data-section=\"katso\"><br \/>\n            katso<br \/>\n        <\/strong><br \/>\n        6.1. 10:15\n    <\/p>\n<p>Arja Saijonmaa: Puolisoa ammuttiin\n    <\/p>\n<p itemprop=\"description\" class=\"subtitle \">\n    Yle esitt\u00e4\u00e4 arvostetun taiteilijan konsertin loppiaisena.\n<\/p>\n<p>        <\/a><\/p>\n<p class=\"article-content article-content-width !bg-background\">Jos Arja olisi 2020-luvun nuori, toimisiko h\u00e4n samalla vimmalla aktivistina?<\/p>\n<p class=\"article-content article-content-width !bg-background\">\u2013\tVarmasti motivaatio siihen olisi. Jos ajattelisin samalla tavalla, l\u00f6yt\u00e4isin tavan toimia. Mutta en tied\u00e4, kuinka t\u00e4m\u00e4 aika olisi turruttanut minut.<\/p>\n<p class=\"article-content article-content-width !bg-background\">\u2013\tT\u00e4ss\u00e4 ajassa on liikaa tietoa, my\u00f6s mahdollisuus tuhota ihminen jo nuorena, kun ei tied\u00e4, mik\u00e4 on oikein ja mik\u00e4 v\u00e4\u00e4rin. Mutta jokaisella nuorella on oikeus protestoida ja luoda oma maailmankuvansa, taiteilija toteaa.<\/p>\n<p>V\u00e4ltt\u00e4m\u00e4t\u00f6n yksin\u00e4isyys<\/p>\n<p class=\"article-content article-content-width !bg-background\">Laula minulle Arja antaa taiteilijasta rohkean ja min\u00e4 itse -asenteella el\u00e4v\u00e4n toimijan kuvan. Eik\u00f6 h\u00e4n tunne lainkaan yksin\u00e4isyytt\u00e4 itsen\u00e4isen\u00e4 maailmankansalaisena?<\/p>\n<p class=\"article-content article-content-width !bg-background\">\u2013\tKoko ajan, mutta ihminen tarvitsee yksin\u00e4isyytt\u00e4 luovuuteen. Ammattinihan on sit\u00e4, ett\u00e4 istun yksin n\u00e4ytt\u00e4m\u00f6ll\u00e4. Sielt\u00e4 min\u00e4 ammennan, Arja sanoo.<\/p>\n<p>                <img decoding=\"async\" src=\"https:\/\/www.europesays.com\/fi\/wp-content\/uploads\/2026\/08\/2233549.webp\" width=\"576\" height=\"322\" title=\"Rauhanty\u00f6st\u00e4\u00e4n Arja on saanut useita arvostettuja palkintoja, kuten ihmisoikeustunnustuksen Eleanor Roosevelt -palkinnon sek\u00e4 Chilen valtion Pablo Neruda - ja Kreikan presidentin my\u00f6nt\u00e4m\u00e4n The Golden Cross -kunniamerkit. H\u00e4n on my\u00f6s YK:n hyv\u00e4ntahdon l\u00e4hettil\u00e4s.\" alt=\"Laulaja-n\u00e4yttelij\u00e4 Arja Saijonmaa, Laula minulle Arja -pressi, 2026.\" loading=\"lazy\" \/>            <\/p>\n<p>\n            Rauhanty\u00f6st\u00e4\u00e4n Arja on saanut useita arvostettuja palkintoja, kuten ihmisoikeustunnustuksen Eleanor Roosevelt -palkinnon sek\u00e4 Chilen valtion Pablo Neruda &#8211; ja Kreikan presidentin my\u00f6nt\u00e4m\u00e4n The Golden Cross -kunniamerkit. H\u00e4n on my\u00f6s YK:n hyv\u00e4ntahdon l\u00e4hettil\u00e4s.<br \/>\n            Timo Korhonen\n        <\/p>\n<p class=\"article-content article-content-width !bg-background\">Liikkeess\u00e4 81-vuotiaan Arjan pit\u00e4\u00e4 sammumaton uteliaisuus.<\/p>\n<p class=\"article-content article-content-width !bg-background\">\u2013\tOlen eritt\u00e4in utelias. Luen lehti\u00e4 hullun lailla, katson kymment\u00e4 tv-ohjelmaa ja seuraan koko maailmaa, nimenomaan ajankohtaisia asioita.<\/p>\n<p class=\"article-content article-content-width !bg-background\">Mahtuu el\u00e4m\u00e4\u00e4n toki h\u00f6mpp\u00e4ily\u00e4kin, kuten Arja itse ilmaisee.<\/p>\n<p class=\"article-content article-content-width !bg-background\">\u2013\tKatson h\u00f6mpp\u00e4ohjelmia, olen hyvin sosiaalinen ja teen kaikkea hullua, h\u00e4n naurahtaa.<\/p>\n<p>                <img decoding=\"async\" src=\"https:\/\/www.europesays.com\/fi\/wp-content\/uploads\/2026\/08\/2233550.webp\" width=\"576\" height=\"322\" alt=\"Vuonna 2021 Arjasta tuli El\u00e4m\u00e4ni biisi -ohjelman vakioartisti. H\u00e4n oli mukana kaikkiaan viisi kautta.\" loading=\"lazy\" \/>            <\/p>\n<p>\n            Vuonna 2021 Arjasta tuli El\u00e4m\u00e4ni biisi -ohjelman vakioartisti. H\u00e4n oli mukana kaikkiaan viisi kautta.<br \/>\n            Atte M\u00e4l\u00e4sk\u00e4\/Yle\n        <\/p>\n<p class=\"article-content article-content-width !bg-background\">Yksi perin suomalainen piirre Arjassa on vaatimattomuus. Kysytt\u00e4ess\u00e4 h\u00e4n ei osaa nimet\u00e4 itsess\u00e4\u00e4n tai ty\u00f6ss\u00e4\u00e4n asiaa, josta olisi erityisen ylpe\u00e4.<\/p>\n<p class=\"article-content article-content-width !bg-background\">\u2013\tSe on kriittisyytt\u00e4. Olen iloinen, ja ylpeys tulee hyv\u00e4st\u00e4 olosta, kun tied\u00e4n, miten paljon lauluni ovat merkinneet ihmisille. Hyv\u00e4 olo tulee yleis\u00f6n kautta.<\/p>\n<p class=\"article-content article-content-width !bg-background\">\u2013\tOlen luonut aika monta isoa laulua Pohjoismaihin, ja niit\u00e4 edelleen halutaan. Se osoittaa, ett\u00e4 ne ovat j\u00e4\u00e4neet el\u00e4m\u00e4\u00e4n, Arja toteaa kiitollisena.\u00a0<\/p>\n<p class=\"italic m-italic article-content article-content-width !bg-background\">Laula minulle Arja saa ensi-illan perjantaina 14. elokuuta elokuvateattereissa.\u00a0<\/p>\n<p>        <a itemprop=\"url\" href=\"https:\/\/www.seiska.fi\/katso\/arja-saijonmaa-avautuu-lapsettomuudestaan-kohtasi-tragedian\/2082515\" rel=\"nofollow noopener\" target=\"_blank\"><\/p>\n<p>\nArja Saijonmaa:\n<\/p>\n<p class=\"section-date\">\n        <strong class=\"article-section\" data-section=\"katso\"><br \/>\n            katso<br \/>\n        <\/strong><br \/>\n        23.2. 06:15\n    <\/p>\n<p>Arja Saijonmaa avautuu lapsettomuudestaan \u2013 kohtasi tragedian\n    <\/p>\n<p itemprop=\"description\" class=\"subtitle \">\n    Arja Saijonmaa avautuu lapsettomuudesta Y\u00f6kyl\u00e4ss\u00e4 Maria Veitola -ohjelmassa.\n<\/p>\n<p>        <\/a><\/p>\n","protected":false},"excerpt":{"rendered":"20260810, Helsinki. Arja Saijonmaa &#8211; Laula minulle Arja elokuvan pressi. Kuvassa Arja Saijonmaa. Timo Korhonen Uutuusdokumentin t\u00e4hti Arja&hellip;\n","protected":false},"author":2,"featured_media":324180,"comment_status":"","ping_status":"","sticky":false,"template":"","format":"standard","meta":{"footnotes":"","_share_on_mastodon":"0"},"categories":[130],"tags":[2633,16383,137,33,31,30,2382,3363,40845,3351,40778,5159,12389,40844,16620,1342,791,4684,40841,110,32,40842,40843,201,109,9879,40840],"class_list":["post-324179","post","type-post","status-publish","format-standard","has-post-thumbnail","category-viihde","tag-arja-saijonmaa","tag-dokumenttielokuva","tag-entertainment","tag-fi","tag-finland","tag-finnish","tag-haastattelu","tag-ihmisoikeudet","tag-kaj-chydenius","tag-kreikka","tag-laula-minulle-arja","tag-laulaja","tag-maailmankiertue","tag-marko-talli","tag-mikis-theodorakis","tag-nayttelija","tag-opiskelu","tag-pariisi","tag-protesti","tag-ruotsi","tag-suomi","tag-taistolaisuus","tag-toivo-karki","tag-ura","tag-viihde","tag-yksinaisyys","tag-ylioppilasteatteri"],"share_on_mastodon":{"url":"https:\/\/pubeurope.com\/@fi\/117091868683698396","error":""},"_links":{"self":[{"href":"https:\/\/www.europesays.com\/fi\/wp-json\/wp\/v2\/posts\/324179","targetHints":{"allow":["GET"]}}],"collection":[{"href":"https:\/\/www.europesays.com\/fi\/wp-json\/wp\/v2\/posts"}],"about":[{"href":"https:\/\/www.europesays.com\/fi\/wp-json\/wp\/v2\/types\/post"}],"author":[{"embeddable":true,"href":"https:\/\/www.europesays.com\/fi\/wp-json\/wp\/v2\/users\/2"}],"replies":[{"embeddable":true,"href":"https:\/\/www.europesays.com\/fi\/wp-json\/wp\/v2\/comments?post=324179"}],"version-history":[{"count":0,"href":"https:\/\/www.europesays.com\/fi\/wp-json\/wp\/v2\/posts\/324179\/revisions"}],"wp:featuredmedia":[{"embeddable":true,"href":"https:\/\/www.europesays.com\/fi\/wp-json\/wp\/v2\/media\/324180"}],"wp:attachment":[{"href":"https:\/\/www.europesays.com\/fi\/wp-json\/wp\/v2\/media?parent=324179"}],"wp:term":[{"taxonomy":"category","embeddable":true,"href":"https:\/\/www.europesays.com\/fi\/wp-json\/wp\/v2\/categories?post=324179"},{"taxonomy":"post_tag","embeddable":true,"href":"https:\/\/www.europesays.com\/fi\/wp-json\/wp\/v2\/tags?post=324179"}],"curies":[{"name":"wp","href":"https:\/\/api.w.org\/{rel}","templated":true}]}}