{"id":324315,"date":"2026-08-14T08:03:15","date_gmt":"2026-08-14T08:03:15","guid":{"rendered":"https:\/\/www.europesays.com\/fi\/324315\/"},"modified":"2026-08-14T08:03:15","modified_gmt":"2026-08-14T08:03:15","slug":"kaksi-autoilijaa-suistui-tielta-hyonteisen-takia-saman-paivan-aikana-yksi-matkustaja-kuoli-kotimaa","status":"publish","type":"post","link":"https:\/\/www.europesays.com\/fi\/324315\/","title":{"rendered":"Kaksi autoilijaa suistui tielt\u00e4 hy\u00f6nteisen takia saman p\u00e4iv\u00e4n aikana \u2013 yksi matkustaja kuoli | Kotimaa"},"content":{"rendered":"<p class=\"aw__sc-1qwuw0s-0 aw__sc-1vg2sqm-0 epAWpq ecELkD yle__article__paragraph\">Henkil\u00f6auton matkustaja kuoli auton suistuttua tielt\u00e4 Paltamossa torstai-iltana. Syyksi ep\u00e4ill\u00e4\u00e4n kuljettaja huomion kiinnittymist\u00e4 muualle.<\/p>\n<p><img decoding=\"async\" alt=\"Karttakuvassa n\u00e4kyy Paltamon alue, Kiveslahdentie on merkitty violetilla laatikolla, yl\u00e4kulmassa Suomen sijaintikartta.\" src=\"https:\/\/www.europesays.com\/fi\/wp-content\/uploads\/2026\/08\/1786677930.jpeg\" class=\"aw__sc-dklauk-0 LPzKX\"\/><\/p>\n<p>Avaa kuvien katselu<\/p>\n<p>Onnettomuus tapahtui Kiveslahdentiell\u00e4 Paltamossa. Kuva: Sadri Cetinkaya \/ Yle, Mapcreator, Openstreetmap<\/p>\n<p class=\"aw__sc-1qwuw0s-0 aw__sc-ngllmo-0 epAWpq fzYpjk yle__article__paragraph\">Paltamossa yhden henkil\u00f6n kuoleman aiheuttaneen liikenneonnettomuuden ep\u00e4ill\u00e4\u00e4n johtuneen siit\u00e4, ett\u00e4 kuljettajan huomio kiinnittyi muualle. H\u00e4n on kertonut poliisille h\u00e4tistelleens\u00e4 kasvoillaan ollutta \u00f6t\u00f6kk\u00e4\u00e4, ja n\u00e4in menett\u00e4nyt autonsa hallinnan. Tuolloin auto suistui pois tielt\u00e4.<\/p>\n<p class=\"aw__sc-1qwuw0s-0 aw__sc-ngllmo-0 epAWpq fzYpjk yle__article__paragraph\">Torstai-illan onnettomuudessa kuoli auton matkustaja. Poliisi ep\u00e4ilee, ett\u00e4 kyseinen matkustaja ei ollut k\u00e4ytt\u00e4nyt turvavy\u00f6t\u00e4.<\/p>\n<p class=\"aw__sc-1qwuw0s-0 aw__sc-ngllmo-0 epAWpq fzYpjk yle__article__paragraph\">Kaikki auton nelj\u00e4 matkustajaa olivat 20\u201330-vuotiaita miehi\u00e4, kertoo Oulun poliisilaitoksen viestint\u00e4p\u00e4\u00e4llikk\u00f6 <strong class=\"aw__sc-ngllmo-2 gdRrun yle__article__strong\">Tero V\u00e4yrynen.<\/strong><\/p>\n<p class=\"aw__sc-1qwuw0s-0 aw__sc-ngllmo-0 epAWpq fzYpjk yle__article__paragraph\">Kolme muuta autossa ollutta kuljetettiin sairaalaan. V\u00e4yrysen mukaan heit\u00e4 on jo lyhyesti kuultu.<\/p>\n<p class=\"aw__sc-1qwuw0s-0 aw__sc-ngllmo-0 epAWpq fzYpjk yle__article__paragraph\">V\u00e4yrysen mukaan p\u00e4ihteill\u00e4 ei ollut osuutta onnettomuuteen. My\u00f6sk\u00e4\u00e4n ylinopeutta ei ep\u00e4ill\u00e4, ja kuljettajalla on voimassa oleva ajokortti. V\u00e4yrysen mukaan poliisi tutkii nyt onnettomuusauton kunnon selvitt\u00e4\u00e4kseen, oliko autossa jotain, joka vaikutti tielt\u00e4 suistumiseen.<\/p>\n<p class=\"aw__sc-1qwuw0s-0 aw__sc-ngllmo-0 epAWpq fzYpjk yle__article__paragraph\">Auton kuljettajaa ep\u00e4ill\u00e4\u00e4n joko liikenneturvallisuuden vaarantamisesta tai t\u00f6rke\u00e4st\u00e4 liikenneturvallisuuden vaarantamisesta ja kuolemantuottamuksesta.<\/p>\n<p class=\"aw__sc-1qwuw0s-0 aw__sc-ngllmo-0 epAWpq fzYpjk yle__article__paragraph\">Aiemmin samana p\u00e4iv\u00e4n\u00e4 my\u00f6s Oulussa tapahtui onnettomuus, jossa kuljettajan h\u00e4tistelless\u00e4 ampiaista h\u00e4nen kuljettamansa autonsa suistui pois tielt\u00e4. Asiasta kertoi <a class=\"aw__sc-ngllmo-1 bTDnwX yle__article__link\" href=\"https:\/\/www.kaleva.fi\/auto-suistui-kaiteen-yli-oulunsalossa-kuljettaja-k\/13620965\" role=\"link\" rel=\"nofollow noopener\" target=\"_blank\">Kaleva<\/a>. Kuljettajan huomio herpaantui pois liikenteest\u00e4, ja auto p\u00e4\u00e4tyi kaiteen yli kevyenliikenteenv\u00e4yl\u00e4lle. Autoa kuljettanut nainen ei loukkaantunut kyseisess\u00e4 onnettomuudessa, kertoo puolestaan <a class=\"aw__sc-ngllmo-1 bTDnwX yle__article__link\" href=\"https:\/\/www.is.fi\/oulun-seutu\/art-2000012204348.html\" role=\"link\" rel=\"nofollow noopener\" target=\"_blank\">Ilta-Sanomat<\/a>.<\/p>\n","protected":false},"excerpt":{"rendered":"Henkil\u00f6auton matkustaja kuoli auton suistuttua tielt\u00e4 Paltamossa torstai-iltana. Syyksi ep\u00e4ill\u00e4\u00e4n kuljettaja huomion kiinnittymist\u00e4 muualle. Avaa kuvien katselu Onnettomuus&hellip;\n","protected":false},"author":2,"featured_media":324316,"comment_status":"","ping_status":"","sticky":false,"template":"","format":"standard","meta":{"footnotes":"","_share_on_mastodon":"0"},"categories":[5],"tags":[22,23,26,27,33,31,30,17,723,71,24,25,28,29,15,837,18,21,32,19,20,16],"class_list":["post-324315","post","type-post","status-publish","format-standard","has-post-thumbnail","category-otsikot","tag-breaking-news","tag-breakingnews","tag-featured-news","tag-featurednews","tag-fi","tag-finland","tag-finnish","tag-headlines","tag-kainuu","tag-kotimaa","tag-latest-news","tag-latestnews","tag-main-news","tag-mainnews","tag-news","tag-onnettomuudet","tag-otsikot","tag-paauutiset","tag-suomi","tag-top-stories","tag-topstories","tag-uutiset"],"share_on_mastodon":{"url":"https:\/\/pubeurope.com\/@fi\/117092824667555346","error":""},"_links":{"self":[{"href":"https:\/\/www.europesays.com\/fi\/wp-json\/wp\/v2\/posts\/324315","targetHints":{"allow":["GET"]}}],"collection":[{"href":"https:\/\/www.europesays.com\/fi\/wp-json\/wp\/v2\/posts"}],"about":[{"href":"https:\/\/www.europesays.com\/fi\/wp-json\/wp\/v2\/types\/post"}],"author":[{"embeddable":true,"href":"https:\/\/www.europesays.com\/fi\/wp-json\/wp\/v2\/users\/2"}],"replies":[{"embeddable":true,"href":"https:\/\/www.europesays.com\/fi\/wp-json\/wp\/v2\/comments?post=324315"}],"version-history":[{"count":0,"href":"https:\/\/www.europesays.com\/fi\/wp-json\/wp\/v2\/posts\/324315\/revisions"}],"wp:featuredmedia":[{"embeddable":true,"href":"https:\/\/www.europesays.com\/fi\/wp-json\/wp\/v2\/media\/324316"}],"wp:attachment":[{"href":"https:\/\/www.europesays.com\/fi\/wp-json\/wp\/v2\/media?parent=324315"}],"wp:term":[{"taxonomy":"category","embeddable":true,"href":"https:\/\/www.europesays.com\/fi\/wp-json\/wp\/v2\/categories?post=324315"},{"taxonomy":"post_tag","embeddable":true,"href":"https:\/\/www.europesays.com\/fi\/wp-json\/wp\/v2\/tags?post=324315"}],"curies":[{"name":"wp","href":"https:\/\/api.w.org\/{rel}","templated":true}]}}