{"id":324461,"date":"2026-08-14T12:11:07","date_gmt":"2026-08-14T12:11:07","guid":{"rendered":"https:\/\/www.europesays.com\/fi\/324461\/"},"modified":"2026-08-14T12:11:07","modified_gmt":"2026-08-14T12:11:07","slug":"kirkko-ja-kaupunki-osmo-peltola-ja-lilja-morsiusparina-rippileirilla","status":"publish","type":"post","link":"https:\/\/www.europesays.com\/fi\/324461\/","title":{"rendered":"Kirkko ja kaupunki: Osmo Peltola ja Lilja morsiusparina rippileirill\u00e4"},"content":{"rendered":"<p>\n            20250117, Helsinki. Kultainen Venla Gaalan voittajat. Vuoden esiintyj\u00e4 2024, Osmo Peltola.<br \/>\n            Timo Korhonen\n        <\/p>\n<p class=\"subtitle \">Peltsi ja Osmo -ohjelman t\u00e4hti sanoo suoran mielipiteens\u00e4 Jumalasta.<\/p>\n<p class=\"article-content article-content-width !bg-background\">Ylen Peltsi ja Osmo -ohjelmasta sek\u00e4 vierailuista Peltsin toinen luonto -ohjelmassa tunnettu  on testannut naimisiin menemist\u00e4.<\/p>\n<p class=\"font-weight-bold m-font-weight-bold article-content article-content-width !bg-background\">Video: Peltsi ja Osmo vastaavat nopeisiin kysymyksiin.<\/p>\n<p class=\"article-content article-content-width !bg-background\"><a href=\"https:\/\/www.kirkkojakaupunki.fi\/-\/ripari-on-ihan-jees-helsinkilaisen-osmo-peltolan-kesa-alkoi-monimuotoista-toimintaa-tarjonneella-rippileirilla-karjaalla\" target=\"_blank\" rel=\"nofollow noopener\">Kirkko ja kaupunki -lehden seuraamalla\u00a0<\/a>Helsingin seurakuntayhtym\u00e4n vammaisty\u00f6n rippikoululeirill\u00e4 tutustuttiin t\u00e4n\u00e4 kes\u00e4n\u00e4 muun muassa kirkkoh\u00e4ihin.<\/p>\n<p class=\"article-content article-content-width !bg-background\">Yksi sulhasen roolia kokeilleista riparilaisista oli tv-katsojien suosikki Osmo.<\/p>\n<p class=\"article-content article-content-width !bg-background\">Osmo marssi alttarille rinnallaan -niminen morsian. Osmolla oli kravatti kaulassa ja liivit yll\u00e4\u00e4n. Liljalla puolestaan oli huntu p\u00e4\u00e4ss\u00e4.<\/p>\n<p class=\"article-content article-content-width !bg-background\">Heid\u00e4n per\u00e4ss\u00e4\u00e4n Karjaan keskiaikaisen kirkon k\u00e4yt\u00e4v\u00e4\u00e4 pitkin asteli muita riparinuoria, jotka kannattelivat harsolaahusta.<\/p>\n<p class=\"article-content article-content-width !bg-background\">H\u00e4\u00e4harjoitusten yhteydess\u00e4 Osmo avasi ajatuksiaan ihastumisen osoittamisesta toiselle. Osmon mielest\u00e4 hyv\u00e4 keino t\u00e4h\u00e4n on esimerkiksi pyyt\u00e4\u00e4 toista Linnanm\u00e4elle, jossa voi pit\u00e4\u00e4 yhdess\u00e4 hauskaa laitteissa.<\/p>\n<p class=\"article-content article-content-width !bg-background\">Osmo sanoo KK:n haastattelussa h\u00e4iden harjoittelun olleen kivaa. Lehti on julkaissut Osmon riparikuulumisia my\u00f6s Facebook-tilill\u00e4\u00e4n.<\/p>\n<p>        <a itemprop=\"url\" href=\"https:\/\/www.seiska.fi\/katso\/suosikkiohjelma-loppui-yllattaen-peltsi-ja-juuso-paljastavat-syyn\/2200127\" rel=\"nofollow noopener\" target=\"_blank\"><\/p>\n<p>\nSuosikkiohjelma loppui yll\u00e4tt\u00e4en:\n<\/p>\n<p class=\"section-date\">\n        <strong class=\"article-section\" data-section=\"katso\"><br \/>\n            katso<br \/>\n        <\/strong><br \/>\n        9.7. 05:15\n    <\/p>\n<p>Suosikkiohjelma loppui yll\u00e4tt\u00e4en: Peltsi ja Juuso paljastavat syyn\n    <\/p>\n<p itemprop=\"description\" class=\"subtitle \">\n    Mikko &#8221;Peltsi&#8221; Peltola ja Juuso Myllyrinne kertovat, mit\u00e4 eiv\u00e4t en\u00e4\u00e4 sano radiossa.\n<\/p>\n<p>        <\/a><\/p>\n<p>Suorat sanat Jumalasta<\/p>\n<p class=\"article-content article-content-width !bg-background\">Rippikoulun suorittaneen Osmon mielest\u00e4 rippileirin oppitunnit olivat mukavia, sill\u00e4 niihin liittyi paljon tekemist\u00e4 ja toimintaa.<\/p>\n<p class=\"article-content article-content-width !bg-background\">Haastattelussa Osmo raottaa ajatuksiaan uskonasioistakin.<\/p>\n<p class=\"article-content article-content-width !bg-background\">\u2013\tJeesus on tuttu koulun uskontotunneilta ja tuntuu ihan hyv\u00e4lt\u00e4 tyypilt\u00e4. Jumalaan en silti osaa uskoa, Osmo arvioi.<\/p>\n<p>                <img decoding=\"async\" src=\"https:\/\/www.europesays.com\/fi\/wp-content\/uploads\/2026\/08\/2023077.webp\" width=\"576\" height=\"360\" title=\"Oman ohjelmansa lis\u00e4ksi Osmo Peltola on hurmannut katsojia my\u00f6s is\u00e4ns\u00e4 Mikko 'Peltsi' Peltolan luontosarjassa.\" alt=\"Osmo ja Mikko 'Peltsi' Peltola pitelev\u00e4t isoa kalaa.\" loading=\"lazy\" \/>            <\/p>\n<p>\n            Oman ohjelmansa lis\u00e4ksi Osmo Peltola on hurmannut katsojia my\u00f6s is\u00e4ns\u00e4 Mikko &#8221;Peltsi&#8221; Peltolan luontosarjassa.<br \/>\n            Sami Jumppanen\/Yle\n        <\/p>\n<p class=\"article-content article-content-width !bg-background\">Osmo on saavuttanut valtavan suosion is\u00e4ns\u00e4  kanssa tekemill\u00e4\u00e4n ohjelmilla.<\/p>\n<p class=\"article-content article-content-width !bg-background\">\u2013\tOhjelmaa oli mukava tehd\u00e4, kun sai viett\u00e4\u00e4 aikaa isk\u00e4n kanssa retkeilem\u00e4ss\u00e4. Pisin reissu kesti pari viikkoa, ja p\u00e4rj\u00e4\u00e4n luonnossa jo hyvin, Osmo sanoo KK:ssa.<\/p>\n<p class=\"article-content article-content-width !bg-background\">Osmo ei kuitenkaan haaveile tv-ty\u00f6st\u00e4 itselleen uraa. H\u00e4n nimitt\u00e4in aikoo isona poliisiksi.<\/p>\n<p class=\"italic m-italic article-content article-content-width !bg-background\">Peltsi ja Osmo sek\u00e4 Peltsin toinen luonto ovat katsottavissa Yle Areenassa.<\/p>\n<p>        <a itemprop=\"url\" href=\"https:\/\/www.seiska.fi\/katso\/mita-tapahtui-summerin-juontajille\/2188524\" rel=\"nofollow noopener\" target=\"_blank\"><\/p>\n<p>\nYll\u00e4tt\u00e4v\u00e4t kohtalot\n<\/p>\n<p class=\"section-date\">\n        <strong class=\"article-section\" data-section=\"katso\"><br \/>\n            katso<br \/>\n        <\/strong><br \/>\n        27.6. 07:15\n    <\/p>\n<p>Mit\u00e4 tapahtui Summerin juontajille?\n    <\/p>\n<p itemprop=\"description\" class=\"subtitle \">\n    Suurin osa entisist\u00e4 Summerin juontajista on t\u00f6iss\u00e4 tv-alalla edelleen.\n<\/p>\n<p>        <\/a><\/p>\n","protected":false},"excerpt":{"rendered":"20250117, Helsinki. Kultainen Venla Gaalan voittajat. Vuoden esiintyj\u00e4 2024, Osmo Peltola. Timo Korhonen Peltsi ja Osmo -ohjelman t\u00e4hti&hellip;\n","protected":false},"author":2,"featured_media":324462,"comment_status":"","ping_status":"","sticky":false,"template":"","format":"standard","meta":{"footnotes":"","_share_on_mastodon":"0"},"categories":[136],"tags":[407,137,33,31,30,408,3222,5601,5600,6631,26603,32,109,1149],"class_list":["post-324461","post","type-post","status-publish","format-standard","has-post-thumbnail","category-julkkikset","tag-celebrities","tag-entertainment","tag-fi","tag-finland","tag-finnish","tag-julkkikset","tag-mikko-peltola","tag-osmo-peltola","tag-peltsi-ja-osmo","tag-peltsin-toinen-luonto","tag-rippikoulu","tag-suomi","tag-viihde","tag-yle"],"share_on_mastodon":{"url":"https:\/\/pubeurope.com\/@fi\/117093799713425085","error":""},"_links":{"self":[{"href":"https:\/\/www.europesays.com\/fi\/wp-json\/wp\/v2\/posts\/324461","targetHints":{"allow":["GET"]}}],"collection":[{"href":"https:\/\/www.europesays.com\/fi\/wp-json\/wp\/v2\/posts"}],"about":[{"href":"https:\/\/www.europesays.com\/fi\/wp-json\/wp\/v2\/types\/post"}],"author":[{"embeddable":true,"href":"https:\/\/www.europesays.com\/fi\/wp-json\/wp\/v2\/users\/2"}],"replies":[{"embeddable":true,"href":"https:\/\/www.europesays.com\/fi\/wp-json\/wp\/v2\/comments?post=324461"}],"version-history":[{"count":0,"href":"https:\/\/www.europesays.com\/fi\/wp-json\/wp\/v2\/posts\/324461\/revisions"}],"wp:featuredmedia":[{"embeddable":true,"href":"https:\/\/www.europesays.com\/fi\/wp-json\/wp\/v2\/media\/324462"}],"wp:attachment":[{"href":"https:\/\/www.europesays.com\/fi\/wp-json\/wp\/v2\/media?parent=324461"}],"wp:term":[{"taxonomy":"category","embeddable":true,"href":"https:\/\/www.europesays.com\/fi\/wp-json\/wp\/v2\/categories?post=324461"},{"taxonomy":"post_tag","embeddable":true,"href":"https:\/\/www.europesays.com\/fi\/wp-json\/wp\/v2\/tags?post=324461"}],"curies":[{"name":"wp","href":"https:\/\/api.w.org\/{rel}","templated":true}]}}