{"id":324497,"date":"2026-08-14T13:12:13","date_gmt":"2026-08-14T13:12:13","guid":{"rendered":"https:\/\/www.europesays.com\/fi\/324497\/"},"modified":"2026-08-14T13:12:13","modified_gmt":"2026-08-14T13:12:13","slug":"15-vuotta-suunnitellun-tuulivoimapuiston-nahtavillaolo-keskeytetaan-puutteita-aineistossa-satakunta","status":"publish","type":"post","link":"https:\/\/www.europesays.com\/fi\/324497\/","title":{"rendered":"15 vuotta suunnitellun tuulivoim\u00adapuiston n\u00e4ht\u00e4vill\u00e4olo keskeytet\u00e4\u00e4n \u2013 puutteita aineistossa | Satakunta"},"content":{"rendered":"<p class=\"aw__sc-1qwuw0s-0 aw__sc-1vg2sqm-0 epAWpq ecELkD yle__article__paragraph\">Ahlaisten Lammin tuulivoim\u00adapuiston osayleiskaavan n\u00e4ht\u00e4vill\u00e4olo keskeytet\u00e4\u00e4n aineiston puutteiden takia. Kaksi virhett\u00e4 korjataan ennen uutta n\u00e4ht\u00e4vill\u00e4oloa.<\/p>\n<p><img decoding=\"async\" alt=\"Tuulivoimala. Taustalla n\u00e4kyy sinist\u00e4 taivasta ja pilvenharsoa. \" src=\"https:\/\/www.europesays.com\/fi\/wp-content\/uploads\/2026\/08\/1772095556.jpeg\" class=\"aw__sc-dklauk-0 LPzKX\"\/><\/p>\n<p>Avaa kuvien katselu<\/p>\n<p>Ahlaisiin on tarkoitus rakentaa 12 tuulivoimalaa. Kuva: Kalle Niskala \/ Yle<\/p>\n<p class=\"aw__sc-1qwuw0s-0 aw__sc-ngllmo-0 epAWpq fzYpjk yle__article__paragraph\">Pitk\u00e4\u00e4n <a class=\"aw__sc-ngllmo-1 bTDnwX yle__article__link\" href=\"https:\/\/yle.fi\/a\/74-20229588\" role=\"link\" rel=\"nofollow noopener\" target=\"_blank\">valmistellun ja paljon keskustelua her\u00e4tt\u00e4neen Porin Ahlaisten Lammin tuulivoimapuiston<\/a> osayleiskaavan n\u00e4ht\u00e4vill\u00e4olo keskeytet\u00e4\u00e4n. Tuulivoimapuistoa on suunniteltu Ahlaisiin jo 15 vuotta.<\/p>\n<p class=\"aw__sc-1qwuw0s-0 aw__sc-ngllmo-0 epAWpq fzYpjk yle__article__paragraph\">Porin kaupunginhallitus k\u00e4sittelee asiaa kokouksessaan maanantaina. N\u00e4ht\u00e4vill\u00e4olon aikana kaava-aineiston liitteiss\u00e4 on havaittu puutteita, jotka edellytt\u00e4v\u00e4t aineiston korjaamista.<\/p>\n<p class=\"aw__sc-1qwuw0s-0 aw__sc-ngllmo-0 epAWpq fzYpjk yle__article__paragraph\">Virheiden vuoksi n\u00e4ht\u00e4vill\u00e4olo esitet\u00e4\u00e4n keskeytett\u00e4v\u00e4ksi, jotta kaavaehdotuksen liitteet voidaan korjata ja t\u00e4ydent\u00e4\u00e4.<\/p>\n<p class=\"aw__sc-1qwuw0s-0 aw__sc-ngllmo-0 epAWpq fzYpjk yle__article__paragraph\">Kaava-aineiston kahdessa liitteess\u00e4 on ollut virheit\u00e4. Toisessa kohdassa vuonna 2024 tehdyst\u00e4 linnustoselvityksest\u00e4 on puuttunut asiaan kuulunut liite.<\/p>\n<p class=\"aw__sc-1qwuw0s-0 aw__sc-ngllmo-0 epAWpq fzYpjk yle__article__paragraph\">Pintavesiselvityksest\u00e4 puolestaan on lopullisen version sijasta ollut n\u00e4ht\u00e4vill\u00e4 selvityksen luonnosversio ilman liitteit\u00e4.<\/p>\n<p class=\"aw__sc-1qwuw0s-0 aw__sc-ngllmo-0 epAWpq fzYpjk yle__article__paragraph\">\u2013 N\u00e4m\u00e4 asiat korjataan. Asia laitetaan uudelleen n\u00e4ht\u00e4ville ja sille asetetaan uusi n\u00e4ht\u00e4vill\u00e4oloaika, sanoo yleiskaavap\u00e4\u00e4llikk\u00f6 <strong class=\"aw__sc-ngllmo-2 gdRrun yle__article__strong\">Kirsi-Maria Viljanen<\/strong> Porin kaupungilta. Viljasen mukaan asia itsess\u00e4\u00e4n ei korjauksista muutu.<\/p>\n<p class=\"aw__sc-1qwuw0s-0 aw__sc-ngllmo-0 epAWpq fzYpjk yle__article__paragraph\">Osayleiskaavaehdotuksen ensimm\u00e4isen n\u00e4ht\u00e4vill\u00e4oloajan aikana j\u00e4tetyt muistutukset ja lausunnot s\u00e4ilyv\u00e4t voimassa ja ne k\u00e4sitell\u00e4\u00e4n normaalisti osana kaavaprosessia. Aiemmin muistutuksen tai lausunnon j\u00e4tt\u00e4neet voivat halutessaan t\u00e4ydent\u00e4\u00e4 tai p\u00e4ivitt\u00e4\u00e4 niit\u00e4 uuden n\u00e4ht\u00e4vill\u00e4oloajan aikana.<\/p>\n<p>Tuulipuiston vaiherikkaat vaiheet<\/p>\n<p class=\"aw__sc-1qwuw0s-0 aw__sc-ngllmo-0 epAWpq fzYpjk yle__article__paragraph\">Tuulivoimapuiston p\u00e4\u00e4t\u00f6ksenteossa on n\u00e4hty paljon. Porin <a class=\"aw__sc-ngllmo-1 bTDnwX yle__article__link\" href=\"https:\/\/yle.fi\/a\/3-10093166\" role=\"link\" rel=\"nofollow noopener\" target=\"_blank\">kaupunginvaltuusto hyv\u00e4ksyi tuulivoimakaavan<\/a> jo vuonna 2018<\/p>\n<p class=\"aw__sc-1qwuw0s-0 aw__sc-ngllmo-0 epAWpq fzYpjk yle__article__paragraph\">Korkein hallinto-oikeus (KHO) kuitenkin kumosi p\u00e4\u00e4t\u00f6ksen.<\/p>\n<p class=\"aw__sc-1qwuw0s-0 aw__sc-ngllmo-0 epAWpq fzYpjk yle__article__paragraph\">KHO:n mukaan Pori Energian hallitukseen kuulunut valtuutettu <strong class=\"aw__sc-ngllmo-2 gdRrun yle__article__strong\">Martti Lund\u00e9n<\/strong> (sd.) oli <a class=\"aw__sc-ngllmo-1 bTDnwX yle__article__link\" href=\"https:\/\/yle.fi\/a\/3-11955947\" role=\"link\" rel=\"nofollow noopener\" target=\"_blank\">j\u00e4\u00e4vi p\u00e4\u00e4tt\u00e4m\u00e4\u00e4n asiasta<\/a>, koska oli osallistunut aiemmin osayleiskaavan k\u00e4sittelyyn Porin kaupunginhallituksen useissa kokouksissa.<\/p>\n<p class=\"aw__sc-1qwuw0s-0 aw__sc-ngllmo-0 epAWpq fzYpjk yle__article__paragraph\">Satawindin toimitusjohtaja <strong class=\"aw__sc-ngllmo-2 gdRrun yle__article__strong\">Jussi Kokkila<\/strong> <a class=\"aw__sc-ngllmo-1 bTDnwX yle__article__link\" href=\"https:\/\/yle.fi\/a\/74-20229588\" role=\"link\" rel=\"nofollow noopener\" target=\"_blank\">sanoi Ylelle kes\u00e4kuussa<\/a>, ett\u00e4 usko hankkeeseen ei horju.<\/p>\n<p class=\"aw__sc-1qwuw0s-0 aw__sc-ngllmo-0 epAWpq fzYpjk yle__article__paragraph\">\u2013 T\u00e4h\u00e4n on k\u00e4ytetty paljon varoja, ja uusiutuvalle energialle on ollut aiemmin kysynt\u00e4\u00e4 ja erityisesti kysynt\u00e4\u00e4 on nyt.<\/p>\n","protected":false},"excerpt":{"rendered":"Ahlaisten Lammin tuulivoim\u00adapuiston osayleiskaavan n\u00e4ht\u00e4vill\u00e4olo keskeytet\u00e4\u00e4n aineiston puutteiden takia. Kaksi virhett\u00e4 korjataan ennen uutta n\u00e4ht\u00e4vill\u00e4oloa. Avaa kuvien katselu&hellip;\n","protected":false},"author":2,"featured_media":324498,"comment_status":"","ping_status":"","sticky":false,"template":"","format":"standard","meta":{"footnotes":"","_share_on_mastodon":"0"},"categories":[112],"tags":[2038,33,31,30,2787,10201,968,118,32,119,2025,2024,2026],"class_list":["post-324497","post","type-post","status-publish","format-standard","has-post-thumbnail","category-tiede","tag-energia","tag-fi","tag-finland","tag-finnish","tag-pori","tag-porin-seutukunta","tag-satakunta","tag-science","tag-suomi","tag-tiede","tag-tuulienergia","tag-tuulipuistot","tag-tuulivoimalat"],"share_on_mastodon":{"url":"https:\/\/pubeurope.com\/@fi\/117094039800731290","error":""},"_links":{"self":[{"href":"https:\/\/www.europesays.com\/fi\/wp-json\/wp\/v2\/posts\/324497","targetHints":{"allow":["GET"]}}],"collection":[{"href":"https:\/\/www.europesays.com\/fi\/wp-json\/wp\/v2\/posts"}],"about":[{"href":"https:\/\/www.europesays.com\/fi\/wp-json\/wp\/v2\/types\/post"}],"author":[{"embeddable":true,"href":"https:\/\/www.europesays.com\/fi\/wp-json\/wp\/v2\/users\/2"}],"replies":[{"embeddable":true,"href":"https:\/\/www.europesays.com\/fi\/wp-json\/wp\/v2\/comments?post=324497"}],"version-history":[{"count":0,"href":"https:\/\/www.europesays.com\/fi\/wp-json\/wp\/v2\/posts\/324497\/revisions"}],"wp:featuredmedia":[{"embeddable":true,"href":"https:\/\/www.europesays.com\/fi\/wp-json\/wp\/v2\/media\/324498"}],"wp:attachment":[{"href":"https:\/\/www.europesays.com\/fi\/wp-json\/wp\/v2\/media?parent=324497"}],"wp:term":[{"taxonomy":"category","embeddable":true,"href":"https:\/\/www.europesays.com\/fi\/wp-json\/wp\/v2\/categories?post=324497"},{"taxonomy":"post_tag","embeddable":true,"href":"https:\/\/www.europesays.com\/fi\/wp-json\/wp\/v2\/tags?post=324497"}],"curies":[{"name":"wp","href":"https:\/\/api.w.org\/{rel}","templated":true}]}}