{"id":324667,"date":"2026-08-14T17:45:13","date_gmt":"2026-08-14T17:45:13","guid":{"rendered":"https:\/\/www.europesays.com\/fi\/324667\/"},"modified":"2026-08-14T17:45:13","modified_gmt":"2026-08-14T17:45:13","slug":"kaksi-hyvinvointialuetta-keskeyttaa-uudet-sijoitukset-abnoyn-lastensuojeluyksikoihin-kotimaa","status":"publish","type":"post","link":"https:\/\/www.europesays.com\/fi\/324667\/","title":{"rendered":"Kaksi hyvinvointi\u00adaluetta keskeytt\u00e4\u00e4 uudet sijoitukset Abnoyn lastensuojelu\u00adyksik\u00f6ihin | Kotimaa"},"content":{"rendered":"<p class=\"aw__sc-1qwuw0s-0 aw__sc-1vg2sqm-0 epAWpq ecELkD yle__article__paragraph\">Ylen MOT:n selvityksen mukaan v\u00e4kivaltaan ja huumeiden k\u00e4ytt\u00f6\u00f6n ei ole puututtu laitoksissa riitt\u00e4v\u00e4sti ja ongelmia on piiloteltu viranomaisilta.<\/p>\n<p><img decoding=\"async\" alt=\"Keltainen puutalo kuvattuna aamuauringossa. Takapihalla on pys\u00e4k\u00f6ityn\u00e4 auto.\" src=\"https:\/\/www.europesays.com\/fi\/wp-content\/uploads\/2026\/08\/1784621931.jpeg\" class=\"aw__sc-dklauk-0 LPzKX\"\/><\/p>\n<p>Avaa kuvien katselu<\/p>\n<p>Abnoyn vaativan tason lastensuojeluyksikk\u00f6 Villa Junior Kuru on muuttamassa parhaillaan Yl\u00f6j\u00e4rven Kurusta Sastamalaan. Yksikk\u00f6 on her\u00e4tt\u00e4nyt ymp\u00e4rist\u00f6ss\u00e4 huolta useita vuosia. Kuva: Sanni Isom\u00e4ki \/ Yle<\/p>\n<ul class=\"aw__sc-1yb43iq-0 gFXHv yle__article__list yle__article__list--ul\">\n<li class=\"aw__sc-1yb43iq-1 gVAzbt\">Pirkanmaan ja Etel\u00e4-Pohjanmaan hyvinvointialueet keskeytt\u00e4v\u00e4t uudet lasten sijoitukset Abnoy oy:n lastensuojelulaitoksiin.<\/li>\n<li class=\"aw__sc-1yb43iq-1 gVAzbt\">Ylen MOT paljasti, ett\u00e4 laitoksissa v\u00e4kivaltaan ja huumeiden k\u00e4ytt\u00f6\u00f6n ei ole puututtu riitt\u00e4v\u00e4sti. Ongelmia on piiloteltu viranomaisilta.<\/li>\n<li class=\"aw__sc-1yb43iq-1 gVAzbt\">Pirkanmaalla sijoitettujen lasten tilanne arvioidaan. Etel\u00e4-Pohjanmaalla sijoitetut lapset voivat jatkaa yksik\u00f6iss\u00e4.<\/li>\n<\/ul>\n<p class=\"aw__sc-1qwuw0s-0 aw__sc-ngllmo-0 epAWpq fzYpjk yle__article__paragraph\">Kaksi hyvinvointialuetta keskeytt\u00e4\u00e4 lasten uudet sijoitukset Abnoy oy:n lastensuojelulaitoksiin, kunnes niiden toiminta on varmistettu. Ylen MOT paljasti <a class=\"aw__sc-ngllmo-1 bTDnwX yle__article__link\" href=\"https:\/\/yle.fi\/a\/74-20238714\" role=\"link\" rel=\"nofollow noopener\" target=\"_blank\">vakavia ongelmia Abnoyn toiminnassa<\/a>.<\/p>\n<p class=\"aw__sc-1qwuw0s-0 aw__sc-ngllmo-0 epAWpq fzYpjk yle__article__paragraph\">Yhti\u00f6ll\u00e4 on viisi lastensuojeluyksikk\u00f6\u00e4 Pirkanmaalla, Etel\u00e4-Pohjanmaalla ja Kanta-H\u00e4meess\u00e4.<\/p>\n<p class=\"aw__sc-1qwuw0s-0 aw__sc-ngllmo-0 epAWpq fzYpjk yle__article__paragraph\">Entiset ty\u00f6ntekij\u00e4t kertovat MOT:lle, ettei v\u00e4kivaltaan ja huumeiden k\u00e4ytt\u00f6\u00f6n ole puututtu riitt\u00e4v\u00e4sti ja ongelmia on piiloteltu viranomaisilta.<\/p>\n<p><img decoding=\"async\" alt=\"Lastensuojelulaitoksen entinen ty\u00f6ntekij\u00e4 mets\u00e4ss\u00e4, aurinko paistaa kirkkaasti puiden lomasta.\" src=\"https:\/\/www.europesays.com\/fi\/wp-content\/uploads\/2026\/08\/1783000568.jpeg\" class=\"aw__sc-dklauk-0 LPzKX\"\/><\/p>\n<p class=\"aw__sc-1qwuw0s-0 aw__sc-ngllmo-0 epAWpq fzYpjk yle__article__paragraph\">Pirkanmaan ja Etel\u00e4-Pohjanmaan hyvinvointialueet kertovat keskeytt\u00e4v\u00e4ns\u00e4 uudet sijoitukset yhti\u00f6n laitoksiin, kunnes on varmistettu niiden lastensuojelulain mukainen toiminta.<\/p>\n<p class=\"aw__sc-1qwuw0s-0 aw__sc-ngllmo-0 epAWpq fzYpjk yle__article__paragraph\">Kanta-H\u00e4meen hyvinvointialueelta kerrotaan, ettei akuuteille toimenpiteille ole tarvetta, koska Abnoyn yksik\u00f6ihin ei ole t\u00e4ll\u00e4 hetkell\u00e4 sijoitettuna alueelta tulevia lapsia.<\/p>\n<p>Pirkanmaalla ollaan yhteydess\u00e4 lapsiin<\/p>\n<p class=\"aw__sc-1qwuw0s-0 aw__sc-ngllmo-0 epAWpq fzYpjk yle__article__paragraph\">Pirkanmaalla Pirhan lastensuojeluasioista vastaava palvelujohtaja <strong class=\"aw__sc-ngllmo-2 gdRrun yle__article__strong\">Titta Pelttari<\/strong> sanoo, ett\u00e4 Ylen jutun mukaisista ongelmista tai niiden laajuudesta ei Pirhassa ole ollut tietoa.<\/p>\n<p class=\"aw__sc-1qwuw0s-0 aw__sc-ngllmo-0 epAWpq fzYpjk yle__article__paragraph\">H\u00e4n kertoo, ett\u00e4 lasten tilanne arvioidaan yksil\u00f6llisesti ja kaikki lapset kontaktoidaan.<\/p>\n<p class=\"aw__sc-1qwuw0s-0 aw__sc-ngllmo-0 epAWpq fzYpjk yle__article__paragraph\">\u2013 Sosiaality\u00f6ntekij\u00f6ille on annettu t\u00e4m\u00e4 teht\u00e4v\u00e4ksi t\u00e4n\u00e4\u00e4n. Uusia sijoituksia ei tehd\u00e4 kyseisiin laitoksiin selvityksen aikana.<\/p>\n<p><img decoding=\"async\" alt=\"Nainen katsoo kameraan hymyillen.\" src=\"https:\/\/www.europesays.com\/fi\/wp-content\/uploads\/2026\/08\/1739531889.jpeg\" loading=\"lazy\" class=\"aw__sc-dklauk-0 LPzKX\"\/><\/p>\n<p>Avaa kuvien katselu<\/p>\n<p>Titta Pelttarin mukaan sopimukset voidaan purkaa sellaisten laitosten kanssa, joiden toiminnassa havaitaan ep\u00e4kohtia. Kuva: Marko Melto \/ YleEtel\u00e4-Pohjanmaalla sijoitetut lapset voivat jatkaa yksik\u00f6iss\u00e4<\/p>\n<p class=\"aw__sc-1qwuw0s-0 aw__sc-ngllmo-0 epAWpq fzYpjk yle__article__paragraph\">Etel\u00e4-Pohjanmaan hyvinvointialueella ei toistaiseksi tehd\u00e4 uusia sijoituksia Abnoyn laitoksiin.<\/p>\n<p class=\"aw__sc-1qwuw0s-0 aw__sc-ngllmo-0 epAWpq fzYpjk yle__article__paragraph\">Lastensuojelusta vastaava palvelualuejohtaja <strong class=\"aw__sc-ngllmo-2 gdRrun yle__article__strong\">Satu M\u00e4ki-Fossi<\/strong> sanoo, ett\u00e4 toiminnan annetaan kuitenkin jatkua niiss\u00e4 yhti\u00f6n yksik\u00f6iss\u00e4, joissa sijoitetut lapset ovat t\u00e4ll\u00e4 hetkell\u00e4.<\/p>\n<p class=\"aw__sc-1qwuw0s-0 aw__sc-ngllmo-0 epAWpq fzYpjk yle__article__paragraph\">\u2013 Sijoitettujen lasten asioista vastaavat sosiaality\u00f6ntekij\u00e4t eiv\u00e4t ole raportoineet sellaista, mik\u00e4 antaisi aihetta arvioida asiaa toisin.<\/p>\n<p class=\"aw__sc-1qwuw0s-0 aw__sc-ngllmo-0 epAWpq fzYpjk yle__article__paragraph\">H\u00e4n kertoo, ett\u00e4 joiltakin osin MOT:n jutussa kerrotut asiat ovat olleet tiedossa. Jutussa on kuitenkin tuotu esiin my\u00f6s asioita, joita ei ole noussut esiin ainakaan niiss\u00e4 yksik\u00f6iss\u00e4, joihin valvontaa on tehty.<\/p>\n<p class=\"aw__sc-1qwuw0s-0 aw__sc-ngllmo-0 epAWpq fzYpjk yle__article__paragraph\">Etel\u00e4-Pohjanmaan hyvinvointialueen sijoittamia asiakkaita on t\u00e4ll\u00e4 hetkell\u00e4 Kurikan Jalasj\u00e4rvell\u00e4 Villa Kultalassa ja H\u00e4meenlinnassa Villa Junior Iittalassa.<\/p>\n<p>Valvontavastuu on monimutkainen vyyhti<\/p>\n<p class=\"aw__sc-1qwuw0s-0 aw__sc-ngllmo-0 epAWpq fzYpjk yle__article__paragraph\">Satu M\u00e4ki-Fossi kertoo, ett\u00e4 lastensuojeluyksik\u00f6iden valvonta jakautuu usealle eri taholle.<\/p>\n<p class=\"aw__sc-1qwuw0s-0 aw__sc-ngllmo-0 epAWpq fzYpjk yle__article__paragraph\">Lapsikohtaista valvontaa toteuttaa lapsen asioista vastaava sosiaality\u00f6ntekij\u00e4 virkavastuullaan. Hyvinvointialueilla on valvontavastuu yksik\u00f6ihin, joihin ne ovat sijoittaneet lapsia.<\/p>\n<p><img decoding=\"async\" alt=\"Keltainen puutalo vihre\u00e4n puuston keskell\u00e4 kuvattuna aamuauringossa. Etualalla valkoinen aita.\" src=\"https:\/\/www.europesays.com\/fi\/wp-content\/uploads\/2026\/08\/1784621952.jpeg\" class=\"aw__sc-dklauk-0 LPzKX\"\/><\/p>\n<p class=\"aw__sc-1qwuw0s-0 aw__sc-ngllmo-0 epAWpq fzYpjk yle__article__paragraph\">Jos ep\u00e4kohtia ilmenee, ensiksi selvitet\u00e4\u00e4n, koskeeko ep\u00e4kohta yksitt\u00e4ist\u00e4 lasta vai kaikkia yksik\u00f6n lapsia.<\/p>\n<p class=\"aw__sc-1qwuw0s-0 aw__sc-ngllmo-0 epAWpq fzYpjk yle__article__paragraph\">Jos ep\u00e4kohta koskee yksitt\u00e4ist\u00e4 lasta, valvonnan toteuttavat lapsen asioista vastaava sosiaality\u00f6ntekij\u00e4 ja lastensuojelun palvelualue.<\/p>\n<p class=\"aw__sc-1qwuw0s-0 aw__sc-ngllmo-0 epAWpq fzYpjk yle__article__paragraph\">Jos ep\u00e4kohta koskee kaikkia yksik\u00f6n lapsia, valvontalaki velvoittaa hyvinvointialueet yhteisty\u00f6h\u00f6n. T\u00e4ll\u00f6in kontaktoidaan kaikki yksikk\u00f6\u00f6n sijoittaneet hyvinvointialueet ja k\u00e4ynnistet\u00e4\u00e4n valvontatapahtuma, johon kuuluu valvontak\u00e4ynti ja laaja asiakirjavalvonta.<\/p>\n<p class=\"aw__sc-1qwuw0s-0 aw__sc-ngllmo-0 epAWpq fzYpjk yle__article__paragraph\">K\u00e4ynnill\u00e4 kuullaan henkil\u00f6st\u00f6\u00e4 ja lasten asioista vastaavia sosiaality\u00f6ntekij\u00f6it\u00e4. Yhteisty\u00f6h\u00f6n kytket\u00e4\u00e4n my\u00f6s sopimusvalvonta, joka seuraa sopimusten noudattamista.<\/p>\n<p class=\"aw__sc-1qwuw0s-0 aw__sc-ngllmo-0 epAWpq fzYpjk yle__article__paragraph\">M\u00e4ki-Fossi korostaa, ett\u00e4 lapsen turvallisuuden kannalta keskeisess\u00e4 roolissa on lapsen asioista vastaava sosiaality\u00f6ntekij\u00e4.<\/p>\n<p class=\"aw__sc-1qwuw0s-0 aw__sc-ngllmo-0 epAWpq fzYpjk yle__article__paragraph\">\u2013 Mik\u00e4li lapsi on v\u00e4litt\u00f6m\u00e4ss\u00e4 vaarassa, on mahdollista siirt\u00e4\u00e4 lapsi toiseen sijaishuoltoyksikk\u00f6\u00f6n. Ty\u00f6ntekij\u00f6iden turvallisuutta valvovat ty\u00f6nantaja ja ty\u00f6suojelu.<\/p>\n<p>Kanta-H\u00e4meest\u00e4 ei ole lapsia Abnoyn yksik\u00f6iss\u00e4<\/p>\n<p class=\"aw__sc-1qwuw0s-0 aw__sc-ngllmo-0 epAWpq fzYpjk yle__article__paragraph\">Kanta-H\u00e4meen hyvinvointialueen lastensuojelun tulosaluejohtaja on <strong class=\"aw__sc-ngllmo-2 gdRrun yle__article__strong\">Taija Yl\u00e4talo<\/strong>. H\u00e4n kertoo s\u00e4hk\u00f6postitse, ettei hyvinvointialue ei ole t\u00e4ll\u00e4 hetkell\u00e4 sijoittanut yht\u00e4\u00e4n lasta MOT:n jutun k\u00e4sittelem\u00e4\u00e4n viiteen yksikk\u00f6\u00f6n.<\/p>\n<p class=\"aw__sc-1qwuw0s-0 aw__sc-ngllmo-0 epAWpq fzYpjk yle__article__paragraph\">\u2013 Mahdollisten ongelmien tullessa tietoomme niihin puututtaisiin sijoituksen aikana lapsikohtaisen valvonnan keinoin ja valvontayksik\u00f6n toimesta yksikk\u00f6kohtaisen valvonnan my\u00f6t\u00e4.<\/p>\n<p class=\"aw__sc-1qwuw0s-0 aw__sc-ngllmo-0 epAWpq fzYpjk yle__article__paragraph\">Hyvinvointialueen ohjaus- ja valvontayksikk\u00f6 on Yl\u00e4talon mukaan tehnyt selvityksen Abnoyn Iittalan yksik\u00f6n ja H\u00e4meen poliisin kanssa yhteisty\u00f6ss\u00e4 kev\u00e4\u00e4ll\u00e4 2024 liittyen runsaaseen virka-avun m\u00e4\u00e4r\u00e4\u00e4n Iittalan yksik\u00f6ss\u00e4.<\/p>\n<p class=\"aw__sc-1qwuw0s-0 aw__sc-ngllmo-0 epAWpq fzYpjk yle__article__paragraph\">\u2013 T\u00e4ll\u00f6in valvonta-asiassa ilmenneet haasteet eiv\u00e4t p\u00e4\u00e4osin liittyneet palveluntuottajan toimintaan.<\/p>\n","protected":false},"excerpt":{"rendered":"Ylen MOT:n selvityksen mukaan v\u00e4kivaltaan ja huumeiden k\u00e4ytt\u00f6\u00f6n ei ole puututtu laitoksissa riitt\u00e4v\u00e4sti ja ongelmia on piiloteltu viranomaisilta.&hellip;\n","protected":false},"author":2,"featured_media":324668,"comment_status":"","ping_status":"","sticky":false,"template":"","format":"standard","meta":{"footnotes":"","_share_on_mastodon":"0"},"categories":[12],"tags":[22,23,1377,26,27,33,31,30,2109,17,2218,1794,71,5542,99,881,40896,24,25,28,29,15,814,18,21,553,32,19,20,16,981],"class_list":["post-324667","post","type-post","status-publish","format-standard","has-post-thumbnail","category-suomi","tag-breaking-news","tag-breakingnews","tag-etela-pohjanmaa","tag-featured-news","tag-featurednews","tag-fi","tag-finland","tag-finnish","tag-hameenlinna","tag-headlines","tag-hyvinvointialueet","tag-kanta-hame","tag-kotimaa","tag-kurikka","tag-lapset","tag-lastensuojelu","tag-lastensuojeluyksikko","tag-latest-news","tag-latestnews","tag-main-news","tag-mainnews","tag-news","tag-nuoret","tag-otsikot","tag-paauutiset","tag-pirkanmaa","tag-suomi","tag-top-stories","tag-topstories","tag-uutiset","tag-ylojarvi"],"share_on_mastodon":{"url":"","error":""},"_links":{"self":[{"href":"https:\/\/www.europesays.com\/fi\/wp-json\/wp\/v2\/posts\/324667","targetHints":{"allow":["GET"]}}],"collection":[{"href":"https:\/\/www.europesays.com\/fi\/wp-json\/wp\/v2\/posts"}],"about":[{"href":"https:\/\/www.europesays.com\/fi\/wp-json\/wp\/v2\/types\/post"}],"author":[{"embeddable":true,"href":"https:\/\/www.europesays.com\/fi\/wp-json\/wp\/v2\/users\/2"}],"replies":[{"embeddable":true,"href":"https:\/\/www.europesays.com\/fi\/wp-json\/wp\/v2\/comments?post=324667"}],"version-history":[{"count":0,"href":"https:\/\/www.europesays.com\/fi\/wp-json\/wp\/v2\/posts\/324667\/revisions"}],"wp:featuredmedia":[{"embeddable":true,"href":"https:\/\/www.europesays.com\/fi\/wp-json\/wp\/v2\/media\/324668"}],"wp:attachment":[{"href":"https:\/\/www.europesays.com\/fi\/wp-json\/wp\/v2\/media?parent=324667"}],"wp:term":[{"taxonomy":"category","embeddable":true,"href":"https:\/\/www.europesays.com\/fi\/wp-json\/wp\/v2\/categories?post=324667"},{"taxonomy":"post_tag","embeddable":true,"href":"https:\/\/www.europesays.com\/fi\/wp-json\/wp\/v2\/tags?post=324667"}],"curies":[{"name":"wp","href":"https:\/\/api.w.org\/{rel}","templated":true}]}}