{"id":324697,"date":"2026-08-14T18:45:18","date_gmt":"2026-08-14T18:45:18","guid":{"rendered":"https:\/\/www.europesays.com\/fi\/324697\/"},"modified":"2026-08-14T18:45:18","modified_gmt":"2026-08-14T18:45:18","slug":"tata-suosittua-sovellusta-ei-aiemmin-ollut-tarjolla-lainkaan-linux-kayttajille-nyt-on","status":"publish","type":"post","link":"https:\/\/www.europesays.com\/fi\/324697\/","title":{"rendered":"T\u00e4t\u00e4 suosittua sovellusta ei aiemmin ollut tarjolla lainkaan Linux-k\u00e4ytt\u00e4jille \u2013 Nyt on"},"content":{"rendered":"<p>Open AI julkaisi toivotun Chat GPT -sovelluksen Linuxille.<\/p>\n<p><img decoding=\"async\" class=\"image image-show image-preview\" src=\"https:\/\/www.europesays.com\/fi\/wp-content\/uploads\/2026\/08\/f11c01c8e83cc81627e0df585f0fc2fa493c78438e15d854e2ee0c12e05f727e.jpg\" alt=\"\"\/><img decoding=\"async\" class=\"image image-show\" src=\"https:\/\/www.europesays.com\/fi\/wp-content\/uploads\/2026\/08\/1786733118_646_f11c01c8e83cc81627e0df585f0fc2fa493c78438e15d854e2ee0c12e05f727e.jpg\" alt=\"\"\/><\/p>\n<p>Open AI:n Chat GPT -sovelluksesta on julkaistu nyt versio my\u00f6s Linuxille. Adobe Stock \/ AOP<\/p>\n<p class=\"paragraph\">Open AI on t\u00e4ytt\u00e4nyt monen Linux-k\u00e4ytt\u00e4j\u00e4n toiveen ja julkaissut Chat GPT -sovelluksen pingviinik\u00e4ytt\u00f6j\u00e4rjestelm\u00e4lle.<\/p>\n<p class=\"paragraph\">Yhti\u00f6n mukaan sovelluksen Linux-versio on ollut eritt\u00e4in toivottu, ja se t\u00e4ydent\u00e4\u00e4 Linuxille saatavien teko\u00e4lysovellusten kirjoa.<\/p>\n<p class=\"paragraph\">Uusi sovellus julkaistaan esiversiona maailmanlaajuisesti, ja sen avulla voi k\u00e4ytt\u00e4\u00e4 Chat GPT:t\u00e4, Chat GPT Workia sek\u00e4 Codexia.<\/p>\n<p class=\"paragraph\">Open AI:n mukaan sovellus tukee ainakin Ubuntu 24.04 LTS:\u00e4\u00e4 sek\u00e4 Ubuntu 26.04 LTS:\u00e4\u00e4. Lis\u00e4ksi mukana on Debian, johon Ubuntu perustuu. Muista jakeluista mainitaan muun muassa Fedora 43 sek\u00e4 44.<\/p>\n<p class=\"paragraph\">Open AI:n kilpailija Anthropic ehti jo julkaista oman Claude-sovelluksensa Linuxille noin kuukausi sitten, asiasta kirjoittanut Techcrunch <a href=\"https:\/\/techcrunch.com\/2026\/08\/11\/openai-launches-chatgpt-desktop-app-for-linux\/\" target=\"_blank\" rel=\"noopener nofollow\">muistuttaa<\/a>.<\/p>\n<p class=\"paragraph\">Anthropicin sovellus on saatavilla my\u00f6s vuonna 2022 julkaistulle, pitk\u00e4n tukiajan Ubuntu 22.04 LTS:lle.<\/p>\n<p>Tilaa Mikrobitti-uutiskirje<\/p>\n<p class=\"paragraph\"><a href=\"https:\/\/www.iltalehti.fi\/uutiskirje\" rel=\"nofollow noopener\" target=\"_blank\">Maksuton uutiskirje kokoaa kahdesti viikossa hy\u00f6dyllisimm\u00e4t testit, oppaat, vinkit ja digiuutiset.<\/a><\/p>\n","protected":false},"excerpt":{"rendered":"Open AI julkaisi toivotun Chat GPT -sovelluksen Linuxille. Open AI:n Chat GPT -sovelluksesta on julkaistu nyt versio my\u00f6s&hellip;\n","protected":false},"author":2,"featured_media":324698,"comment_status":"","ping_status":"","sticky":false,"template":"","format":"standard","meta":{"footnotes":"","_share_on_mastodon":"0"},"categories":[89],"tags":[35,432,431,33,31,30,537,536,32,91,92,487,433,538,149],"class_list":["post-324697","post","type-post","status-publish","format-standard","has-post-thumbnail","category-tekoaly","tag-24h","tag-ai","tag-artificial-intelligence","tag-fi","tag-finland","tag-finnish","tag-informaatioteknologia-sektori","tag-ohjelmistot","tag-suomi","tag-technology","tag-teknologia","tag-teknologia-yleista","tag-tekoaly","tag-tiede-ja-tekniikka","tag-tietojenkasittely-ja-informaatioteknologia"],"share_on_mastodon":{"url":"https:\/\/pubeurope.com\/@fi\/117095349245154752","error":""},"_links":{"self":[{"href":"https:\/\/www.europesays.com\/fi\/wp-json\/wp\/v2\/posts\/324697","targetHints":{"allow":["GET"]}}],"collection":[{"href":"https:\/\/www.europesays.com\/fi\/wp-json\/wp\/v2\/posts"}],"about":[{"href":"https:\/\/www.europesays.com\/fi\/wp-json\/wp\/v2\/types\/post"}],"author":[{"embeddable":true,"href":"https:\/\/www.europesays.com\/fi\/wp-json\/wp\/v2\/users\/2"}],"replies":[{"embeddable":true,"href":"https:\/\/www.europesays.com\/fi\/wp-json\/wp\/v2\/comments?post=324697"}],"version-history":[{"count":0,"href":"https:\/\/www.europesays.com\/fi\/wp-json\/wp\/v2\/posts\/324697\/revisions"}],"wp:featuredmedia":[{"embeddable":true,"href":"https:\/\/www.europesays.com\/fi\/wp-json\/wp\/v2\/media\/324698"}],"wp:attachment":[{"href":"https:\/\/www.europesays.com\/fi\/wp-json\/wp\/v2\/media?parent=324697"}],"wp:term":[{"taxonomy":"category","embeddable":true,"href":"https:\/\/www.europesays.com\/fi\/wp-json\/wp\/v2\/categories?post=324697"},{"taxonomy":"post_tag","embeddable":true,"href":"https:\/\/www.europesays.com\/fi\/wp-json\/wp\/v2\/tags?post=324697"}],"curies":[{"name":"wp","href":"https:\/\/api.w.org\/{rel}","templated":true}]}}