{"id":325099,"date":"2026-08-15T07:39:04","date_gmt":"2026-08-15T07:39:04","guid":{"rendered":"https:\/\/www.europesays.com\/fi\/325099\/"},"modified":"2026-08-15T07:39:04","modified_gmt":"2026-08-15T07:39:04","slug":"saatieteilijoiden-hatahuuto-amazonin-alueelle-ei-saada-talvella-sadekautta-vaan-kuivan-kauden-jalkeen-mega-kuiva-kausi-uutisia-lyhyesti","status":"publish","type":"post","link":"https:\/\/www.europesays.com\/fi\/325099\/","title":{"rendered":"S\u00e4\u00e4tieteilij\u00f6iden h\u00e4t\u00e4huuto: Amazonin alueelle ei saada talvella sadekautta, vaan kuivan kauden j\u00e4lkeen mega-kuiva kausi | Uutisia lyhyesti"},"content":{"rendered":"<p class=\"aw__sc-1qwuw0s-0 aw__sc-1vg2sqm-0 epAWpq ecELkD yle__article__paragraph\">Brasiliassa pel\u00e4t\u00e4\u00e4n ennenn\u00e4kem\u00e4t\u00f6nt\u00e4 ilmi\u00f6t\u00e4, ett\u00e4 sademets\u00e4n asukkaat voivat joutua kuivuuspakolaisiksi.<\/p>\n<p><img decoding=\"async\" alt=\"Kuivunut joenpohja, kuollut kala maassa ja taustalla hiekan p\u00e4\u00e4ll\u00e4 vene.\" src=\"https:\/\/www.europesays.com\/fi\/wp-content\/uploads\/2026\/08\/1786778690.jpeg\" class=\"aw__sc-dklauk-0 LPzKX\"\/><\/p>\n<p>Avaa kuvien katselu<\/p>\n<p>Kuollut kala kuivuneen Solim\u00f5esjoen pohjalla Manacapurun alueella Amazonasin osavaltiossa Brasiliassa 3. lokakuuta 2024. Kuva: Raphael Alves \/ EPA<\/p>\n<p class=\"aw__sc-1qwuw0s-0 aw__sc-ngllmo-0 epAWpq fzYpjk yle__article__paragraph\">Amazonin alueen ilmasto jakautuu vuosittain suunnilleen kahteen jaksoon. Kes\u00e4st\u00e4 suunnilleen marraskuulle ulottuu v\u00e4h\u00e4sateinen jakso ja t\u00e4m\u00e4n j\u00e4lkeen alkaa sadekausi, jota kest\u00e4\u00e4 alkukes\u00e4\u00e4n.<\/p>\n<p class=\"aw__sc-1qwuw0s-0 aw__sc-ngllmo-0 epAWpq fzYpjk yle__article__paragraph\">Muutaman vuoden v\u00e4lein tapahtuvat El Ni\u00f1o -ilmi\u00f6t koettelevat sademets\u00e4aluetta, mutta toistaiseksi sademets\u00e4 on selvinnyt n\u00e4ist\u00e4 luonnollisista s\u00e4\u00e4ilmi\u00f6ist\u00e4. Edellinen, vuosina 2023\u201324 oli kuitenkin Amazonille raskas.<\/p>\n<p class=\"aw__sc-1qwuw0s-0 aw__sc-ngllmo-0 epAWpq fzYpjk yle__article__paragraph\">El Ni\u00f1o muuttaa sadem\u00e4\u00e4ri\u00e4 ja nostaa l\u00e4mp\u00f6tiloja. Vuosien 2023\u201324 El Ni\u00f1o oli eritt\u00e4in raju. Kuivuus aiheutti paljon mets\u00e4paloja, mutta osassa Brasiliaa syntyi my\u00f6s rankkasateita ja niiden my\u00f6t\u00e4 tulvia.<\/p>\n<p class=\"aw__sc-1qwuw0s-0 aw__sc-ngllmo-0 epAWpq fzYpjk yle__article__paragraph\">Nyt Amazonin alueella on k\u00e4ynniss\u00e4 v\u00e4h\u00e4sateinen kausi. <a class=\"aw__sc-ngllmo-1 bTDnwX yle__article__link\" href=\"https:\/\/www.theguardian.com\/environment\/2026\/aug\/14\/el-nino-predicted-peak-amazon-rainforest-climate\" role=\"link\" rel=\"nofollow noopener\" target=\"_blank\">The Guardian -lehden<\/a> haastattelemia s\u00e4\u00e4tieteilij\u00f6it\u00e4 kauhistuttaa se, ett\u00e4 El Ni\u00f1o on juuri k\u00e4ynnistynyt ja sen odotetaan voimistuvan huippuunsa juuri vuoden lopulla. Juuri silloin kun Amazonin alueelle toivottaisiin sateita.<\/p>\n<p class=\"aw__sc-1qwuw0s-0 aw__sc-ngllmo-0 epAWpq fzYpjk yle__article__paragraph\">Nyt alkanut El Ni\u00f1o on tutkijoiden mukaan \u201dj\u00e4rkytt\u00e4v\u00e4ll\u00e4 marginaalilla\u201d voimakkain koskaan mitattu. Se on tuottanut kuumuusenn\u00e4tyksi\u00e4 kymmeniss\u00e4 maissa.<\/p>\n<p class=\"aw__sc-1qwuw0s-0 aw__sc-ngllmo-0 epAWpq fzYpjk yle__article__paragraph\">Amazonin alueen mets\u00e4palokausi on jo alkanut. Paikalliset asukkaat pelk\u00e4\u00e4v\u00e4t, ett\u00e4 jos sadekausi j\u00e4\u00e4kin tulematta palot saattavat karata hallitsemattomiksi.<\/p>\n<p class=\"aw__sc-1qwuw0s-0 aw__sc-ngllmo-0 epAWpq fzYpjk yle__article__paragraph\">Sademets\u00e4 tuottaa normaalioloissa ilmaston, jossa puiden maasta imem\u00e4 vesi haihtuu lehtien kautta ilmaan ja saa aikaan sadetta. Koska mets\u00e4\u00e4 on hakattu valtavasti, pelkona on, ettei t\u00e4t\u00e4 mets\u00e4n tuottamaa sadetta synnyk\u00e4\u00e4n samalla tavalla kuin ennen, ja El Ni\u00f1o heikent\u00e4\u00e4 sadem\u00e4\u00e4r\u00e4\u00e4 viel\u00e4 lis\u00e4\u00e4.<\/p>\n<p class=\"aw__sc-1qwuw0s-0 aw__sc-ngllmo-0 epAWpq fzYpjk yle__article__paragraph\">The Guardianin haastattelema Oxfordin yliopiston sademets\u00e4asiantuntija <strong class=\"aw__sc-ngllmo-2 gdRrun yle__article__strong\">Erika Berenguer<\/strong> h\u00e4mm\u00e4stelee sademets\u00e4n nopeaa muutosta:<\/p>\n<p class=\"aw__sc-1qwuw0s-0 aw__sc-ngllmo-0 epAWpq fzYpjk yle__article__paragraph\">\u2013 Hullua! Kostean mets\u00e4n ei pit\u00e4isi palaa lainkaan.<\/p>\n<p class=\"aw__sc-1qwuw0s-0 aw__sc-ngllmo-0 epAWpq fzYpjk yle__article__paragraph\">Amazonjoki ja sen lukuisat sivujoet ovat maailman suurin makean veden l\u00e4hde.<\/p>\n<p class=\"aw__sc-1qwuw0s-0 aw__sc-ngllmo-0 epAWpq fzYpjk yle__article__paragraph\">Veden puute voi vied\u00e4 asukkailta mahdollisuudet maanviljelyyn. Pahimmillaan sademets\u00e4n asukkaat voivat joutua l\u00e4htem\u00e4\u00e4n kuivuuspakolaisiksi, varoittaa The Guardian.<\/p>\n","protected":false},"excerpt":{"rendered":"Brasiliassa pel\u00e4t\u00e4\u00e4n ennenn\u00e4kem\u00e4t\u00f6nt\u00e4 ilmi\u00f6t\u00e4, ett\u00e4 sademets\u00e4n asukkaat voivat joutua kuivuuspakolaisiksi. Avaa kuvien katselu Kuollut kala kuivuneen Solim\u00f5esjoen pohjalla&hellip;\n","protected":false},"author":2,"featured_media":325100,"comment_status":"","ping_status":"","sticky":false,"template":"","format":"standard","meta":{"footnotes":"","_share_on_mastodon":"0"},"categories":[14],"tags":[16440,2741,22,23,32227,1826,26,27,33,31,30,17,1096,24,25,28,29,823,15,18,21,710,40930,32,19,20,33830,56,16,59,60,61],"class_list":["post-325099","post","type-post","status-publish","format-standard","has-post-thumbnail","category-ulkomaat","tag-amazonin-sademetsa","tag-brasilia","tag-breaking-news","tag-breakingnews","tag-el-nino","tag-etela-amerikka","tag-featured-news","tag-featurednews","tag-fi","tag-finland","tag-finnish","tag-headlines","tag-ilmasto","tag-latest-news","tag-latestnews","tag-main-news","tag-mainnews","tag-metsat","tag-news","tag-otsikot","tag-paauutiset","tag-saa","tag-sadekausi","tag-suomi","tag-top-stories","tag-topstories","tag-trooppiset-metsat","tag-ulkomaat","tag-uutiset","tag-world","tag-world-news","tag-worldnews"],"share_on_mastodon":{"url":"","error":"Validation failed: Text character limit of 500 exceeded"},"_links":{"self":[{"href":"https:\/\/www.europesays.com\/fi\/wp-json\/wp\/v2\/posts\/325099","targetHints":{"allow":["GET"]}}],"collection":[{"href":"https:\/\/www.europesays.com\/fi\/wp-json\/wp\/v2\/posts"}],"about":[{"href":"https:\/\/www.europesays.com\/fi\/wp-json\/wp\/v2\/types\/post"}],"author":[{"embeddable":true,"href":"https:\/\/www.europesays.com\/fi\/wp-json\/wp\/v2\/users\/2"}],"replies":[{"embeddable":true,"href":"https:\/\/www.europesays.com\/fi\/wp-json\/wp\/v2\/comments?post=325099"}],"version-history":[{"count":0,"href":"https:\/\/www.europesays.com\/fi\/wp-json\/wp\/v2\/posts\/325099\/revisions"}],"wp:featuredmedia":[{"embeddable":true,"href":"https:\/\/www.europesays.com\/fi\/wp-json\/wp\/v2\/media\/325100"}],"wp:attachment":[{"href":"https:\/\/www.europesays.com\/fi\/wp-json\/wp\/v2\/media?parent=325099"}],"wp:term":[{"taxonomy":"category","embeddable":true,"href":"https:\/\/www.europesays.com\/fi\/wp-json\/wp\/v2\/categories?post=325099"},{"taxonomy":"post_tag","embeddable":true,"href":"https:\/\/www.europesays.com\/fi\/wp-json\/wp\/v2\/tags?post=325099"}],"curies":[{"name":"wp","href":"https:\/\/api.w.org\/{rel}","templated":true}]}}