{"id":32524,"date":"2025-09-12T05:26:07","date_gmt":"2025-09-12T05:26:07","guid":{"rendered":"https:\/\/www.europesays.com\/fi\/32524\/"},"modified":"2025-09-12T05:26:07","modified_gmt":"2025-09-12T05:26:07","slug":"onko-tuo-oikeasti-sydney-sweeney-euphoria-tahtea-ei-helpolla-tunnista-uuden-christy-elokuvan-trailerista","status":"publish","type":"post","link":"https:\/\/www.europesays.com\/fi\/32524\/","title":{"rendered":"Onko tuo oikeasti Sydney Sweeney? Euphoria-t\u00e4hte\u00e4 ei helpolla tunnista uuden Christy-elokuvan trailerista"},"content":{"rendered":"\n<p><strong>Christy-nyrkkeilyleffa saapuu laajempaan levitykseen marraskuussa.<\/strong><\/p>\n<p><a href=\"https:\/\/muropaketti.com\/avainsana\/sydney-sweeney\/\" rel=\"nofollow noopener\" target=\"_blank\">Sydney Sweeneyn<\/a> t\u00e4hditt\u00e4m\u00e4 Christy-nyrkkeilyleffa sai maailmanensi-iltansa viikko sitten Toronton leffafestareilla. Black Bear Pictures on nyt julkaissut biopic-elokuvasta ensimm\u00e4isen trailerin, joka esittee rooliaan varten kolmen kuukauden ajan ammattilaisten avustuksella treenanneen n\u00e4yttelij\u00e4n.<\/p>\n<p>Sweeney esitt\u00e4\u00e4 elokuvassa nyrkkeilij\u00e4\u00e4 ja entist\u00e4 WBC-liiton mestaria Christy Martinia.<\/p>\n<p>Ohjaaja-k\u00e4sikirjoittaja David Mich\u00f4din nyrkkeilydraamassa n\u00e4hd\u00e4\u00e4n my\u00f6s muun muassa Ben Foster, Merritt Wever, Katy O\u2019Brian, Ethan Embry, Jess Gabor, Chad Coleman, Bryan Hibbard, Tony Cavalero ja Gilbert Cruz.<\/p>\n<p>Kovin kummoista vastaanottoa leffa ei saanut, vaan teoksen on todettu olevan kaavamainen biopic. Leffan kritiikit ovat liki kaikki taskul\u00e4mpimi\u00e4. <a href=\"https:\/\/www.metacritic.com\/movie\/christy\" target=\"_blank\" rel=\"noopener nofollow\">Metacritic<\/a>-sivustolla Christyn kriitikkoarvostelujen keskiarvo on kirjoitushetkell\u00e4 vain 57 \/ 100. My\u00f6sk\u00e4\u00e4n <a href=\"https:\/\/www.rottentomatoes.com\/m\/christy_2025_2\" target=\"_blank\" rel=\"noopener nofollow\">Rotten Tomatoes<\/a> -prosentti ei ole t\u00e4ll\u00e4 hetkell\u00e4 kuin 64.<\/p>\n<p>Christy saapuu laajempaan levitykseen Yhdysvalloissa 7. marraskuuta. Suomen mahdollisesta valkokangasensi-illasta ei ole viel\u00e4 tietoa.<\/p>\n","protected":false},"excerpt":{"rendered":"Christy-nyrkkeilyleffa saapuu laajempaan levitykseen marraskuussa. Sydney Sweeneyn t\u00e4hditt\u00e4m\u00e4 Christy-nyrkkeilyleffa sai maailmanensi-iltansa viikko sitten Toronton leffafestareilla. Black Bear Pictures&hellip;\n","protected":false},"author":2,"featured_media":32525,"comment_status":"","ping_status":"","sticky":false,"template":"","format":"standard","meta":{"footnotes":""},"categories":[131],"tags":[8936,155,2873,137,33,173,31,30,172,32,4184,4373,109],"class_list":{"0":"post-32524","1":"post","2":"type-post","3":"status-publish","4":"format-standard","5":"has-post-thumbnail","7":"category-elokuvat","8":"tag-christy","9":"tag-elokuvat","10":"tag-elokuvatrailerit","11":"tag-entertainment","12":"tag-fi","13":"tag-film","14":"tag-finland","15":"tag-finnish","16":"tag-movies","17":"tag-suomi","18":"tag-sydney-sweeney","19":"tag-toronto","20":"tag-viihde"},"share_on_mastodon":{"url":"","error":""},"_links":{"self":[{"href":"https:\/\/www.europesays.com\/fi\/wp-json\/wp\/v2\/posts\/32524","targetHints":{"allow":["GET"]}}],"collection":[{"href":"https:\/\/www.europesays.com\/fi\/wp-json\/wp\/v2\/posts"}],"about":[{"href":"https:\/\/www.europesays.com\/fi\/wp-json\/wp\/v2\/types\/post"}],"author":[{"embeddable":true,"href":"https:\/\/www.europesays.com\/fi\/wp-json\/wp\/v2\/users\/2"}],"replies":[{"embeddable":true,"href":"https:\/\/www.europesays.com\/fi\/wp-json\/wp\/v2\/comments?post=32524"}],"version-history":[{"count":0,"href":"https:\/\/www.europesays.com\/fi\/wp-json\/wp\/v2\/posts\/32524\/revisions"}],"wp:featuredmedia":[{"embeddable":true,"href":"https:\/\/www.europesays.com\/fi\/wp-json\/wp\/v2\/media\/32525"}],"wp:attachment":[{"href":"https:\/\/www.europesays.com\/fi\/wp-json\/wp\/v2\/media?parent=32524"}],"wp:term":[{"taxonomy":"category","embeddable":true,"href":"https:\/\/www.europesays.com\/fi\/wp-json\/wp\/v2\/categories?post=32524"},{"taxonomy":"post_tag","embeddable":true,"href":"https:\/\/www.europesays.com\/fi\/wp-json\/wp\/v2\/tags?post=32524"}],"curies":[{"name":"wp","href":"https:\/\/api.w.org\/{rel}","templated":true}]}}