{"id":325245,"date":"2026-08-15T12:00:11","date_gmt":"2026-08-15T12:00:11","guid":{"rendered":"https:\/\/www.europesays.com\/fi\/325245\/"},"modified":"2026-08-15T12:00:11","modified_gmt":"2026-08-15T12:00:11","slug":"rita-niemi-mannisen-koskettava-lapsuustarina-vakivallan-uhka-ja-isan-alkoholismi","status":"publish","type":"post","link":"https:\/\/www.europesays.com\/fi\/325245\/","title":{"rendered":"Rita Niemi-Mannisen koskettava lapsuustarina: V\u00e4kivallan uhka ja is\u00e4n alkoholismi"},"content":{"rendered":"<p>\n            20240813 HELSINKI. Selviytyj\u00e4t Suomi -ohjelman lehdist\u00f6tilaisuus. Rita Niemi-Manninen. KUVA: ATTE KAJOVA<br \/>\n            ATTE KAJOVA\n        <\/p>\n<p class=\"subtitle \">Entinen kilpaurheilija Rita Niemi-Manninen kertoo avoimesti lapsuudestaan ja is\u00e4ns\u00e4 alkoholismista.<\/p>\n<p class=\"article-content article-content-width !bg-background\">Hyvinvointivalmentaja ja mediapersoona\u00a0, 47, vanhemmat erosivat h\u00e4nen ollessa kaksivuotias.<\/p>\n<p class=\"font-weight-bold m-font-weight-bold article-content article-content-width !bg-background\">Video: Ker\u00e4\u00e4tk\u00f6 matkamuistoja? Selviytyj\u00e4t-t\u00e4hdet paljastavat!<\/p>\n<p class=\"article-content article-content-width !bg-background\">Rita kertoo <a href=\"https:\/\/www.hs.fi\/elama\/art-2000012125844.html\" target=\"_blank\" rel=\"nofollow noopener\">Helsingin Sanomien<\/a> haastattelussa, ettei h\u00e4n oppinut koskaan tuntemaan is\u00e4\u00e4ns\u00e4, jonka el\u00e4m\u00e4\u00e4 ohjasivat alkoholi ja rikokset.\u00a0<\/p>\n<p>        <a itemprop=\"url\" href=\"https:\/\/www.seiska.fi\/kotimaa\/podcast-rita-niemi-manninen-avautuu-silikonirinnoistaan\/2226022\" rel=\"nofollow noopener\" target=\"_blank\"><\/p>\n<p>\nPodcast:\n<\/p>\n<p class=\"section-date\">\n        <strong class=\"article-section\" data-section=\"kotimaa\"><br \/>\n            kotimaa<br \/>\n        <\/strong><br \/>\n        5.8. 06:30\n    <\/p>\n<p>Podcast: Rita Niemi-Manninen avautuu silikonirinnoistaan\n    <\/p>\n<p itemprop=\"description\" class=\"subtitle \">\n    Entinen kilpaurheilija paljasti, onko katunut p\u00e4\u00e4t\u00f6st\u00e4 ottaa silikonirinnat.\n<\/p>\n<p>        <\/a><\/p>\n<p>&#8221;T\u00e4ysi juoppo&#8221;<\/p>\n<p class=\"article-content article-content-width !bg-background\">Pitk\u00e4n urheilu-uran tehnyt Rita muistelee haastattelussa, kuinka is\u00e4n humaltumisen my\u00f6t\u00e4 lapsuudenkodissa leijui v\u00e4kivallan uhka.<\/p>\n<p class=\"article-content article-content-width !bg-background\">Vanhempien erottua Rita oli viel\u00e4 pieni, mutta is\u00e4 ei kadonnut v\u00e4litt\u00f6m\u00e4sti lasten el\u00e4m\u00e4st\u00e4.<\/p>\n<p class=\"article-content article-content-width !bg-background\">\u2013 Kun my\u00f6hemmin n\u00e4in is\u00e4\u00e4ni kadulla, h\u00e4n oli t\u00e4ysi juoppo. Is\u00e4\u00e4 ei ollut lupaa moikata, joten vaihdoimme siskon kanssa kadun puolta, Rita muistelee.<\/p>\n<p class=\"article-content article-content-width !bg-background\">\u00c4idin uuden puolison my\u00f6t\u00e4 tuli kotiin erilainen tunnelma ja lapsille asetettiin uudenlaisia rajoja. Kes\u00e4isin Rita oli siskoineen usein sijaisperheiss\u00e4, ja niiss\u00e4 Ritalla oli turvallinen olo. \u00c4iti\u00e4\u00e4n Rita kuvailee ennemmin lasten yst\u00e4v\u00e4ksi kuin auktoriteetiksi.<\/p>\n<p>                <img decoding=\"async\" src=\"https:\/\/www.europesays.com\/fi\/wp-content\/uploads\/2026\/08\/2168013.webp\" width=\"576\" height=\"274\" alt=\"Rita Niemi-Manninen vuonna 2026.\" loading=\"lazy\" \/>            <\/p>\n<p>\n            Rita Niemi-Manninen vuonna 2026.<br \/>\n            Timo Korhonen\n        <\/p>\n<p>        <a itemprop=\"url\" href=\"https:\/\/www.seiska.fi\/kotimaa\/oho-rita-niemi-manninen-julkaisi-rohkean-bikinivideon\/2225232\" rel=\"nofollow noopener\" target=\"_blank\"><\/p>\n<p>\nOhhoh!\n<\/p>\n<p class=\"section-date\">\n        <strong class=\"article-section\" data-section=\"kotimaa\"><br \/>\n            kotimaa<br \/>\n        <\/strong><br \/>\n        4.8. 08:00\n    <\/p>\n<p>Oho! Rita Niemi-Manninen julkaisi rohkean bikinivideon\n    <\/p>\n<p itemprop=\"description\" class=\"subtitle \">\n    Mit\u00e4 mielt\u00e4 itse olet t\u00e4st\u00e4?\n<\/p>\n<p>        <\/a><\/p>\n<p>Is\u00e4n varhainen poismeno<\/p>\n<p class=\"article-content article-content-width !bg-background\">Vain 12-vuotiaana Rita sai kuulla, ett\u00e4 h\u00e4nen is\u00e4ns\u00e4 oli menehtynyt. Rita ei ehtinyt n\u00e4hd\u00e4 is\u00e4\u00e4ns\u00e4 ennen t\u00e4m\u00e4n kuolemaa.<\/p>\n<p class=\"article-content article-content-width !bg-background\">Ja kun \u00e4iti pian t\u00e4m\u00e4n j\u00e4lkeen erosi poikayst\u00e4v\u00e4st\u00e4\u00e4n, muuttui Ritan el\u00e4m\u00e4 uudella tavalla levottomaksi. N\u00e4pistelem\u00e4\u00e4n ja juomaan alkanut Rita on j\u00e4lkik\u00e4teen surrut kodin rajattomuutta.<\/p>\n<p class=\"article-content article-content-width !bg-background\">\u2013 Olin vihainen \u00e4idilleni, jota pidin saamattomana ja ep\u00e4onnistuneena. Olin katkera koko lapsuuden ymp\u00e4rist\u00f6lleni ja k\u00f6yhyydelle, jossa elimme, Rita kertoo haastattelussa.<\/p>\n<p>        <a itemprop=\"url\" href=\"https:\/\/www.seiska.fi\/kotimaa\/voi-mita-kyyhkylaisia-aki-ja-rita-jakoivat-haakuvia\/2224351\" rel=\"nofollow noopener\" target=\"_blank\"><\/p>\n<p>\nAki ja Rita\n<\/p>\n<p class=\"section-date\">\n        <strong class=\"article-section\" data-section=\"kotimaa\"><br \/>\n            kotimaa<br \/>\n        <\/strong><br \/>\n        1.8. 17:30\n    <\/p>\n<p>Voi, mit\u00e4 kyyhkyl\u00e4isi\u00e4 \u2013 Aki ja Rita jakoivat h\u00e4\u00e4kuvia\n    <\/p>\n<p itemprop=\"description\" class=\"subtitle \">\n    Aki ja Rita ovat pariskunta, joka her\u00e4tt\u00e4\u00e4 suuria tunteita suomalaisissa.\n<\/p>\n<p>        <\/a><\/p>\n<p>K\u00f6yhyydest\u00e4 MM-mitalistiksi<\/p>\n<p class=\"article-content article-content-width !bg-background\">Teini-ik\u00e4isen\u00e4 Rita sairastui my\u00f6s sy\u00f6mish\u00e4iri\u00f6\u00f6n. Lukion keskeytt\u00e4nyt Rita palasi kuitenkin siskon tuella opintojen pariin ja suoritti hotelli- ja ravintola-alan koulutuksen. Pian Rita l\u00f6ysi my\u00f6s kilpa-aerobicin, jonka parissa Rita voitti my\u00f6hemmin useita mitaleja MM-tasolla.\u00a0<\/p>\n<p class=\"article-content article-content-width !bg-background\">Nyky\u00e4\u00e4n Rita tunnetaan paitsi ex-urheilijana, my\u00f6s sosiaalisen median vaikuttajana ja hyvinvointialan yritt\u00e4j\u00e4n\u00e4. Rita ty\u00f6skentelee yhdess\u00e4 miehens\u00e4  kanssa. Pariskunta n\u00e4htiin my\u00f6s Temptation Island -ohjelmassa vuonna 2015.\u00a0<\/p>\n<p>                <img loading=\"lazy\" decoding=\"async\" src=\"https:\/\/www.europesays.com\/fi\/wp-content\/uploads\/2026\/08\/2220416.webp\" width=\"576\" height=\"274\" alt=\"Rita ja Aki Manninen.\" \/>            <\/p>\n<p>\n            Rita ja Aki Manninen.<br \/>\n            Timo Korhonen\n        <\/p>\n<p>        <a itemprop=\"url\" href=\"https:\/\/www.seiska.fi\/kotimaa\/podcast-aki-ja-rita-mannisen-yritys-teki-jattitappion\/2220388\" rel=\"nofollow noopener\" target=\"_blank\"><\/p>\n<p>\nPodcast:\n<\/p>\n<p class=\"section-date\">\n        <strong class=\"article-section\" data-section=\"kotimaa\"><br \/>\n            kotimaa<br \/>\n        <\/strong><br \/>\n        28.7. 15:30\n    <\/p>\n<p>Podcast: Aki ja Rita Mannisen yritys teki j\u00e4ttitappion\n    <\/p>\n<p itemprop=\"description\" class=\"subtitle \">\n    Aki ja Rita kertovat yrityksens\u00e4 haastavasta tilanteesta.\n<\/p>\n<p>        <\/a><\/p>\n","protected":false},"excerpt":{"rendered":"20240813 HELSINKI. Selviytyj\u00e4t Suomi -ohjelman lehdist\u00f6tilaisuus. Rita Niemi-Manninen. KUVA: ATTE KAJOVA ATTE KAJOVA Entinen kilpaurheilija Rita Niemi-Manninen kertoo&hellip;\n","protected":false},"author":2,"featured_media":325246,"comment_status":"","ping_status":"","sticky":false,"template":"","format":"standard","meta":{"footnotes":"","_share_on_mastodon":"0"},"categories":[130],"tags":[137,33,31,30,1232,7573,32,40944,40,109],"class_list":["post-325245","post","type-post","status-publish","format-standard","has-post-thumbnail","category-viihde","tag-entertainment","tag-fi","tag-finland","tag-finnish","tag-lapsuus","tag-rita-niemi-manninen","tag-suomi","tag-urheilu-ura","tag-vakivalta","tag-viihde"],"share_on_mastodon":{"url":"https:\/\/pubeurope.com\/@fi\/117099419062826776","error":""},"_links":{"self":[{"href":"https:\/\/www.europesays.com\/fi\/wp-json\/wp\/v2\/posts\/325245","targetHints":{"allow":["GET"]}}],"collection":[{"href":"https:\/\/www.europesays.com\/fi\/wp-json\/wp\/v2\/posts"}],"about":[{"href":"https:\/\/www.europesays.com\/fi\/wp-json\/wp\/v2\/types\/post"}],"author":[{"embeddable":true,"href":"https:\/\/www.europesays.com\/fi\/wp-json\/wp\/v2\/users\/2"}],"replies":[{"embeddable":true,"href":"https:\/\/www.europesays.com\/fi\/wp-json\/wp\/v2\/comments?post=325245"}],"version-history":[{"count":0,"href":"https:\/\/www.europesays.com\/fi\/wp-json\/wp\/v2\/posts\/325245\/revisions"}],"wp:featuredmedia":[{"embeddable":true,"href":"https:\/\/www.europesays.com\/fi\/wp-json\/wp\/v2\/media\/325246"}],"wp:attachment":[{"href":"https:\/\/www.europesays.com\/fi\/wp-json\/wp\/v2\/media?parent=325245"}],"wp:term":[{"taxonomy":"category","embeddable":true,"href":"https:\/\/www.europesays.com\/fi\/wp-json\/wp\/v2\/categories?post=325245"},{"taxonomy":"post_tag","embeddable":true,"href":"https:\/\/www.europesays.com\/fi\/wp-json\/wp\/v2\/tags?post=325245"}],"curies":[{"name":"wp","href":"https:\/\/api.w.org\/{rel}","templated":true}]}}