{"id":325321,"date":"2026-08-15T14:16:10","date_gmt":"2026-08-15T14:16:10","guid":{"rendered":"https:\/\/www.europesays.com\/fi\/325321\/"},"modified":"2026-08-15T14:16:10","modified_gmt":"2026-08-15T14:16:10","slug":"vene-syttyi-palamaan-ja-upposi-porin-edustalla-satakunta","status":"publish","type":"post","link":"https:\/\/www.europesays.com\/fi\/325321\/","title":{"rendered":"Vene syttyi palamaan ja upposi Porin edustalla | Satakunta"},"content":{"rendered":"<p class=\"aw__sc-1qwuw0s-0 aw__sc-1vg2sqm-0 epAWpq ecELkD yle__article__paragraph\">Kaksi henkil\u00f6\u00e4 pelastettiin palavasta moottori\u00adveneest\u00e4 Kolponlahdella.<\/p>\n<p><img decoding=\"async\" alt=\"Vanhemman rajavartijan hihamerkki ja leijonalogo, taustalla n\u00e4kyy partiovene sek\u00e4 merenrantaa.\" src=\"https:\/\/www.europesays.com\/fi\/wp-content\/uploads\/2026\/08\/1753271081.jpeg\" class=\"aw__sc-dklauk-0 LPzKX\"\/><\/p>\n<p>Avaa kuvien katselu<\/p>\n<p>Porin edustalla tarvittiin meripelastajia lauantaina, kun moottorivene syttyi palamaan. Kuvituskuva. Kuva: Anna-Mari Vuollet \/ Yle<\/p>\n<p class=\"aw__sc-1qwuw0s-0 aw__sc-ngllmo-0 epAWpq fzYpjk yle__article__paragraph\">Palamaan syttynyt lasikuituinen moottorivene upposi Porin edustalla Kolponlahdella lauantaina iltap\u00e4iv\u00e4ll\u00e4.<\/p>\n<p class=\"aw__sc-1qwuw0s-0 aw__sc-ngllmo-0 epAWpq fzYpjk yle__article__paragraph\">L\u00e4nsi-Suomen Merivartioston mukaan vene oli syttynyt palamaan, eik\u00e4 sit\u00e4 saatu sammutettua veneilij\u00f6iden omalla sammuttimella, eik\u00e4 apuun tulleiden muiden veneilij\u00f6iden v\u00e4lineill\u00e4. Ep\u00e4ilys on, ett\u00e4 palo oli saanut alkunsa polttoainevuodosta.<\/p>\n<p class=\"aw__sc-1qwuw0s-0 aw__sc-ngllmo-0 epAWpq fzYpjk yle__article__paragraph\">Veneess\u00e4 olleet kaksi ihmist\u00e4 pelastautuivat hypp\u00e4\u00e4m\u00e4ll\u00e4 veteen. Suomen Meripelastusseuran vapaaehtoiset poimivat veden varaan joutuneet, eik\u00e4 heill\u00e4 ollut vaaraa.<\/p>\n","protected":false},"excerpt":{"rendered":"Kaksi henkil\u00f6\u00e4 pelastettiin palavasta moottori\u00adveneest\u00e4 Kolponlahdella. Avaa kuvien katselu Porin edustalla tarvittiin meripelastajia lauantaina, kun moottorivene syttyi palamaan.&hellip;\n","protected":false},"author":2,"featured_media":325322,"comment_status":"","ping_status":"","sticky":false,"template":"","format":"standard","meta":{"footnotes":"","_share_on_mastodon":"0"},"categories":[12],"tags":[22,23,26,27,33,31,30,17,24,25,28,29,15,837,18,21,2787,968,32,19,20,16,2568],"class_list":["post-325321","post","type-post","status-publish","format-standard","has-post-thumbnail","category-suomi","tag-breaking-news","tag-breakingnews","tag-featured-news","tag-featurednews","tag-fi","tag-finland","tag-finnish","tag-headlines","tag-latest-news","tag-latestnews","tag-main-news","tag-mainnews","tag-news","tag-onnettomuudet","tag-otsikot","tag-paauutiset","tag-pori","tag-satakunta","tag-suomi","tag-top-stories","tag-topstories","tag-uutiset","tag-vesiliikenne"],"share_on_mastodon":{"url":"https:\/\/pubeurope.com\/@fi\/117099953875813446","error":""},"_links":{"self":[{"href":"https:\/\/www.europesays.com\/fi\/wp-json\/wp\/v2\/posts\/325321","targetHints":{"allow":["GET"]}}],"collection":[{"href":"https:\/\/www.europesays.com\/fi\/wp-json\/wp\/v2\/posts"}],"about":[{"href":"https:\/\/www.europesays.com\/fi\/wp-json\/wp\/v2\/types\/post"}],"author":[{"embeddable":true,"href":"https:\/\/www.europesays.com\/fi\/wp-json\/wp\/v2\/users\/2"}],"replies":[{"embeddable":true,"href":"https:\/\/www.europesays.com\/fi\/wp-json\/wp\/v2\/comments?post=325321"}],"version-history":[{"count":0,"href":"https:\/\/www.europesays.com\/fi\/wp-json\/wp\/v2\/posts\/325321\/revisions"}],"wp:featuredmedia":[{"embeddable":true,"href":"https:\/\/www.europesays.com\/fi\/wp-json\/wp\/v2\/media\/325322"}],"wp:attachment":[{"href":"https:\/\/www.europesays.com\/fi\/wp-json\/wp\/v2\/media?parent=325321"}],"wp:term":[{"taxonomy":"category","embeddable":true,"href":"https:\/\/www.europesays.com\/fi\/wp-json\/wp\/v2\/categories?post=325321"},{"taxonomy":"post_tag","embeddable":true,"href":"https:\/\/www.europesays.com\/fi\/wp-json\/wp\/v2\/tags?post=325321"}],"curies":[{"name":"wp","href":"https:\/\/api.w.org\/{rel}","templated":true}]}}