{"id":325425,"date":"2026-08-15T17:13:08","date_gmt":"2026-08-15T17:13:08","guid":{"rendered":"https:\/\/www.europesays.com\/fi\/325425\/"},"modified":"2026-08-15T17:13:08","modified_gmt":"2026-08-15T17:13:08","slug":"ilkka-koivula-erosi-ja-muutti-maalle-mutta-tie-vei-takaisin-puolison-luo","status":"publish","type":"post","link":"https:\/\/www.europesays.com\/fi\/325425\/","title":{"rendered":"Ilkka Koivula erosi ja muutti maalle, mutta tie vei takaisin puolison luo"},"content":{"rendered":"<p class=\"is-style-dropcap\">N\u00e4yttelij\u00e4 <strong>Ilkka Koivula<\/strong> viihtyy parhaiten siell\u00e4, kun ymp\u00e4rill\u00e4 on tilaa, mets\u00e4\u00e4 ja aina jotakin tekemist\u00e4. Nyky\u00e4\u00e4n h\u00e4nen arkeaan rytmitt\u00e4v\u00e4tkin vanhan talon kunnostaminen, puul\u00e4mmitys ja mets\u00e4nhoito. Kaupungissa Koivula k\u00e4y mielell\u00e4\u00e4n t\u00f6iss\u00e4, mutta kotiin h\u00e4n haluaa palata luonnon keskelle.<\/p>\n<p>Ero vei v\u00e4ljemmille vesille<\/p>\n<p class=\"is-style-dropcap\">\u201dOlen maalaispoika, kotoisin pohjoisilta leveyksilt\u00e4 Ranualta. Erosin avioliitostani joitakin vuosia sitten, ja halusin sen j\u00e4lkeen muuttaa maalle v\u00e4h\u00e4n v\u00e4ljemmille vesille.<\/p>\n<p>Muutin ensin maaseudulle Nokian l\u00e4helle. Maalla asuminen tuntui hyv\u00e4lt\u00e4, enk\u00e4 kaivannut en\u00e4\u00e4 takaisin kaupunkiin. Sitten palasimme yhteen puolisoni <strong>Merjan <\/strong>kanssa. <\/p>\n<p>Meill\u00e4 oli jonkin aikaa haku p\u00e4\u00e4ll\u00e4 uudesta yhteisest\u00e4 paikasta. K\u00e4vimme \u00adkatsomassa useampia, mutta niiss\u00e4 oli aina jokin asia, joka ei ollut \u00adkohdallaan.<\/p>\n<p>T\u00e4nne Kangasalle kun tulimme, katsoimme pihassa Merjan kanssa toisiamme, tuleeko jommaltakummalta mutta-sanaa. Sit\u00e4 ei tullut, ja tiesimme heti, ett\u00e4 koti oli l\u00f6ytynyt.\u201d<\/p>\n<p>Maalaistalossa asuminen vaatii paljon ty\u00f6t\u00e4<\/p>\n<p>\u201dAsumme maalaistalossa nyt kolmatta vuotta. Tiesimme, ett\u00e4 asuminen t\u00e4llaisessa ymp\u00e4rist\u00f6ss\u00e4 vaatii meilt\u00e4 molemmilta paljon ty\u00f6t\u00e4 ja sit\u00e4, ett\u00e4 hyv\u00e4ksymme my\u00f6s keskener\u00e4isyyden. Laitettavaa riitt\u00e4\u00e4 aina, joten puuhaste\u00adlusta on osattava nauttia.<\/p>\n<p>Meill\u00e4 on vanhan maalais\u00adtalon lis\u00e4ksi jonkin verran tonttia ja mets\u00e4\u00e4kin sen verran, ett\u00e4 saamme polttopuut omasta takaa. L\u00e4mmit\u00e4mme hirsitaloa p\u00e4\u00e4osin puilla, ja aamupuurot tykk\u00e4\u00e4mme keitt\u00e4\u00e4 puuliedell\u00e4, vaikka s\u00e4hk\u00f6liesikin l\u00f6ytyy.<\/p>\n<p>Olemme remontoineet \u00adtaloa pieteetill\u00e4 ja kunnioittaen sen vanhaa henke\u00e4. Erityisen \u00adylpe\u00e4 olen siit\u00e4, ett\u00e4 sain asennettua takaisin alkuper\u00e4iset lattialankut. Ne olivat pitki\u00e4, paksuja ja leveit\u00e4 lankkuja, joiden asetteleminen uuden lattiarungon p\u00e4\u00e4lle oli aika haastavaa, mutta siit\u00e4 tuli hyv\u00e4.\u201d<\/p>\n<p>Ilkka Koivula on k\u00e4sill\u00e4 \u00adtekev\u00e4 ihminen<\/p>\n<p>\u201dTalon tarkkaa ik\u00e4\u00e4 on vaikea sanoa. Se voi olla rakennettu vuonna 1920 tai jopa jo 1850. Talosta luopunut suku oli ollut tontilla 1500-luvulta asti.<\/p>\n<p>Paikan historia on valtava. Siihen mahtuu niin paljon eletty\u00e4 el\u00e4m\u00e4\u00e4, ett\u00e4 se huokuu joka puolella. Mit\u00e4\u00e4n aarteita emme ole l\u00f6yt\u00e4neet, mutta kultaharkkojen etsint\u00e4 jatkuu viel\u00e4! Ne tulisivat tarpeeseen, sill\u00e4 rakentaminen ei ole halpaa lysti\u00e4, vaikka teen itse kaiken.<\/p>\n<p>Olen aina ollut k\u00e4sill\u00e4 \u00adtekev\u00e4 ihminen. Se on tullut verenperint\u00f6n\u00e4 vanhemmilta. Etenkin is\u00e4ukko oli kova \u00adtekem\u00e4\u00e4n \u00adk\u00e4sill\u00e4. Pikkupoikana sain usein olla mukana seuraa\u00admassa ja auttamassa. <\/p>\n<p>Kaikista t\u00e4rkein oppi, \u00adjonka olen vuosien saatossa ymm\u00e4r\u00adt\u00e4nyt, on se, ett\u00e4 tekeminen kyll\u00e4 opettaa, kunhan vain \u00aduskaltaa tarttua toimeen. Vaikeatkin asiat alkavat jossain kohtaa sujua, kun niihin jaksaa ensin perehty\u00e4 kunnolla.\u201d<\/p>\n<p>    <a href=\"https:\/\/seura.fi\/wp-content\/uploads\/2026\/08\/ilkka-koivula-kotialbumi-kaannekohtaan.jpg\" rel=\"nofollow noopener\" target=\"_blank\"><img loading=\"lazy\" decoding=\"async\" alt=\"\" class=\"wp-image-2164027 awpo-lqip awpo-lazy\" width=\"960\" height=\"1280\" style=\"--aspect-ratio: 0.75\" src=\"https:\/\/www.europesays.com\/fi\/wp-content\/uploads\/2026\/08\/ilkka-koivula-kotialbumi-kaannekohtaan.jpg\"\/><\/a>    <\/p>\n<p>          \u00a9 Ilkka Koivulan kotialbumi        <\/p>\n<p>Hy\u00f6tyliikunta pit\u00e4\u00e4 kunnossa<\/p>\n<p>\u201dT\u00e4ytin viime kev\u00e4\u00e4n\u00e4 60 vuotta. Saan maaseudulla niin paljon hy\u00f6tyliikuntaa, ett\u00e4 se pit\u00e4\u00e4 minut kunnossa. Maalla asuminen on antanut rauhaa mutta toisaalta my\u00f6s yhteis\u00f6llisen ymp\u00e4rist\u00f6n.<\/p>\n<p>Maaseudulla naapurit auttavat toisiaan, ja arki on sosiaalisempaa kuin kaupungissa. Kerrostalossa ei sanota v\u00e4ltt\u00e4m\u00e4tt\u00e4 edes naapurille p\u00e4iv\u00e4\u00e4.<\/p>\n<p>Uskon, ett\u00e4 sill\u00e4 on oma vaikutuksensa \u00adyhteiskuntaan, ett\u00e4 urbaanissa el\u00e4m\u00e4ss\u00e4 \u00adihmiset erist\u00e4ytyv\u00e4t. Ja kun ihmisten kaikki viihdykkeet ovat \u00adlis\u00e4ksi k\u00e4nnyk\u00e4ss\u00e4, \u00adkanssak\u00e4yminen v\u00e4henee \u00adentisest\u00e4\u00e4n.<\/p>\n<p>Tilastoissakin n\u00e4kyy, ett\u00e4 ihmiset voivat huonosti. \u00adLuulen, ett\u00e4 jossain \u00advaiheessa \u00adihmiset muistavat taas, ett\u00e4 toisiaan voi tavata ihan oikeassa el\u00e4m\u00e4ss\u00e4.\u201d<\/p>\n<p>Mieluummin mets\u00e4\u00e4n<\/p>\n<p>\u201dItselleni suurin ero kaupungissa ja maalla asumisessa n\u00e4kyy harrastuksissa. Menen mieluummin mets\u00e4\u00e4n poimi\u00admaan marjoja tai Massey \u00adFergusonilla mets\u00e4t\u00f6ihin kuin ratikalla kuntosalille, josta \u00adpalaan kotisohvalle katsomaan televisiota.<\/p>\n<p>Kaipaan tekemist\u00e4, \u00adreipasta ulkoilmael\u00e4m\u00e4\u00e4 ja l\u00e4sn\u00e4olevaa luontoa. Tykk\u00e4\u00e4n seurata \u00ads\u00e4\u00e4t\u00e4, vuodenaikojen kulkua ja sit\u00e4, mit\u00e4 naapurin pellolla tapahtuu. Kaupungissa on kiva k\u00e4yd\u00e4 n\u00e4yttelij\u00e4n t\u00f6iss\u00e4, \u00admutta maaseutu on elinpiiri, jossa parhaiten viihdyn.\u201d<\/p>\n<p><a href=\"https:\/\/seura.fi\/viihde\/julkkikset\/ilkka-koivula\/\" rel=\"nofollow noopener\" target=\"_blank\">Lue my\u00f6s: Ilkka Koivula n\u00e4yttelee itse usein haastavatkin kohtaukset \u2013 \u201dSuomessa aika v\u00e4h\u00e4n k\u00e4ytet\u00e4\u00e4n stuntmiehi\u00e4\u201d<\/a><\/p>\n","protected":false},"excerpt":{"rendered":"N\u00e4yttelij\u00e4 Ilkka Koivula viihtyy parhaiten siell\u00e4, kun ymp\u00e4rill\u00e4 on tilaa, mets\u00e4\u00e4 ja aina jotakin tekemist\u00e4. Nyky\u00e4\u00e4n h\u00e4nen arkeaan&hellip;\n","protected":false},"author":2,"featured_media":325426,"comment_status":"","ping_status":"","sticky":false,"template":"","format":"standard","meta":{"footnotes":"","_share_on_mastodon":"0"},"categories":[130],"tags":[137,33,31,30,24555,1233,622,3231,32,109],"class_list":["post-325425","post","type-post","status-publish","format-standard","has-post-thumbnail","category-viihde","tag-entertainment","tag-fi","tag-finland","tag-finnish","tag-ilkka-koivula","tag-koti","tag-nayttelijat","tag-remontti","tag-suomi","tag-viihde"],"share_on_mastodon":{"url":"https:\/\/pubeurope.com\/@fi\/117100649690054740","error":""},"_links":{"self":[{"href":"https:\/\/www.europesays.com\/fi\/wp-json\/wp\/v2\/posts\/325425","targetHints":{"allow":["GET"]}}],"collection":[{"href":"https:\/\/www.europesays.com\/fi\/wp-json\/wp\/v2\/posts"}],"about":[{"href":"https:\/\/www.europesays.com\/fi\/wp-json\/wp\/v2\/types\/post"}],"author":[{"embeddable":true,"href":"https:\/\/www.europesays.com\/fi\/wp-json\/wp\/v2\/users\/2"}],"replies":[{"embeddable":true,"href":"https:\/\/www.europesays.com\/fi\/wp-json\/wp\/v2\/comments?post=325425"}],"version-history":[{"count":0,"href":"https:\/\/www.europesays.com\/fi\/wp-json\/wp\/v2\/posts\/325425\/revisions"}],"wp:featuredmedia":[{"embeddable":true,"href":"https:\/\/www.europesays.com\/fi\/wp-json\/wp\/v2\/media\/325426"}],"wp:attachment":[{"href":"https:\/\/www.europesays.com\/fi\/wp-json\/wp\/v2\/media?parent=325425"}],"wp:term":[{"taxonomy":"category","embeddable":true,"href":"https:\/\/www.europesays.com\/fi\/wp-json\/wp\/v2\/categories?post=325425"},{"taxonomy":"post_tag","embeddable":true,"href":"https:\/\/www.europesays.com\/fi\/wp-json\/wp\/v2\/tags?post=325425"}],"curies":[{"name":"wp","href":"https:\/\/api.w.org\/{rel}","templated":true}]}}