{"id":325459,"date":"2026-08-15T18:16:11","date_gmt":"2026-08-15T18:16:11","guid":{"rendered":"https:\/\/www.europesays.com\/fi\/325459\/"},"modified":"2026-08-15T18:16:11","modified_gmt":"2026-08-15T18:16:11","slug":"ministeri-poutalalta-amputoitiin-varvas-uutisia-lyhyesti","status":"publish","type":"post","link":"https:\/\/www.europesays.com\/fi\/325459\/","title":{"rendered":"Ministeri Poutalalta amputoitiin varvas | Uutisia lyhyesti"},"content":{"rendered":"<p class=\"aw__sc-1qwuw0s-0 aw__sc-ngllmo-0 epAWpq fzYpjk yle__article__paragraph\">Ministeri <strong class=\"aw__sc-ngllmo-2 gdRrun yle__article__strong\">Mika Poutalalta<\/strong> (kd.) on amputoitu varvas viimeviikkoisen onnettomuuden j\u00e4lkeen. Poutala kertoi asiasta <a class=\"aw__sc-ngllmo-1 bTDnwX yle__article__link\" href=\"https:\/\/www.instagram.com\/p\/DcELbNZidI6\/\" role=\"link\" rel=\"nofollow noopener\" target=\"_blank\">Instagram<\/a>-tilill\u00e4\u00e4n.<\/p>\n<p class=\"aw__sc-1qwuw0s-0 aw__sc-ngllmo-0 epAWpq fzYpjk yle__article__paragraph\">P\u00e4ivityksess\u00e4\u00e4n Poutala sanoi, ett\u00e4 pitk\u00e4ss\u00e4 leikkauksessa my\u00f6s korjattiin katkenneita j\u00e4nteit\u00e4 ja kiinnitettiin niveli\u00e4 ruuveilla.<\/p>\n<p class=\"aw__sc-1qwuw0s-0 aw__sc-ngllmo-0 epAWpq fzYpjk yle__article__paragraph\">Poutala kertoi aiemmin olleensa tekem\u00e4ss\u00e4 maansiirtot\u00f6it\u00e4 pienell\u00e4 traktorilla, joka alkoi kaatua. Ministeri loukkasi jalkansa traktorista hyp\u00e4tess\u00e4\u00e4n.<\/p>\n<p class=\"aw__sc-1qwuw0s-0 aw__sc-ngllmo-0 epAWpq fzYpjk yle__article__paragraph\">Poutala on nykyisen hallituksen liikunta-, urheilu- ja nuorisoministeri.<\/p>\n<p><script async src=\"\/\/www.instagram.com\/embed.js\"><\/script><\/p>\n","protected":false},"excerpt":{"rendered":"Ministeri Mika Poutalalta (kd.) on amputoitu varvas viimeviikkoisen onnettomuuden j\u00e4lkeen. Poutala kertoi asiasta Instagram-tilill\u00e4\u00e4n. P\u00e4ivityksess\u00e4\u00e4n Poutala sanoi, ett\u00e4&hellip;\n","protected":false},"author":2,"featured_media":325460,"comment_status":"","ping_status":"","sticky":false,"template":"","format":"standard","meta":{"footnotes":"","_share_on_mastodon":"0"},"categories":[5],"tags":[22,23,26,27,33,31,30,17,440,71,24,25,28,29,19468,15,18,21,32,19,20,16],"class_list":["post-325459","post","type-post","status-publish","format-standard","has-post-thumbnail","category-otsikot","tag-breaking-news","tag-breakingnews","tag-featured-news","tag-featurednews","tag-fi","tag-finland","tag-finnish","tag-headlines","tag-ihmiset","tag-kotimaa","tag-latest-news","tag-latestnews","tag-main-news","tag-mainnews","tag-mika-poutala","tag-news","tag-otsikot","tag-paauutiset","tag-suomi","tag-top-stories","tag-topstories","tag-uutiset"],"share_on_mastodon":{"url":"https:\/\/pubeurope.com\/@fi\/117100897137400087","error":""},"_links":{"self":[{"href":"https:\/\/www.europesays.com\/fi\/wp-json\/wp\/v2\/posts\/325459","targetHints":{"allow":["GET"]}}],"collection":[{"href":"https:\/\/www.europesays.com\/fi\/wp-json\/wp\/v2\/posts"}],"about":[{"href":"https:\/\/www.europesays.com\/fi\/wp-json\/wp\/v2\/types\/post"}],"author":[{"embeddable":true,"href":"https:\/\/www.europesays.com\/fi\/wp-json\/wp\/v2\/users\/2"}],"replies":[{"embeddable":true,"href":"https:\/\/www.europesays.com\/fi\/wp-json\/wp\/v2\/comments?post=325459"}],"version-history":[{"count":0,"href":"https:\/\/www.europesays.com\/fi\/wp-json\/wp\/v2\/posts\/325459\/revisions"}],"wp:featuredmedia":[{"embeddable":true,"href":"https:\/\/www.europesays.com\/fi\/wp-json\/wp\/v2\/media\/325460"}],"wp:attachment":[{"href":"https:\/\/www.europesays.com\/fi\/wp-json\/wp\/v2\/media?parent=325459"}],"wp:term":[{"taxonomy":"category","embeddable":true,"href":"https:\/\/www.europesays.com\/fi\/wp-json\/wp\/v2\/categories?post=325459"},{"taxonomy":"post_tag","embeddable":true,"href":"https:\/\/www.europesays.com\/fi\/wp-json\/wp\/v2\/tags?post=325459"}],"curies":[{"name":"wp","href":"https:\/\/api.w.org\/{rel}","templated":true}]}}