{"id":325525,"date":"2026-08-15T20:20:18","date_gmt":"2026-08-15T20:20:18","guid":{"rendered":"https:\/\/www.europesays.com\/fi\/325525\/"},"modified":"2026-08-15T20:20:18","modified_gmt":"2026-08-15T20:20:18","slug":"lisaa-jaakiekkolegendoja-iisalmeen-urheilu","status":"publish","type":"post","link":"https:\/\/www.europesays.com\/fi\/325525\/","title":{"rendered":"Lis\u00e4\u00e4 j\u00e4\u00e4kiekkolegendoja Iisalmeen | Urheilu"},"content":{"rendered":"<p>Iisalmen j\u00e4\u00e4hallissa lauantaina 22. elokuuta j\u00e4rjestett\u00e4v\u00e4 j\u00e4\u00e4kiekon hyv\u00e4ntekev\u00e4isyysottelu on julkaissut lis\u00e4\u00e4 pelaajia <a href=\"https:\/\/www.instagram.com\/pietarinkadunoilersgoesiisalmi\/?hl=fi\" rel=\"nofollow noopener\" target=\"_blank\">Instagramissa<\/a>.<\/p>\n<p>J\u00e4\u00e4ll\u00e4 n\u00e4hd\u00e4\u00e4n <strong>Niklas Hagman<\/strong>, <strong>Esa Pirnes<\/strong> ja <strong>Lasse Kukkonen<\/strong>. Ottelun puolestaan selostaa MTV:n liigaottelujen ja kev\u00e4\u00e4n MM-kisojen selostuksistaan tunnettu <strong>Jani Alkio<\/strong>.<\/p>\n<p>Niklas Hagman pelasi NHL:ss\u00e4 770 runkosarjaottelua. Miesten maajoukkueessa Hagman saavutti kaksi olympiamitalia ja World Cupin finaalipaikan. H\u00e4net my\u00f6s valittiin MM-kisojen 2002 parhaaksi hy\u00f6kk\u00e4\u00e4j\u00e4ksi.<\/p>\n<p>Esa Pirnes pelasi tasan 500 SM-liigan runkosarjaottelua ja voitti Suomen mestaruuden kolmesti. Ensimm\u00e4isen\u00e4 mestaruusvuonna 2003 Tapparaa edustanut Pirnes valittiin SM-liigan pudotuspelien parhaaksi pelaajaksi. Leijonissa h\u00e4n saavutti kaksi MM-pronssia.<\/p>\n<p>Seuraurallaan erityisesti Oulun K\u00e4rppi\u00e4 edustanut Lasse Kukkonen oli juhlimassa vuoden 2011 j\u00e4\u00e4kiekon maailmanmestaruutta. Arvokisamitaleja aikuisten tasolta Kukkoselle kertyi yhteens\u00e4 seitsem\u00e4n. Suomen mestaruuden Kukkonen voitti nelj\u00e4 kertaa.<\/p>\n<p>\t\t<a class=\"diks-gallery__link\" href=\"https:\/\/i.media.fi\/incoming\/mza5l4\/11479188.jpg\/alternates\/FREE_1440\/11479188.jpg\" data-thumbnail=\"\" data-sub-html=\"Jani Alkio on selostanut liigapelej\u00e4 yli 20 vuoden ajan. Timo Rajam\u00e4ki\" aria-label=\"Katso isompi kuva\" rel=\"nofollow noopener\" target=\"_blank\"><br \/>\n\t\t\t\t<img class=\"diks-figure__image\" src=\"https:\/\/www.europesays.com\/fi\/wp-content\/uploads\/2026\/08\/11479188.jpg\" loading=\"lazy\" decoding=\"sync\" alt=\"\"\/><\/p>\n<p>\t\t\t<\/a><br \/>\n\t\t\t\t\tJani Alkio on selostanut liigapelej\u00e4 yli 20 vuoden ajan. Timo Rajam\u00e4ki<\/p>\n<p><strong class=\"diks-storyline__impact\">Tapahtuma <\/strong>oli jo aikaisemmin julkaissut <strong>Esa Tikkasen<\/strong> ja <strong>Kimmo Timosen<\/strong> osallistumiset. Timosen hyv\u00e4ntekev\u00e4isyysj\u00e4rjest\u00f6 Kime4Kids ry on yksi ottelun j\u00e4rjest\u00e4jist\u00e4.<\/p>\n<p>Hyv\u00e4ntekev\u00e4isyysottelussa kohtaavat Iisalmen Peli-Karhujen t\u00e4hdist\u00f6joukkue ja Pietarinkadun Oilers.<\/p>\n<p>\t\t\t\t\t<img class=\"diks-card__image\" src=\"https:\/\/www.europesays.com\/fi\/wp-content\/uploads\/2026\/08\/8789630.jpg\"   loading=\"lazy\" decoding=\"sync\" alt=\"\"\/><\/p>\n<p>\t\t\t\t\t\t\t\t\t<script async src=\"\/\/www.instagram.com\/embed.js\"><\/script><\/p>\n","protected":false},"excerpt":{"rendered":"Iisalmen j\u00e4\u00e4hallissa lauantaina 22. elokuuta j\u00e4rjestett\u00e4v\u00e4 j\u00e4\u00e4kiekon hyv\u00e4ntekev\u00e4isyysottelu on julkaissut lis\u00e4\u00e4 pelaajia Instagramissa. J\u00e4\u00e4ll\u00e4 n\u00e4hd\u00e4\u00e4n Niklas Hagman, Esa&hellip;\n","protected":false},"author":2,"featured_media":325526,"comment_status":"","ping_status":"","sticky":false,"template":"","format":"standard","meta":{"footnotes":"","_share_on_mastodon":"0"},"categories":[158],"tags":[33,31,30,6420,4892,1143,2723,2722,159,32,160],"class_list":["post-325525","post","type-post","status-publish","format-standard","has-post-thumbnail","category-urheilu","tag-fi","tag-finland","tag-finnish","tag-iisalmen-peli-karhut-ipk","tag-iisalmi","tag-jaakiekko","tag-kesateema","tag-savon-kesa","tag-sports","tag-suomi","tag-urheilu"],"share_on_mastodon":{"url":"https:\/\/pubeurope.com\/@fi\/117101385258381786","error":""},"_links":{"self":[{"href":"https:\/\/www.europesays.com\/fi\/wp-json\/wp\/v2\/posts\/325525","targetHints":{"allow":["GET"]}}],"collection":[{"href":"https:\/\/www.europesays.com\/fi\/wp-json\/wp\/v2\/posts"}],"about":[{"href":"https:\/\/www.europesays.com\/fi\/wp-json\/wp\/v2\/types\/post"}],"author":[{"embeddable":true,"href":"https:\/\/www.europesays.com\/fi\/wp-json\/wp\/v2\/users\/2"}],"replies":[{"embeddable":true,"href":"https:\/\/www.europesays.com\/fi\/wp-json\/wp\/v2\/comments?post=325525"}],"version-history":[{"count":0,"href":"https:\/\/www.europesays.com\/fi\/wp-json\/wp\/v2\/posts\/325525\/revisions"}],"wp:featuredmedia":[{"embeddable":true,"href":"https:\/\/www.europesays.com\/fi\/wp-json\/wp\/v2\/media\/325526"}],"wp:attachment":[{"href":"https:\/\/www.europesays.com\/fi\/wp-json\/wp\/v2\/media?parent=325525"}],"wp:term":[{"taxonomy":"category","embeddable":true,"href":"https:\/\/www.europesays.com\/fi\/wp-json\/wp\/v2\/categories?post=325525"},{"taxonomy":"post_tag","embeddable":true,"href":"https:\/\/www.europesays.com\/fi\/wp-json\/wp\/v2\/tags?post=325525"}],"curies":[{"name":"wp","href":"https:\/\/api.w.org\/{rel}","templated":true}]}}