{"id":32561,"date":"2025-09-12T06:13:06","date_gmt":"2025-09-12T06:13:06","guid":{"rendered":"https:\/\/www.europesays.com\/fi\/32561\/"},"modified":"2025-09-12T06:13:06","modified_gmt":"2025-09-12T06:13:06","slug":"miksi-robert-helenius-sai-lyoda-erikoisjoukoissa-mutta-amin-asikainen-ei-nain-tuotanto-vastaa","status":"publish","type":"post","link":"https:\/\/www.europesays.com\/fi\/32561\/","title":{"rendered":"Miksi Robert Helenius sai ly\u00f6d\u00e4 Erikoisjoukoissa, mutta Amin Asikainen ei? N\u00e4in tuotanto vastaa"},"content":{"rendered":"<p>Erikoisjoukot-ohjelman nyrkkeilyteht\u00e4v\u00e4ss\u00e4 n\u00e4htiin poikkeuksellinen ratkaisu. Nyt tuotanto perustelee Iltalehdelle p\u00e4\u00e4t\u00f6st\u00e4\u00e4n.<\/p>\n<p class=\"paragraph\">Torstaina esitetyss\u00e4 Erikoisjoukot-ohjelman toisessa jaksossa kokelaat p\u00e4\u00e4tyiv\u00e4t jo klassikkoteht\u00e4v\u00e4ksi muodostuneen nyrkkeilyteht\u00e4v\u00e4n pariin. Kokelaiden teht\u00e4v\u00e4n\u00e4 oli nyrkkeill\u00e4 toisiaan vastaan.<\/p>\n<p class=\"paragraph\">Jaksossa kouluttajat kokoustavat hetken ohjelman l\u00e4\u00e4k\u00e4rin kanssa, miten ottelu hoidetaan ex-nyrkkeilij\u00e4 <strong>Robert Heleniuksen<\/strong>, 41, osalta. Lopulta kouluttajat kysyv\u00e4t Alfa-tiimilt\u00e4, kuka heist\u00e4 on vapaaehtoinen ottelemaan Heleniusta vastaan. Vapaaehtoiseksi ilmoittautuu salibandyn pelaaja <strong>Nico Salo<\/strong>, 31.<\/p>\n<p class=\"paragraph\">\u2013 \u00c4l\u00e4 irrota sen p\u00e4\u00e4t\u00e4 hartioilta, kouluttaja <strong>Jan Knutti<\/strong>, 48, sanoo Heleniukselle ennen ottelua.<\/p>\n<p><img decoding=\"async\" class=\"image image-show image-preview\" src=\"https:\/\/www.europesays.com\/fi\/wp-content\/uploads\/2025\/09\/c55cac13c994a50672c0c936cad17480e1a343e603712b107ca862727df85e58.jpg\" alt=\"\"\/><img decoding=\"async\" class=\"image image-show\" src=\"https:\/\/www.europesays.com\/fi\/wp-content\/uploads\/2025\/09\/1757657586_717_c55cac13c994a50672c0c936cad17480e1a343e603712b107ca862727df85e58.jpg\" alt=\"\"\/><\/p>\n<p>Erikoisjoukot-ohjelmassa ex-nyrkkeilij\u00e4 Robert Helenius sai ly\u00f6d\u00e4 vastustajaansa Nico Saloa. Nelonen<\/p>\n<p class=\"paragraph\">Ottelun aikana eniten iskuja tekee Salo, mutta Helenius ei hievahdakaan. Heleniuksen ei tarvitse kuin tehd\u00e4 pari iskua, kun Salo on voitettu ylivoimaisesti.<\/p>\n<p class=\"paragraph\">Helenius p\u00e4\u00e4si ottelemaan, vaikka ohjelman ensimm\u00e4isell\u00e4 tuotantokaudella ex-nyrkkeilij\u00e4 <strong>Amin Asikainen<\/strong>, 49, ei saanut saman teht\u00e4v\u00e4n aikana ly\u00f6d\u00e4 ollenkaan. Lis\u00e4ksi Asikainen joutui tappelemaan kahta kokelasta vastaan.<\/p>\n<p class=\"paragraph\">Nyt sarjan vastaava tuottaja <strong>Alex Laszlo<\/strong> perustelee Iltalehdelle p\u00e4\u00e4t\u00f6st\u00e4 sill\u00e4, ett\u00e4 he pyrkiv\u00e4t muokkaamaan teht\u00e4vi\u00e4 pit\u00e4\u00e4kseen kokelaat varpaillaan ja s\u00e4ilytt\u00e4m\u00e4\u00e4n kauden yll\u00e4tyksellisyyden.<\/p>\n<p class=\"paragraph\">\u2013 Ensimm\u00e4isen kauden nyrkkeilyteht\u00e4v\u00e4ss\u00e4 Amin Asikainen ei saanut ly\u00f6d\u00e4, mik\u00e4 tietysti asetti h\u00e4net tilanteeseen, jossa h\u00e4nen t\u00e4ytyi hillit\u00e4 itse\u00e4\u00e4n samalla, kun vastustajat joutuivat ly\u00f6m\u00e4\u00e4n henkil\u00f6\u00e4, joka ei saanut vastata ly\u00f6nteihin, Laszlo pohjustaa.<\/p>\n<p class=\"paragraph\">\u2013 Robert Helenius taas joutui tilanteeseen, miss\u00e4 h\u00e4n tiesi voivansa satuttaa vastustajaa, mutta h\u00e4nen t\u00e4ytyi ymm\u00e4rt\u00e4\u00e4, ettei vastassa ole ammattilainen, joten h\u00e4nen t\u00e4ytyi ottaa se huomioon. Kouluttajat my\u00f6s muistuttivat Heleniusta t\u00e4st\u00e4 ennen teht\u00e4v\u00e4n alkua, ja h\u00e4n luonnollisesti my\u00f6s ymm\u00e4rsi t\u00e4m\u00e4n, h\u00e4n lis\u00e4\u00e4.<\/p>\n<p>Erikoisjoukot-ohjelman ensimm\u00e4isell\u00e4 kaudella Amin Asikainen ei saanut ly\u00f6d\u00e4 nyrkkeilyteht\u00e4v\u00e4ss\u00e4. Nelonen<\/p>\n<p class=\"paragraph\">Kolme vuotta sitten Laszlo perusteli <a href=\"https:\/\/www.is.fi\/menaiset\/vapaalla\/art-2000008866593.html\" target=\"_blank\" rel=\"noopener nofollow\">Me Naisille<\/a> p\u00e4\u00e4t\u00f6st\u00e4 Asikaisen ottelun suhteen sanomalla, ett\u00e4 \u201dkokelaita ei ohjelmassa aseteta vaaraan\u201d ja \u201dolisi ollut vaarallista, jos Amin olisi ly\u00f6nyt\u201d. <strong>Koettiinko Heleniuksen ly\u00f6nti v\u00e4hemm\u00e4n vaarallisemmaksi, vaikka h\u00e4n on suurempikokoisempi kuin Asikainen?<\/strong><\/p>\n<p class=\"paragraph\">\u2013 Ensimm\u00e4isell\u00e4 kaudella me tekij\u00e4t sek\u00e4 kouluttajat ja ohjelman l\u00e4\u00e4k\u00e4ri teimme ohjelmaa ensimm\u00e4ist\u00e4 kertaa. My\u00f6sk\u00e4\u00e4n kokelaat eiv\u00e4t tienneet mit\u00e4 on edess\u00e4 ja p\u00e4\u00e4dyimme siihen, ett\u00e4 on turvallisempaa olla antamatta ammattinyrkkeilij\u00e4n ly\u00f6d\u00e4, Laszlo vastaa.<\/p>\n<p class=\"paragraph\">\u2013 Nelj\u00e4nnell\u00e4 kaudella kaikilla oli jo enemm\u00e4n kokemusta ohjelman tekemisest\u00e4, joten koimme turvalliseksi edet\u00e4 Heleniuksen kanssa niin kuin edettiin, h\u00e4n jatkaa.<\/p>\n<p>Robert Helenius voitti kamppailun Nico Saloa vastaan ylivoimaisesti. Nelonen<\/p>\n<p class=\"paragraph\">Laszlon mukaan on hyvin mahdollista, ett\u00e4 ohjelmassa n\u00e4hd\u00e4\u00e4n vastaisuudessakin nyrkkeilij\u00f6it\u00e4 ja nyrkkeilyteht\u00e4v\u00e4 jossakin muodossa.<\/p>\n<p class=\"paragraph\">Helenius kommentoi Iltalehdelle salamyhk\u00e4isesti otteluteht\u00e4v\u00e4\u00e4 elokuussa ohjelman lehdist\u00f6tilaisuudessa. Helenius kertoi, ett\u00e4 mik\u00e4li h\u00e4n joutui k\u00e4ytt\u00e4m\u00e4\u00e4n kuvauksissa nyrkkeilytaitojaan, h\u00e4n olisi hillinnyt iskujaan.<\/p>\n<p class=\"paragraph\">\u2013 Pakkohan se on. Ei voi [t\u00e4ysi\u00e4 ly\u00f6d\u00e4] ihmisi\u00e4, jotka eiv\u00e4t ole ikin\u00e4 k\u00e4yneet keh\u00e4ss\u00e4. Pakkohan sit\u00e4 on v\u00e4h\u00e4n katsoa, ett\u00e4 he eiv\u00e4t loukkaannu, kun ei ole ikin\u00e4 hauskaa satuttaa ket\u00e4\u00e4n, h\u00e4n sanoi.<\/p>\n<p class=\"paragraph\">Erikoisjoukot-sarja on n\u00e4ht\u00e4viss\u00e4 Ruudussa ja Nelosella torstaisin kello 21. <a href=\"https:\/\/www.iltalehti.fi\/telkku\" rel=\"nofollow noopener\" target=\"_blank\">Katso kaikki ohjelmatiedot ja l\u00e4hetysajat Telkusta<\/a>.<\/p>\n<p>Vastaavan tuottajan mukaan Robert Heleniuksen kanssa keskusteltiin ennen ottelun alkua. Nelonen<\/p>\n","protected":false},"excerpt":{"rendered":"Erikoisjoukot-ohjelman nyrkkeilyteht\u00e4v\u00e4ss\u00e4 n\u00e4htiin poikkeuksellinen ratkaisu. Nyt tuotanto perustelee Iltalehdelle p\u00e4\u00e4t\u00f6st\u00e4\u00e4n. Torstaina esitetyss\u00e4 Erikoisjoukot-ohjelman toisessa jaksossa kokelaat p\u00e4\u00e4tyiv\u00e4t jo&hellip;\n","protected":false},"author":2,"featured_media":32562,"comment_status":"","ping_status":"","sticky":false,"template":"","format":"standard","meta":{"footnotes":""},"categories":[136],"tags":[35,407,137,33,31,30,408,3844,41,979,32,140,139,109],"class_list":{"0":"post-32561","1":"post","2":"type-post","3":"status-publish","4":"format-standard","5":"has-post-thumbnail","7":"category-julkkikset","8":"tag-24h","9":"tag-celebrities","10":"tag-entertainment","11":"tag-fi","12":"tag-finland","13":"tag-finnish","14":"tag-julkkikset","15":"tag-kamppailu-urheilu","16":"tag-liikunta-ja-urheilu","17":"tag-sahkoinen-media","18":"tag-suomi","19":"tag-tv-ja-elokuvat","20":"tag-tv-ohjelmat","21":"tag-viihde"},"share_on_mastodon":{"url":"","error":""},"_links":{"self":[{"href":"https:\/\/www.europesays.com\/fi\/wp-json\/wp\/v2\/posts\/32561","targetHints":{"allow":["GET"]}}],"collection":[{"href":"https:\/\/www.europesays.com\/fi\/wp-json\/wp\/v2\/posts"}],"about":[{"href":"https:\/\/www.europesays.com\/fi\/wp-json\/wp\/v2\/types\/post"}],"author":[{"embeddable":true,"href":"https:\/\/www.europesays.com\/fi\/wp-json\/wp\/v2\/users\/2"}],"replies":[{"embeddable":true,"href":"https:\/\/www.europesays.com\/fi\/wp-json\/wp\/v2\/comments?post=32561"}],"version-history":[{"count":0,"href":"https:\/\/www.europesays.com\/fi\/wp-json\/wp\/v2\/posts\/32561\/revisions"}],"wp:featuredmedia":[{"embeddable":true,"href":"https:\/\/www.europesays.com\/fi\/wp-json\/wp\/v2\/media\/32562"}],"wp:attachment":[{"href":"https:\/\/www.europesays.com\/fi\/wp-json\/wp\/v2\/media?parent=32561"}],"wp:term":[{"taxonomy":"category","embeddable":true,"href":"https:\/\/www.europesays.com\/fi\/wp-json\/wp\/v2\/categories?post=32561"},{"taxonomy":"post_tag","embeddable":true,"href":"https:\/\/www.europesays.com\/fi\/wp-json\/wp\/v2\/tags?post=32561"}],"curies":[{"name":"wp","href":"https:\/\/api.w.org\/{rel}","templated":true}]}}