{"id":32568,"date":"2025-09-12T06:21:08","date_gmt":"2025-09-12T06:21:08","guid":{"rendered":"https:\/\/www.europesays.com\/fi\/32568\/"},"modified":"2025-09-12T06:21:08","modified_gmt":"2025-09-12T06:21:08","slug":"ale-alkoi-suosittu-suoratoistopalvelu-maksaa-nyt-alle-kolme-euroa-mutta-yksi-asia-tarjouksessa-hiertaa","status":"publish","type":"post","link":"https:\/\/www.europesays.com\/fi\/32568\/","title":{"rendered":"Ale alkoi! Suosittu suoratoistopalvelu maksaa nyt alle kolme euroa, mutta yksi asia tarjouksessa hiert\u00e4\u00e4"},"content":{"rendered":"<p>\n    <a href=\"https:\/\/www.europesays.com\/fi\/wp-content\/uploads\/2025\/08\/thunderbolts-2025.jpg\"><img fetchpriority=\"high\" decoding=\"async\" aria-describedby=\"caption-attachment-796207\" class=\"size-full wp-image-796207 awpo-lazy\" alt=\"Thunderbolts*\" width=\"1920\" height=\"1059\"  data- src=\"https:\/\/www.europesays.com\/fi\/wp-content\/uploads\/2025\/08\/thunderbolts-2025.jpg\"\/><\/a><\/p>\n<p id=\"caption-attachment-796207\" class=\"wp-caption-text\">Kuva: \u00a9 MARVEL<\/p>\n<p><strong>Mikki Hiiri on pist\u00e4nyt Disney+:an halvimman tilausvaihtoehdon tarjolle alennettuun hintaan.<\/strong><\/p>\n<p><a href=\"https:\/\/muropaketti.com\/avainsana\/disney-plus\/\" rel=\"nofollow noopener\" target=\"_blank\">Disney+:n<\/a> tilausvaihtoehto Standard mainoksilla maksaa normaalisti 5,99 euroa \/ kuukausi. Uuden tarjouksen my\u00f6t\u00e4 hinta on kolmeksi kuukaudeksi 2,99 euroa \/ kuukausi. Tarjousjakson j\u00e4lkeen hinta nousee normaaliin 5,99 euroon, ellei tilausta katkaise ennen sit\u00e4.<\/p>\n<p>Tarjous on voimassa lauantaihin 27. syyskuuta asti.<\/p>\n<p>Disney+:n uusimpia t\u00e4kyj\u00e4 ovat Alien: Earth -sarja sek\u00e4 elokuvat Thunderbolts*, Lilo &amp; Stitch sek\u00e4 Elio, joka lis\u00e4t\u00e4\u00e4n palveluun ensi viikolla.<\/p>\n<p>Jos ei halua katsella mainoksia, on Disney+ saatavilla my\u00f6s seuraavilla tilausvaihtoehdoilla:<\/p>\n<ul>\n<li>Standard ilman mainoksia (9,99 euroa \/ kuukausi)<\/li>\n<li>Premium (13,99 euroa \/ kuukausi)<\/li>\n<\/ul>\n<blockquote class=\"wp-embedded-content\" data-secret=\"10uEm9e1dt\">\n<p><a href=\"https:\/\/muropaketti.com\/elokuvat\/elokuvauutiset\/disneyn-uusi-elokuva-floppasi-kesalla-taysin-ensi-viikolla-sen-voi-katsoa-disneysta-jos-jaksaa-vaivautua\/\" rel=\"nofollow noopener\" target=\"_blank\">Disneyn uusi elokuva floppasi kes\u00e4ll\u00e4 t\u00e4ysin \u2013 ensi viikolla sen voi katsoa Disney+:sta<\/a><\/p>\n<\/blockquote>\n","protected":false},"excerpt":{"rendered":"Kuva: \u00a9 MARVEL Mikki Hiiri on pist\u00e4nyt Disney+:an halvimman tilausvaihtoehdon tarjolle alennettuun hintaan. Disney+:n tilausvaihtoehto Standard mainoksilla maksaa&hellip;\n","protected":false},"author":2,"featured_media":17443,"comment_status":"","ping_status":"","sticky":false,"template":"","format":"standard","meta":{"footnotes":""},"categories":[130],"tags":[298,137,33,31,30,32,109],"class_list":{"0":"post-32568","1":"post","2":"type-post","3":"status-publish","4":"format-standard","5":"has-post-thumbnail","7":"category-viihde","8":"tag-disney","9":"tag-entertainment","10":"tag-fi","11":"tag-finland","12":"tag-finnish","13":"tag-suomi","14":"tag-viihde"},"share_on_mastodon":{"url":"","error":""},"_links":{"self":[{"href":"https:\/\/www.europesays.com\/fi\/wp-json\/wp\/v2\/posts\/32568","targetHints":{"allow":["GET"]}}],"collection":[{"href":"https:\/\/www.europesays.com\/fi\/wp-json\/wp\/v2\/posts"}],"about":[{"href":"https:\/\/www.europesays.com\/fi\/wp-json\/wp\/v2\/types\/post"}],"author":[{"embeddable":true,"href":"https:\/\/www.europesays.com\/fi\/wp-json\/wp\/v2\/users\/2"}],"replies":[{"embeddable":true,"href":"https:\/\/www.europesays.com\/fi\/wp-json\/wp\/v2\/comments?post=32568"}],"version-history":[{"count":0,"href":"https:\/\/www.europesays.com\/fi\/wp-json\/wp\/v2\/posts\/32568\/revisions"}],"wp:featuredmedia":[{"embeddable":true,"href":"https:\/\/www.europesays.com\/fi\/wp-json\/wp\/v2\/media\/17443"}],"wp:attachment":[{"href":"https:\/\/www.europesays.com\/fi\/wp-json\/wp\/v2\/media?parent=32568"}],"wp:term":[{"taxonomy":"category","embeddable":true,"href":"https:\/\/www.europesays.com\/fi\/wp-json\/wp\/v2\/categories?post=32568"},{"taxonomy":"post_tag","embeddable":true,"href":"https:\/\/www.europesays.com\/fi\/wp-json\/wp\/v2\/tags?post=32568"}],"curies":[{"name":"wp","href":"https:\/\/api.w.org\/{rel}","templated":true}]}}