{"id":32581,"date":"2025-09-12T06:42:08","date_gmt":"2025-09-12T06:42:08","guid":{"rendered":"https:\/\/www.europesays.com\/fi\/32581\/"},"modified":"2025-09-12T06:42:08","modified_gmt":"2025-09-12T06:42:08","slug":"tanaan-tvssa-perhe-odotti-markusta-aamupalapoytaan-siita-se-painajainen-alkoi","status":"publish","type":"post","link":"https:\/\/www.europesays.com\/fi\/32581\/","title":{"rendered":"T\u00e4n\u00e4\u00e4n tv:ss\u00e4: Perhe odotti Markusta aamupalap\u00f6yt\u00e4\u00e4n: \u201dSiit\u00e4 se painajainen alkoi\u201d"},"content":{"rendered":"<p>Kaksi nuorta miest\u00e4 katosi puolen vuoden sis\u00e4\u00e4n samalla risteilyaluksella. Markuksen tarina kerrotaan illan M\/S Mystery -jaksossa.<\/p>\n<p><img decoding=\"async\" class=\"image image-show image-preview\" src=\"https:\/\/www.europesays.com\/fi\/wp-content\/uploads\/2025\/09\/a6acddcd983a7ad20747212624bf09a43b04d65ce0f6b4047e5530491c3ee035.jpg\" alt=\"\"\/><img decoding=\"async\" class=\"image image-show\" src=\"https:\/\/www.europesays.com\/fi\/wp-content\/uploads\/2025\/09\/1757659328_301_a6acddcd983a7ad20747212624bf09a43b04d65ce0f6b4047e5530491c3ee035.jpg\" alt=\"\"\/><\/p>\n<p>Riku Rantala tutkii Ruotsin-laivojen katoamisia M\/S Mystery -sarjassaan. Yle<\/p>\n<p class=\"paragraph\">Kes\u00e4ll\u00e4 2006 19-vuotias <strong>Niku<\/strong> <a href=\"https:\/\/www.iltalehti.fi\/tv-ja-leffat\/d0f06de3-0c34-499b-9032-d6dbdf346469\" rel=\"nofollow noopener\" target=\"_blank\">l\u00e4hti kavereidensa kanssa Ruotsin-risteilylle Viking Isabellalle ja katosi<\/a>. Puoli vuotta Nikun katoamisen j\u00e4lkeen samalla laivalla h\u00e4visi kuin ilmaan toinenkin nuorimies. <strong>Markuksen<\/strong> tarina kuullaan t\u00e4n\u00e4\u00e4n tv:ss\u00e4 esitett\u00e4v\u00e4ss\u00e4 M\/S Mystery -ohjelman jaksossa.<\/p>\n<p class=\"paragraph\">18-vuotias Markus oli l\u00e4htenyt joululahjamatkalleen sukulaistensa ja n\u00e4iden saksalaisen au pairin kanssa. Automatkalla Markuksen serkun vaimo <strong>Taija<\/strong> oli puhunut muulle matkaseurueelle samalta laivalta kadonneesta pojasta. Taija oli lukenut Nikun tapauksesta lehdest\u00e4.<\/p>\n<p class=\"paragraph\">\u2013 Kauhistelimme, milt\u00e4 se tuntuu, Taija kertoo toimittaja <strong>Riku Rantalalle<\/strong> M\/S Mystery -ohjelmassa.<\/p>\n<p class=\"paragraph\">J\u00e4lkik\u00e4teen hirve\u00e4t ajatukset ovat piinanneet Taijaa. H\u00e4n kertoo miettineens\u00e4, saiko h\u00e4n puheillaan aikaan Markuksen katoamisen.<\/p>\n<p class=\"paragraph\">\u2013 Jos en olisi siit\u00e4 puhunut, olisiko sit\u00e4 tapahtunut?<\/p>\n<p class=\"paragraph\">Ensimm\u00e4isen\u00e4 matkailtana Markus oli liikkunut laivalla sek\u00e4 serkkunsa <strong>Tonin<\/strong> ett\u00e4 au pair &#8211;<strong>Lolan<\/strong> kanssa. Huonovointinen Taija oli mennyt aikaisin nukkumaan.<\/p>\n<p class=\"paragraph\">Pitkin y\u00f6t\u00e4 laivalla ravannut Markus tuli hyttiin nukkumaan aamuviidelt\u00e4. Hetken levottomasti makoiltuaan Markus oli noussut \u00e4kisti yl\u00f6s, kiskonut farkut jalkaansa ja l\u00e4htenyt sukkasiltaan ulos hytist\u00e4.<\/p>\n<p class=\"paragraph\">\u2013 Aamulla odotimme Markusta aamupalalle. H\u00e4n ei tullut. Aamupalan j\u00e4lkeen k\u00e4ytiin pyyt\u00e4m\u00e4ss\u00e4, ett\u00e4 kuulutetaan. Siit\u00e4 se painajainen sitten alkoi, Taija kertoo.<\/p>\n<p class=\"paragraph\">Kuulutukset eiv\u00e4t tuottaneet tulosta. Maissa omaiset poistuivat laivasta Markuksen tavaroiden kanssa ja l\u00e4htiv\u00e4t poliisiasemalle tekem\u00e4\u00e4n ilmoitusta.<\/p>\n<p class=\"paragraph\">Tutkinnat eiv\u00e4t johtaneet ratkaiseviin havaintoihin, ja poliisi vaikutti jopa haluttomalta selvitt\u00e4m\u00e4\u00e4n katoamista. Siksi tapausta tutkimaan ryhtynyt Riku Rantala kokeekin suuren yll\u00e4tyksen saadessaan paksun kirjekuoren Ruotsin poliisista. Kirje sis\u00e4lsi Suomessa salattuja tutkinta-asiakirjoja Markuksen katoamisesta.<\/p>\n<p class=\"paragraph\">Asiakirjoissa oli muun muassa valvontakamerakuvia Markuksen viimeisilt\u00e4 hetkilt\u00e4 ennen katoamista. Osa kuvista on sellaisia, joita Markuksen l\u00e4heiset eiv\u00e4t ole koskaan aiemmin n\u00e4hneet.<\/p>\n<p class=\"paragraph\">M\/S Mystery t\u00e4n\u00e4\u00e4n TV1:ll\u00e4 kello 20.00 &amp; Areenassa. <a href=\"https:\/\/www.iltalehti.fi\/telkku\" rel=\"nofollow noopener\" target=\"_blank\">Katso kaikki TV-ohjelmat ja l\u00e4hetysajat Telkun TV-oppaasta<\/a>.<\/p>\n","protected":false},"excerpt":{"rendered":"Kaksi nuorta miest\u00e4 katosi puolen vuoden sis\u00e4\u00e4n samalla risteilyaluksella. Markuksen tarina kerrotaan illan M\/S Mystery -jaksossa. Riku Rantala&hellip;\n","protected":false},"author":2,"featured_media":32582,"comment_status":"","ping_status":"","sticky":false,"template":"","format":"standard","meta":{"footnotes":""},"categories":[133],"tags":[35,137,33,31,30,121,3036,32,206,140,156,2569,2568,109],"class_list":{"0":"post-32581","1":"post","2":"type-post","3":"status-publish","4":"format-standard","5":"has-post-thumbnail","7":"category-televisiot","8":"tag-24h","9":"tag-entertainment","10":"tag-fi","11":"tag-finland","12":"tag-finnish","13":"tag-liikenne-ja-kuljetus","14":"tag-meri-ja-rannikkoliikenne","15":"tag-suomi","16":"tag-televisiot","17":"tag-tv-ja-elokuvat","18":"tag-tv","19":"tag-vesikulkuneuvot","20":"tag-vesiliikenne","21":"tag-viihde"},"share_on_mastodon":{"url":"","error":""},"_links":{"self":[{"href":"https:\/\/www.europesays.com\/fi\/wp-json\/wp\/v2\/posts\/32581","targetHints":{"allow":["GET"]}}],"collection":[{"href":"https:\/\/www.europesays.com\/fi\/wp-json\/wp\/v2\/posts"}],"about":[{"href":"https:\/\/www.europesays.com\/fi\/wp-json\/wp\/v2\/types\/post"}],"author":[{"embeddable":true,"href":"https:\/\/www.europesays.com\/fi\/wp-json\/wp\/v2\/users\/2"}],"replies":[{"embeddable":true,"href":"https:\/\/www.europesays.com\/fi\/wp-json\/wp\/v2\/comments?post=32581"}],"version-history":[{"count":0,"href":"https:\/\/www.europesays.com\/fi\/wp-json\/wp\/v2\/posts\/32581\/revisions"}],"wp:featuredmedia":[{"embeddable":true,"href":"https:\/\/www.europesays.com\/fi\/wp-json\/wp\/v2\/media\/32582"}],"wp:attachment":[{"href":"https:\/\/www.europesays.com\/fi\/wp-json\/wp\/v2\/media?parent=32581"}],"wp:term":[{"taxonomy":"category","embeddable":true,"href":"https:\/\/www.europesays.com\/fi\/wp-json\/wp\/v2\/categories?post=32581"},{"taxonomy":"post_tag","embeddable":true,"href":"https:\/\/www.europesays.com\/fi\/wp-json\/wp\/v2\/tags?post=32581"}],"curies":[{"name":"wp","href":"https:\/\/api.w.org\/{rel}","templated":true}]}}