{"id":325863,"date":"2026-08-16T07:26:14","date_gmt":"2026-08-16T07:26:14","guid":{"rendered":"https:\/\/www.europesays.com\/fi\/325863\/"},"modified":"2026-08-16T07:26:14","modified_gmt":"2026-08-16T07:26:14","slug":"anthropic-silppusi-miljoonia-kirjoja-tekoalyn-takia-kysyimme-onko-se-ok-ulkomaat","status":"publish","type":"post","link":"https:\/\/www.europesays.com\/fi\/325863\/","title":{"rendered":"Anthropic silppusi miljoonia kirjoja teko\u00e4lyn takia \u2013 kysyimme, onko se ok | Ulkomaat"},"content":{"rendered":"<ul class=\"aw__sc-1yb43iq-0 gFXHv yle__article__list yle__article__list--ul\">\n<li class=\"aw__sc-1yb43iq-1 gVAzbt\">Teko\u00e4ly-yhti\u00f6 Anthropic skannasi miljoonia kirjoja teko\u00e4lyn kouluttamiseen. Kirjojen sel\u00e4t leikattiin ja kirjat tuhoutuivat. Salainen hanke paljastui alkuvuodesta.<\/li>\n<li class=\"aw__sc-1yb43iq-1 gVAzbt\">Eurooppalaiset antikvariaatit ovat saaneet kes\u00e4n aikana joukkotilauksia tuhansista kirjoista. Niiden ep\u00e4ill\u00e4\u00e4n p\u00e4\u00e4tyv\u00e4n teko\u00e4lyn koulutusmateriaaliksi.<\/li>\n<li class=\"aw__sc-1yb43iq-1 gVAzbt\">Ilmi\u00f6 ei toistaiseksi n\u00e4y Suomessa, mutta Ylen haastattelemat kirjakauppiaat eiv\u00e4t t\u00e4ysin tyrm\u00e4\u00e4 ajatusta fyysisten kirjojen haalimisesta teko\u00e4lyn kouluttamiseen.<\/li>\n<li class=\"aw__sc-1yb43iq-1 gVAzbt\">Tekij\u00e4noikeuksiin liittyv\u00e4 lains\u00e4\u00e4d\u00e4nt\u00f6 on EU:ssa ep\u00e4selv\u00e4.<\/li>\n<\/ul>\n<p class=\"aw__sc-1qwuw0s-0 aw__sc-ngllmo-0 epAWpq fzYpjk yle__article__paragraph\">Teko\u00e4ly-yhti\u00f6 Anthropicilla oli kaksi vuotta sitten kunnianhimoinen hanke.<\/p>\n<p class=\"aw__sc-1qwuw0s-0 aw__sc-ngllmo-0 epAWpq fzYpjk yle__article__paragraph\">Tavoitteena oli skannata \u201dtuhoavasti\u201d kaikki maailman kirjat, todettiin mahtipontisesti yhti\u00f6n sis\u00e4isess\u00e4 <a class=\"aw__sc-ngllmo-1 bTDnwX yle__article__link\" href=\"https:\/\/storage.courtlistener.com\/recap\/gov.uscourts.cand.434709\/gov.uscourts.cand.434709.554.21.pdf\" role=\"link\" rel=\"nofollow noopener\" target=\"_blank\">suunnitteluasiakirjassa<\/a> kev\u00e4\u00e4ll\u00e4 2024.<\/p>\n<p class=\"aw__sc-1qwuw0s-0 aw__sc-ngllmo-0 epAWpq fzYpjk yle__article__paragraph\">Noin vuoden aikana Anthropic k\u00e4ytti kymmeni\u00e4 miljoonia dollareita hankkiakseen miljoonia kirjoja. Kirjojen sel\u00e4t leikattiin irti, jotta sivut saataisiin skannattua nopeammin. Alkuper\u00e4iset kirjat tuhoutuivat.<\/p>\n<p class=\"aw__sc-1qwuw0s-0 aw__sc-ngllmo-0 epAWpq fzYpjk yle__article__paragraph\">Anthropic piti kirjoja arvokkaana koulutusmateriaalina \u2013 laadukkaasta tekstist\u00e4 teko\u00e4ly oppisi parempaa kielt\u00e4, j\u00e4sennelty\u00e4 tietoa ja mukaansatempaavaa kerrontaa.<\/p>\n<p class=\"aw__sc-1qwuw0s-0 aw__sc-ngllmo-0 epAWpq fzYpjk yle__article__paragraph\">Salainen hanke paljastui alkuvuodesta, kun <a class=\"aw__sc-ngllmo-1 bTDnwX yle__article__link\" href=\"https:\/\/www.washingtonpost.com\/technology\/2026\/01\/27\/anthropic-ai-scan-destroy-books\/\" role=\"link\" rel=\"nofollow noopener\" target=\"_blank\">Washington Post<\/a> uutisoi Anthropicia vastaan k\u00e4ydyn tekij\u00e4noikeusjutun asiakirjoista.<\/p>\n<p class=\"aw__sc-1qwuw0s-0 aw__sc-ngllmo-0 epAWpq fzYpjk yle__article__paragraph\">Tekij\u00e4noikeuksien valvojat ovat kehityksest\u00e4 huolissaan. Sosiaalisessa mediassa kirjojen silppuaminen on her\u00e4tt\u00e4nyt raivoa.<\/p>\n<p class=\"aw__sc-1qwuw0s-0 aw__sc-ngllmo-0 epAWpq fzYpjk yle__article__paragraph\">Anthropicin hanke nousi t\u00e4n\u00e4 kes\u00e4n\u00e4 uudestaan julkisuuteen, sill\u00e4 Euroopan kirjamarkkinoilla tapahtuu nyt kummallisuuksia, joiden ep\u00e4ill\u00e4\u00e4n liittyv\u00e4n samaan ilmi\u00f6\u00f6n.<\/p>\n<p><img decoding=\"async\" alt=\"Henkil\u00f6 seisoo kirjahyllyn edess\u00e4, joka on t\u00e4ynn\u00e4 kirjoja.\" src=\"https:\/\/www.europesays.com\/fi\/wp-content\/uploads\/2026\/08\/1786446910.jpeg\" loading=\"lazy\" class=\"aw__sc-dklauk-0 LPzKX\"\/><\/p>\n<p>Avaa kuvien katselu<\/p>\n<p>Euroopassa useat antikvariaatit ovat kertoneet saaneensa omituisia kirjatilauksia. Suomeen ilmi\u00f6 ei vaikuta viel\u00e4 levinneen. Kuva on Kampintorin antikvaarisesta kirjakaupasta Helsingist\u00e4.  Kuva: Mikko Koski \/ Yle<\/p>\n<p>Ep\u00e4ilytt\u00e4vi\u00e4 kirjatilauksia ymp\u00e4ri Eurooppaa<\/p>\n<p class=\"aw__sc-1qwuw0s-0 aw__sc-ngllmo-0 epAWpq fzYpjk yle__article__paragraph\">Useat eurooppalaiset antikvariaatit ovat kertoneet saaneensa yhteydenottoja jopa tuhansien kirjojen joukkotilauksista.<\/p>\n<p class=\"aw__sc-1qwuw0s-0 aw__sc-ngllmo-0 epAWpq fzYpjk yle__article__paragraph\">Kirjakauppiaat ovat ep\u00e4illeet, ett\u00e4 kirjat p\u00e4\u00e4tyv\u00e4t teko\u00e4lyn koulutusmateriaaliksi. Ainakin yksi tilauksia tehneist\u00e4 yrityksist\u00e4 linkittyy suoraan teko\u00e4lyteollisuuteen.<\/p>\n<p><img decoding=\"async\" alt=\"Henkil\u00f6 selaa vanhaa kirjaa, jossa on mustavalkoinen piirros vanhasta laivasta.\" src=\"https:\/\/www.europesays.com\/fi\/wp-content\/uploads\/2026\/08\/1786446907.jpeg\" loading=\"lazy\" class=\"aw__sc-dklauk-0 LPzKX\"\/><\/p>\n<p>Avaa kuvien katselu<\/p>\n<p>Yksi verkossa toimiva palvelu mainosti hankkivansa kerrallaan jopa miljoona kirjaa teko\u00e4lyn kouluttamiseen.  Kuva: Mikko Koski \/ Yle<\/p>\n<p class=\"aw__sc-1qwuw0s-0 aw__sc-ngllmo-0 epAWpq fzYpjk yle__article__paragraph\">Verkosta l\u00f6ytyy my\u00f6s toimijoita, jotka ovat suoraan mainostaneet t\u00e4llaista palvelua.<\/p>\n<p class=\"aw__sc-1qwuw0s-0 aw__sc-ngllmo-0 epAWpq fzYpjk yle__article__paragraph\">Esimerkiksi valtavaa kirjojen kaupallista tietokantaa yll\u00e4pit\u00e4v\u00e4 ISBNdb mainosti <a class=\"aw__sc-ngllmo-1 bTDnwX yle__article__link\" href=\"https:\/\/web.archive.org\/web\/20260727225205\/https:\/\/isbndb.com\/print-books-for-ai-training\" role=\"link\" rel=\"nofollow noopener\" target=\"_blank\">verkkosivuillaan<\/a> palvelua, jossa se lupasi hankkia teko\u00e4lyn k\u00e4ytt\u00f6\u00f6n jopa miljoona kirjaa per tilaus.<\/p>\n<p class=\"aw__sc-1qwuw0s-0 aw__sc-ngllmo-0 epAWpq fzYpjk yle__article__paragraph\">Sis\u00e4lt\u00f6 on sittemmin poistunut. Kun asiasta <a class=\"aw__sc-ngllmo-1 bTDnwX yle__article__link\" href=\"https:\/\/www.404media.co\/ai-companies-are-buying-tons-of-old-books-because-theyre-free-of-ai-slop\/\" role=\"link\" rel=\"nofollow noopener\" target=\"_blank\">uutisoitiin<\/a>, yritys puolustautui <a class=\"aw__sc-ngllmo-1 bTDnwX yle__article__link\" href=\"https:\/\/isbndb.com\/note-isbndb\" role=\"link\" rel=\"nofollow noopener\" target=\"_blank\">sanomalla<\/a>, ettei se koskaan toteuttanut palvelua.<\/p>\n<p>Kauppiaat eiv\u00e4t tyrm\u00e4\u00e4 ajatusta<\/p>\n<p class=\"aw__sc-1qwuw0s-0 aw__sc-ngllmo-0 epAWpq fzYpjk yle__article__paragraph\">Suomalaiset antikvariaatit kertovat Ylelle, etteiv\u00e4t ne ole ainakaan viel\u00e4 saaneet vastaavia joukkotilauksia ulkomailta.<\/p>\n<p class=\"aw__sc-1qwuw0s-0 aw__sc-ngllmo-0 epAWpq fzYpjk yle__article__paragraph\">Er\u00e4s tapaus on kuitenkin j\u00e4\u00e4nyt kirjakauppias <strong class=\"aw__sc-ngllmo-2 gdRrun yle__article__strong\">Timo Surojeginin<\/strong> mieleen kev\u00e4\u00e4lt\u00e4. H\u00e4n pit\u00e4\u00e4 Kampintorin antikvaarista kirjakauppaa Helsingiss\u00e4.<\/p>\n<p class=\"aw__sc-1qwuw0s-0 aw__sc-ngllmo-0 epAWpq fzYpjk yle__article__paragraph\">Suomalainen mies osti h\u00e4nelt\u00e4 kaksi kassillista suomenkielist\u00e4 kirjallisuutta ja kertoi suoraan skannaavansa ne verkkoon teko\u00e4ly\u00e4 varten.<\/p>\n<p class=\"aw__sc-1qwuw0s-0 aw__sc-ngllmo-0 epAWpq fzYpjk yle__article__paragraph\">\u2013 Ensimm\u00e4inen ajatus oli ihmetys, ett\u00e4 n\u00e4ink\u00f6 se toimii. Mutta t\u00e4ytyy my\u00f6nt\u00e4\u00e4, ett\u00e4 kauppiaana olin ihan tyytyv\u00e4inen \u2013 h\u00e4n oli p\u00e4iv\u00e4n ylivoimaisesti paras asiakas, Surojegin sanoo.<\/p>\n<p class=\"aw__sc-1qwuw0s-0 aw__sc-ngllmo-0 epAWpq fzYpjk yle__article__paragraph\"><strong class=\"aw__sc-ngllmo-2 gdRrun yle__article__strong\">Kirjakauppias Timo Surojegin pit\u00e4\u00e4 aiheesta kirvonnutta keskustelua osin ylily\u00f6ntin\u00e4:<\/strong><\/p>\n<p class=\"aw__sc-1qwuw0s-0 aw__sc-ngllmo-0 epAWpq fzYpjk yle__article__paragraph\">My\u00f6s antikvariaatti ja kirjakauppa Finlandia kirjan yritt\u00e4j\u00e4 <strong class=\"aw__sc-ngllmo-2 gdRrun yle__article__strong\">Matti Pietil\u00e4<\/strong> n\u00e4kee asian moniulotteisena.<\/p>\n<p class=\"aw__sc-1qwuw0s-0 aw__sc-ngllmo-0 epAWpq fzYpjk yle__article__paragraph\">\u2013 Toki on ik\u00e4v\u00e4\u00e4, jos k\u00e4ytt\u00f6kelpoisia kirjoja tuhotaan, mutta kotimaiselle kirjallisuudelle voi olla hyv\u00e4, ett\u00e4 teoksille l\u00f6ytyy uudenlaista kysynt\u00e4\u00e4.<\/p>\n<p class=\"aw__sc-1qwuw0s-0 aw__sc-ngllmo-0 epAWpq fzYpjk yle__article__paragraph\">Pietil\u00e4 ei usko, ett\u00e4 Suomeen pienen\u00e4 kielialueena kohdistuu samanlaista kiinnostusta kuin isompiin Euroopan maihin. Suomalainen kulttuuriperint\u00f6k\u00e4\u00e4n tuskin olisi uhattuna.<\/p>\n<p class=\"aw__sc-1qwuw0s-0 aw__sc-ngllmo-0 epAWpq fzYpjk yle__article__paragraph\">\u2013 Hyvin pieni osa kirjoista on m\u00e4\u00e4r\u00e4llisesti sellaista, joista pit\u00e4isi olla huolissaan. Suurimmasta osasta on ylitarjontaa.<\/p>\n<p><img decoding=\"async\" alt=\"Henkil\u00f6 seisoo kirjahyllyn edess\u00e4.\" src=\"https:\/\/www.europesays.com\/fi\/wp-content\/uploads\/2026\/08\/1786446888.jpeg\" loading=\"lazy\" class=\"aw__sc-dklauk-0 LPzKX\"\/><\/p>\n<p>Avaa kuvien katselu<\/p>\n<p>Teko\u00e4lyj\u00e4ttien ep\u00e4ill\u00e4\u00e4n haalivan kirjoja antikvariaateista ymp\u00e4ri Eurooppaa. Kuva: Mikko Koski \/ Yle<\/p>\n<p>Kirjat ruokkivat teko\u00e4lyj\u00e4ttien datann\u00e4lk\u00e4\u00e4<\/p>\n<p class=\"aw__sc-1qwuw0s-0 aw__sc-ngllmo-0 epAWpq fzYpjk yle__article__paragraph\">Teko\u00e4lyasiantuntija, professori <strong class=\"aw__sc-ngllmo-2 gdRrun yle__article__strong\">Teemu Roos<\/strong> Helsingin yliopistosta huomauttaa, ettei kirjojen k\u00e4ytt\u00e4minen teko\u00e4lyn kouluttamiseen ole uusi asia.<\/p>\n<p class=\"aw__sc-1qwuw0s-0 aw__sc-ngllmo-0 epAWpq fzYpjk yle__article__paragraph\">\u2013 Internetist\u00e4 l\u00f6ytyy jo valmiiksi erilaisia kokoelmia kirjojen sis\u00e4ll\u00f6ist\u00e4, ja niit\u00e4 on aina k\u00e4ytetty.<\/p>\n<p class=\"aw__sc-1qwuw0s-0 aw__sc-ngllmo-0 epAWpq fzYpjk yle__article__paragraph\">Fyysisten kirjojen massak\u00e4ytt\u00f6 vaikuttaa kuitenkin suhteellisen tuoreelta ilmi\u00f6lt\u00e4. Taustalla ovat teko\u00e4lyj\u00e4ttien ankara kilpajuoksu ja niiden ehtym\u00e4t\u00f6n datann\u00e4lk\u00e4.<\/p>\n<p class=\"aw__sc-1qwuw0s-0 aw__sc-ngllmo-0 epAWpq fzYpjk yle__article__paragraph\">Tavoitteena on etsi\u00e4 sellaista dataa, jolla oma teko\u00e4lymalli voisi erottua kilpailijoista.<\/p>\n<p class=\"aw__sc-1qwuw0s-0 aw__sc-ngllmo-0 epAWpq fzYpjk yle__article__paragraph\">\u2013 Nyt ruvetaan kaivelemaan sielt\u00e4 laarin pohjalta vaikeammin saatavilla olevia sis\u00e4lt\u00f6j\u00e4, jotta saataisiin kilpailuetua.<\/p>\n<p class=\"aw__sc-1qwuw0s-0 aw__sc-ngllmo-0 epAWpq fzYpjk yle__article__paragraph\">Ennen vuotta 2022 julkaistu kirjallisuus on teko\u00e4ly-yrityksille arvokasta, koska sis\u00e4ll\u00f6n on tehnyt ihminen eik\u00e4 teko\u00e4ly.<\/p>\n<p class=\"aw__sc-1qwuw0s-0 aw__sc-ngllmo-0 epAWpq fzYpjk yle__article__paragraph\"><strong class=\"aw__sc-ngllmo-2 gdRrun yle__article__strong\">Videolla Teemu Roos kertoo, miksi vuotta 2022 pidet\u00e4\u00e4n k\u00e4\u00e4nnekohtana:<\/strong><\/p>\n<p class=\"aw__sc-1qwuw0s-0 aw__sc-ngllmo-0 epAWpq fzYpjk yle__article__paragraph\">Se, millaista selv\u00e4\u00e4 hy\u00f6ty\u00e4 ty\u00f6l\u00e4\u00e4st\u00e4 ja kalliista skannausoperaatiosta olisi esimerkiksi teko\u00e4lyn k\u00e4ytt\u00e4jien n\u00e4k\u00f6kulmasta, j\u00e4\u00e4 Roosin mukaan ep\u00e4selv\u00e4ksi.<\/p>\n<p class=\"aw__sc-1qwuw0s-0 aw__sc-ngllmo-0 epAWpq fzYpjk yle__article__paragraph\">Yksi selitys voi liitty\u00e4 tyylillisiin tarpeisiin. Vanhoista kirjoista l\u00f6ytyy tietyn aikakauden ilmaisua ja ajattelutapaa, jota internetist\u00e4 ei v\u00e4ltt\u00e4m\u00e4tt\u00e4 l\u00f6ydy.<\/p>\n<p>Teko\u00e4ly on saatu toistamaan opetusmateriaaliaan<\/p>\n<p class=\"aw__sc-1qwuw0s-0 aw__sc-ngllmo-0 epAWpq fzYpjk yle__article__paragraph\">Kauppiaiden silmin ilmi\u00f6ss\u00e4 voi olla hy\u00f6tyj\u00e4, mutta monelle kirjailijalle asia on toinen.<\/p>\n<p class=\"aw__sc-1qwuw0s-0 aw__sc-ngllmo-0 epAWpq fzYpjk yle__article__paragraph\">Kaikki eiv\u00e4t halua antaa teksti\u00e4\u00e4n teko\u00e4lyn k\u00e4ytt\u00f6\u00f6n, ja osa on sen teoksessaan jo kielt\u00e4nytkin.<\/p>\n<p class=\"aw__sc-1qwuw0s-0 aw__sc-ngllmo-0 epAWpq fzYpjk yle__article__paragraph\">Yhdysvalloissa <a class=\"aw__sc-ngllmo-1 bTDnwX yle__article__link\" href=\"https:\/\/s3.documentcloud.org\/documents\/25982181\/authors-v-anthropic-ruling.pdf\" role=\"link\" rel=\"nofollow noopener\" target=\"_blank\">tuomari totesi<\/a>, ettei Anthropic rikkonut tekij\u00e4noikeuksia, kun se skannasi laillisesti hankittuja kirjoja teko\u00e4lyn k\u00e4ytt\u00f6\u00f6n.<\/p>\n<p><img decoding=\"async\" alt=\"Avoin kirja, jossa n\u00e4kyy latinalaista teksti\u00e4.\" src=\"https:\/\/www.europesays.com\/fi\/wp-content\/uploads\/2026\/08\/1786446898.jpeg\" loading=\"lazy\" class=\"aw__sc-dklauk-0 LPzKX\"\/><\/p>\n<p>Avaa kuvien katselu<\/p>\n<p>Suomessa satoja vuosia vanhaa kirjallisuutta on markkinoilla hyvin v\u00e4h\u00e4n. T\u00e4m\u00e4 latinankielinen kirja on 1500-luvulta. Kuva: Mikko Koski \/ Yle<\/p>\n<p class=\"aw__sc-1qwuw0s-0 aw__sc-ngllmo-0 epAWpq fzYpjk yle__article__paragraph\">Euroopassa tilanne on ep\u00e4selv\u00e4, kertoo toiminnanjohtaja <strong class=\"aw__sc-ngllmo-2 gdRrun yle__article__strong\">Niina Vettensola<\/strong> kirjallisuuden tekij\u00e4noikeusj\u00e4rjest\u00f6 Sanastosta.<\/p>\n<p class=\"aw__sc-1qwuw0s-0 aw__sc-ngllmo-0 epAWpq fzYpjk yle__article__paragraph\">EU:ssa vuonna 2019 hyv\u00e4ksytty s\u00e4\u00e4ntely antaa kirjailijoille oikeuden kielt\u00e4\u00e4 teostensa k\u00e4ytt\u00f6 tekstin- ja tiedonlouhintaan. On kuitenkin ep\u00e4selv\u00e4\u00e4, miten s\u00e4\u00e4ntely\u00e4 sovelletaan teko\u00e4lyn kouluttamiseen.<\/p>\n<p class=\"aw__sc-1qwuw0s-0 aw__sc-ngllmo-0 epAWpq fzYpjk yle__article__paragraph\">\u2013 Silloin kun s\u00e4\u00e4ntely\u00e4 laadittiin, ei ollut olemassa sit\u00e4 generatiivista teko\u00e4ly\u00e4, jota t\u00e4n\u00e4 p\u00e4iv\u00e4n\u00e4 k\u00e4ytet\u00e4\u00e4n. Lain valmistelussa ei pystytty t\u00e4ysin varautumaan t\u00e4llaiseen tilanteeseen, Vettensola sanoo.<\/p>\n<p class=\"aw__sc-1qwuw0s-0 aw__sc-ngllmo-0 epAWpq fzYpjk yle__article__paragraph\">Euroopassa teko\u00e4lyyn liittyvi\u00e4 tekij\u00e4noikeusjuttuja on puitu vasta paikallisissa alioikeuksissa. Korkeimmilta oikeuksilta ei ole viel\u00e4 saatu linjauksia, joten s\u00e4\u00e4ntelyn tulkinta ei ole vakiintunut.<\/p>\n<p><img decoding=\"async\" alt=\"Antikvariaatti, jonka hyllyiss\u00e4 on runsaasti kirjoja,\" src=\"https:\/\/www.europesays.com\/fi\/wp-content\/uploads\/2026\/08\/1786865174_359_1786446898.jpeg\" loading=\"lazy\" class=\"aw__sc-dklauk-0 LPzKX\"\/><\/p>\n<p>Avaa kuvien katselu<\/p>\n<p>Euroopassa on ep\u00e4selv\u00e4\u00e4, voiko kirjailija k\u00e4yt\u00e4nn\u00f6ss\u00e4 kielt\u00e4\u00e4 kirjansa k\u00e4yt\u00f6n teko\u00e4lyn kouluttamiseen. Kuva: Mikko Koski \/ Yle<\/p>\n<p class=\"aw__sc-1qwuw0s-0 aw__sc-ngllmo-0 epAWpq fzYpjk yle__article__paragraph\">Huolestuttavaa on, ett\u00e4 teko\u00e4lymallien on havaittu toistavan tekij\u00e4noikeussuojattua materiaalia, vaikka niiden ei pit\u00e4isi.<\/p>\n<p class=\"aw__sc-1qwuw0s-0 aw__sc-ngllmo-0 epAWpq fzYpjk yle__article__paragraph\">Saksassa teko\u00e4lymusiikkipalvelu Suno AI sai hein\u00e4kuussa tuomion tekij\u00e4noikeuksien rikkomisesta, kun se <a class=\"aw__sc-ngllmo-1 bTDnwX yle__article__link\" href=\"https:\/\/www.dw.com\/en\/german-court-rules-that-ai-music-firm-suno-violated-copyrights\/a-78152227\" role=\"link\" rel=\"nofollow noopener\" target=\"_blank\">koulutti malliaan suojatulla musiikilla<\/a> ja suolsi alkuper\u00e4isten kappaleiden kaltaisia teoksia.<\/p>\n<p class=\"aw__sc-1qwuw0s-0 aw__sc-ngllmo-0 epAWpq fzYpjk yle__article__paragraph\">Sanaston linja on selv\u00e4: tekij\u00e4ll\u00e4 t\u00e4ytyisi olla oikeus p\u00e4\u00e4tt\u00e4\u00e4, antaako h\u00e4n teoksiaan teko\u00e4lyn k\u00e4ytt\u00f6\u00f6n.<\/p>\n<p class=\"aw__sc-1qwuw0s-0 aw__sc-ngllmo-0 epAWpq fzYpjk yle__article__paragraph\">\u2013 Ja jos tekij\u00e4 p\u00e4\u00e4tt\u00e4\u00e4 antaa omia teoksiaan teko\u00e4lyn koulutusmateriaaliksi, h\u00e4nell\u00e4 tulisi olla oikeus asianmukaiseen korvaukseen.<\/p>\n","protected":false},"excerpt":{"rendered":"Teko\u00e4ly-yhti\u00f6 Anthropic skannasi miljoonia kirjoja teko\u00e4lyn kouluttamiseen. Kirjojen sel\u00e4t leikattiin ja kirjat tuhoutuivat. Salainen hanke paljastui alkuvuodesta. Eurooppalaiset&hellip;\n","protected":false},"author":2,"featured_media":325864,"comment_status":"","ping_status":"","sticky":false,"template":"","format":"standard","meta":{"footnotes":"","_share_on_mastodon":"0"},"categories":[89],"tags":[432,25335,12948,431,33,31,30,148,2001,379,378,108,7174,32,91,8549,92,433,56],"class_list":["post-325863","post","type-post","status-publish","format-standard","has-post-thumbnail","category-tekoaly","tag-ai","tag-anthropic","tag-antikvariaatit","tag-artificial-intelligence","tag-fi","tag-finland","tag-finnish","tag-internet","tag-kirjailijat","tag-kirjallisuus","tag-kirjat","tag-kulttuuri","tag-suomenkielinen-kirjallisuus","tag-suomi","tag-technology","tag-tekijanoikeus","tag-teknologia","tag-tekoaly","tag-ulkomaat"],"share_on_mastodon":{"url":"https:\/\/pubeurope.com\/@fi\/117104003903648558","error":""},"_links":{"self":[{"href":"https:\/\/www.europesays.com\/fi\/wp-json\/wp\/v2\/posts\/325863","targetHints":{"allow":["GET"]}}],"collection":[{"href":"https:\/\/www.europesays.com\/fi\/wp-json\/wp\/v2\/posts"}],"about":[{"href":"https:\/\/www.europesays.com\/fi\/wp-json\/wp\/v2\/types\/post"}],"author":[{"embeddable":true,"href":"https:\/\/www.europesays.com\/fi\/wp-json\/wp\/v2\/users\/2"}],"replies":[{"embeddable":true,"href":"https:\/\/www.europesays.com\/fi\/wp-json\/wp\/v2\/comments?post=325863"}],"version-history":[{"count":0,"href":"https:\/\/www.europesays.com\/fi\/wp-json\/wp\/v2\/posts\/325863\/revisions"}],"wp:featuredmedia":[{"embeddable":true,"href":"https:\/\/www.europesays.com\/fi\/wp-json\/wp\/v2\/media\/325864"}],"wp:attachment":[{"href":"https:\/\/www.europesays.com\/fi\/wp-json\/wp\/v2\/media?parent=325863"}],"wp:term":[{"taxonomy":"category","embeddable":true,"href":"https:\/\/www.europesays.com\/fi\/wp-json\/wp\/v2\/categories?post=325863"},{"taxonomy":"post_tag","embeddable":true,"href":"https:\/\/www.europesays.com\/fi\/wp-json\/wp\/v2\/tags?post=325863"}],"curies":[{"name":"wp","href":"https:\/\/api.w.org\/{rel}","templated":true}]}}