{"id":325877,"date":"2026-08-16T07:57:14","date_gmt":"2026-08-16T07:57:14","guid":{"rendered":"https:\/\/www.europesays.com\/fi\/325877\/"},"modified":"2026-08-16T07:57:14","modified_gmt":"2026-08-16T07:57:14","slug":"arja-saijonmaa-kansainvalinen-laulajalegenda-ja-kreikan-suurlahettilaan-ylistama-tahti","status":"publish","type":"post","link":"https:\/\/www.europesays.com\/fi\/325877\/","title":{"rendered":"Arja Saijonmaa: Kansainv\u00e4linen Laulajalegenda ja Kreikan Suurl\u00e4hettil\u00e4\u00e4n Ylist\u00e4m\u00e4 T\u00e4hti"},"content":{"rendered":"<p>            Eetu Ampuja\n        <\/p>\n<p class=\"subtitle \">Suurl\u00e4hettil\u00e4s Natalia Karageorgou avaa Seiskalle sanaisen arkkunsa.<\/p>\n<p class=\"article-content article-content-width !bg-background\">81-vuotias  lukeutuu niihin suomalaisiin, jotka nauttivat suursuosiota kotimaansa ulkopuolella.<\/p>\n<p class=\"article-content article-content-width !bg-background\">Laulajalegendaa on n\u00e4hty viime vuosina Suomessa erityisesti Ylen suosikkisarjan El\u00e4m\u00e4ni biisin yhten\u00e4 t\u00e4htisolistina.<\/p>\n<p class=\"article-content article-content-width !bg-background\">Suuri yleis\u00f6 ei silti v\u00e4ltt\u00e4m\u00e4tt\u00e4 muista, miten mittavan ja monipuolisen kansainv\u00e4lisen uran Mikkelin nainen onkaan tehnyt.<\/p>\n<p class=\"article-content article-content-width !bg-background\">Eik\u00e4 kyse ole pelk\u00e4st\u00e4 laulu-urasta.<\/p>\n<p class=\"article-content article-content-width !bg-background\">Arjan ty\u00f6 hyv\u00e4n tahdon l\u00e4hettil\u00e4\u00e4n\u00e4 YK:n pakolaisj\u00e4rjest\u00f6ss\u00e4 muistetaan t\u00e4n\u00e4 p\u00e4iv\u00e4n\u00e4kin Afrikassa, Aasiassa ja Latinalaisessa Amerikassa.<\/p>\n<p>        <a itemprop=\"url\" href=\"https:\/\/www.seiska.fi\/kotimaa\/yllatyskihlat-kummeli-tahti-iski-silmansa-tahtikirjailijaan-kehitti-ovelan-juonen-ja-onnistui\/2232747\" rel=\"nofollow noopener\" target=\"_blank\"><\/p>\n<p>\nKummeli-t\u00e4hden juoni onnistui\n<\/p>\n<p class=\"section-date\">\n        <strong class=\"article-section\" data-section=\"kotimaa\"><br \/>\n            kotimaa<br \/>\n        <\/strong><br \/>\n        12.8. 11:31\n    <\/p>\n<p>Yll\u00e4tyskihlat! Kummeli-t\u00e4hti iski silm\u00e4ns\u00e4 t\u00e4htikirjailijaan \u2013 kehitti ovelan juonen ja onnistui\n    <\/p>\n<p itemprop=\"description\" class=\"subtitle \">\n    Anna-Leena H\u00e4rk\u00f6nen ja Olli Keskinen hehkuvat yhteist\u00e4 onnea.\n<\/p>\n<p>        <\/a><\/p>\n<p>                <img decoding=\"async\" src=\"https:\/\/www.europesays.com\/fi\/wp-content\/uploads\/2026\/08\/2233412.webp\" width=\"576\" height=\"720\" alt=\"Arja Saijonmaa varasti show'n punaisella matolla.\" loading=\"lazy\" \/>            <\/p>\n<p>\n            Arja Saijonmaa varasti show&#8217;n punaisella matolla.<br \/>\n            Timo Korhonen\n        <\/p>\n<p>Kreikkalaisia arvovieraita<\/p>\n<p class=\"article-content article-content-width !bg-background\">Helsingin Lasipalatsissa vallitsi kansainv\u00e4linen tunnelma, kun Bio Rexiss\u00e4 j\u00e4rjestettiin Laula minulle Arja -dokumenttielokuvan kutsuvierasn\u00e4yt\u00f6s.<\/p>\n<p class=\"article-content article-content-width !bg-background\">Arjasta kertovaa elokuvaa oli saapunut katsomaan ja kunnioittamaan l\u00e4sn\u00e4olollaan harvinaisen nimek\u00e4s kutsuvierasjoukko.<\/p>\n<p class=\"article-content article-content-width !bg-background\">Erityisen tyylik\u00e4s komitea pelmahti paikalle, kun Kreikan suurl\u00e4hettil\u00e4s  seurueineen saapui tilaisuuteen.<\/p>\n<p>        <a itemprop=\"url\" href=\"https:\/\/www.seiska.fi\/kotimaa\/arja-saijonmaa-81-mystinen-kommentti-rakkausasioista\/2110142\" rel=\"nofollow noopener\" target=\"_blank\"><\/p>\n<p>\nArja Saijonmaa, 81\n<\/p>\n<p class=\"section-date\">\n        <strong class=\"article-section\" data-section=\"kotimaa\"><br \/>\n            kotimaa<br \/>\n        <\/strong><br \/>\n        3.4. 17:00\n    <\/p>\n<p>Arja Saijonmaa, 81: Mystinen kommentti rakkausasioista\n    <\/p>\n<p itemprop=\"description\" class=\"subtitle \">\n    Mikkeliss\u00e4 syntynyt Arja rikkoo yhden harhaluulon.\n<\/p>\n<p>        <\/a><\/p>\n<p>                <img decoding=\"async\" src=\"https:\/\/www.europesays.com\/fi\/wp-content\/uploads\/2026\/08\/2233396.webp\" width=\"576\" height=\"639\" alt=\"Arja riensi v\u00e4litt\u00f6m\u00e4sti arvovieraiden luo, kun Kreikan suurl\u00e4hettil\u00e4s pelmahti paikalle.\" loading=\"lazy\" \/>            <\/p>\n<p>\n            Arja riensi v\u00e4litt\u00f6m\u00e4sti arvovieraiden luo, kun Kreikan suurl\u00e4hettil\u00e4s pelmahti paikalle.<br \/>\n            Eetu Ampuja\n        <\/p>\n<p>Eritt\u00e4in l\u00e4mpim\u00e4t v\u00e4lit<\/p>\n<p class=\"article-content article-content-width !bg-background\">Kreikkalaisten arvovieraiden saapuminen ei mennyt illan p\u00e4\u00e4t\u00e4hdelt\u00e4 ohi.<\/p>\n<p class=\"article-content article-content-width !bg-background\">Arja Saijonmaa riensi oitis juttelemaan Natalialle ja t\u00e4m\u00e4n seurueelle. Kaikesta aisti, ett\u00e4 he tunsivat toisensa hyvin.<\/p>\n<p class=\"article-content article-content-width !bg-background\">V\u00e4lit ovat jopa niinkin l\u00e4mpim\u00e4t, ettei Arjalla ollut ymm\u00e4rrett\u00e4v\u00e4sti mik\u00e4\u00e4n kiire takaisin median pariin. H\u00e4n jutteli pitk\u00e4\u00e4n kreikkalaisten kanssa.<\/p>\n<p>        <a itemprop=\"url\" href=\"https:\/\/www.seiska.fi\/kotimaa\/suomalaislaulajan-rakas-yritettiin-murhata\/2109763\" rel=\"nofollow noopener\" target=\"_blank\"><\/p>\n<p>\nKohusuhde\n<\/p>\n<p class=\"section-date\">\n        <strong class=\"article-section\" data-section=\"kotimaa\"><br \/>\n            kotimaa<br \/>\n        <\/strong><br \/>\n        12.4. 09:00\n    <\/p>\n<p>Suomalaislaulajan rakas yritettiin murhata\n    <\/p>\n<p itemprop=\"description\" class=\"subtitle \">\n    Arja Saijonmaan omaisuus ja rakkaus puhutti 1996.\n<\/p>\n<p>        <\/a><\/p>\n<p>                <img decoding=\"async\" src=\"https:\/\/www.europesays.com\/fi\/wp-content\/uploads\/2026\/08\/2233407.webp\" width=\"576\" height=\"639\" alt=\"Kreikan kuvankaunis suurl\u00e4hettil\u00e4s Natalia Karageorgou poseerasi Arjan rinnalla.\" loading=\"lazy\" \/>            <\/p>\n<p>\n            Kreikan kuvankaunis suurl\u00e4hettil\u00e4s Natalia Karageorgou poseerasi Arjan rinnalla.<br \/>\n            Eetu Ampuja\n        <\/p>\n<p>Kreikka auttoi l\u00e4pimurrossa<\/p>\n<p class=\"article-content article-content-width !bg-background\">Ei ole sattumaa, ett\u00e4 Arja tulee juttuun juuri Kreikan suurl\u00e4hettil\u00e4\u00e4n kanssa.<\/p>\n<p>\n            Tunnen Arjan aikojen takaa.\n            <\/p>\n<p class=\"article-content article-content-width !bg-background\">Elettiin vuotta 1970, kun kun kreikkalainen s\u00e4velt\u00e4j\u00e4suuruus  bongasi nuoren Arjan maailmankiertueensa solistiksi.<\/p>\n<p class=\"article-content article-content-width !bg-background\">Sen j\u00e4lkeen Saijonmaa kiersi laajasti maailmaa ja levytti Theodorakisin musiikkia. Mikkelil\u00e4isen kansainv\u00e4linen l\u00e4pimurto oli tosiasia.<\/p>\n<p>                <img decoding=\"async\" src=\"https:\/\/www.europesays.com\/fi\/wp-content\/uploads\/2026\/08\/2233398.webp\" width=\"576\" height=\"360\" alt=\"Suurl\u00e4hettil\u00e4s hehkuttaa Seiskalle estoitta laulajalegenda Arja Saijonmaata.\" loading=\"lazy\" \/>            <\/p>\n<p>\n            Suurl\u00e4hettil\u00e4s hehkuttaa Seiskalle estoitta laulajalegenda Arja Saijonmaata.<br \/>\n            Eetu Ampuja\n        <\/p>\n<p>Suorat sanat suosiosta<\/p>\n<p class=\"article-content article-content-width !bg-background\">Arja nauttii viel\u00e4 t\u00e4n\u00e4kin p\u00e4iv\u00e4n\u00e4 suursuosiota Kreikassa. N\u00e4in voidaan p\u00e4\u00e4tell\u00e4 ainakin suurl\u00e4hettil\u00e4\u00e4n puheista.<\/p>\n<p class=\"article-content article-content-width !bg-background\">\u2013 Olen Kreikan suurl\u00e4hettil\u00e4s Natalia Karageorgou ja asunut Suomessa nyt nelj\u00e4 vuotta. Tunnen Arjan aikojen takaa, h\u00e4n selostaa Seiskalle.<\/p>\n<p class=\"article-content article-content-width !bg-background\">\u2013 Arja on tietenkin legenda. H\u00e4n oli Theodorakisin muusa. Arvostamme h\u00e4nt\u00e4 paljon, ja h\u00e4n rakastaa my\u00f6s paljon Kreikkaa, suurl\u00e4hettil\u00e4s tiet\u00e4\u00e4.<\/p>\n<p>                <img decoding=\"async\" src=\"https:\/\/www.europesays.com\/fi\/wp-content\/uploads\/2026\/08\/2233403.webp\" width=\"576\" height=\"639\" alt=\"Natalia Karageorgou arvostaa Arjan legendaksi.\" loading=\"lazy\" \/>            <\/p>\n<p>\n            Natalia Karageorgou arvostaa Arjan legendaksi.<br \/>\n            Eetu Ampuja\n        <\/p>\n<p>Yll\u00e4tt\u00e4v\u00e4 yhteys elokuvaan<\/p>\n<p class=\"article-content article-content-width !bg-background\">Rouva Karageorgou mainitsee my\u00f6s olevansa kiitollinen siit\u00e4, ett\u00e4 sai kuulla Saijonmaan laulavan tammikuussa.<\/p>\n<p class=\"article-content article-content-width !bg-background\">\u2013 H\u00e4n esiintyi Finlandia-talossa ja oli taianomainen.<\/p>\n<p class=\"article-content article-content-width !bg-background\">Arjan el\u00e4m\u00e4lle uskollista dokumenttielokuvaa on luonnollisesti kuvattu Kreikassakin. Karageorgou ottaa t\u00e4st\u00e4 pienen sulan hattuunsa.<\/p>\n<p class=\"article-content article-content-width !bg-background\">\u2013 Olimme itse asiassa yhteydess\u00e4 tuotantoyhti\u00f6\u00f6n auttaaksemme ja helpottaaksemme heid\u00e4n kuvauksiaan Kreikassa. N\u00e4in meill\u00e4kin on yhteys elokuvaan,\u00a0Karageorgou myh\u00e4ilee.<\/p>\n<p>        Arja: \u201dPit\u00e4\u00e4 vaan relax\u201d<\/p>\n<p>Arja Saijonmaa nauroi Seiskalle, ett\u00e4 on \u201dkamalaa\u201d katsella itsest\u00e4\u00e4n kertovaa dokumenttielokuvaa l\u00e4hes kahden tunnin ajan.<\/p>\n<p>\u2013 Sit\u00e4 on sill\u00e4 tavalla perfektionisti, ett\u00e4 aina haluaa parantaa. Hyv\u00e4 puoli on, ett\u00e4 pit\u00e4\u00e4 vaan relax ja katsella muiden tekem\u00e4\u00e4 juttua.<\/p>\n<p>\u2013 Olen iloinen siit\u00e4, ett\u00e4 suomalaiset elokuvantekij\u00e4t ovat ryhtyneet t\u00e4h\u00e4n touhuun. En ole siis halunnut puuttua siihen ollenkaan.<\/p>\n","protected":false},"excerpt":{"rendered":"Eetu Ampuja Suurl\u00e4hettil\u00e4s Natalia Karageorgou avaa Seiskalle sanaisen arkkunsa. 81-vuotias lukeutuu niihin suomalaisiin, jotka nauttivat suursuosiota kotimaansa ulkopuolella.&hellip;\n","protected":false},"author":2,"featured_media":325878,"comment_status":"","ping_status":"","sticky":false,"template":"","format":"standard","meta":{"footnotes":"","_share_on_mastodon":"0"},"categories":[136],"tags":[2633,407,137,33,31,30,104,408,41005,3351,41006,40778,5159,39156,16620,41007,32,24328,109],"class_list":["post-325877","post","type-post","status-publish","format-standard","has-post-thumbnail","category-julkkikset","tag-arja-saijonmaa","tag-celebrities","tag-entertainment","tag-fi","tag-finland","tag-finnish","tag-helsinki","tag-julkkikset","tag-kreikan-suurlahetysto","tag-kreikka","tag-lasipalatsi","tag-laula-minulle-arja","tag-laulaja","tag-laulajalegenda","tag-mikis-theodorakis","tag-natalia-karageorgou","tag-suomi","tag-suurlahettilas","tag-viihde"],"share_on_mastodon":{"url":"https:\/\/pubeurope.com\/@fi\/117104125754681548","error":""},"_links":{"self":[{"href":"https:\/\/www.europesays.com\/fi\/wp-json\/wp\/v2\/posts\/325877","targetHints":{"allow":["GET"]}}],"collection":[{"href":"https:\/\/www.europesays.com\/fi\/wp-json\/wp\/v2\/posts"}],"about":[{"href":"https:\/\/www.europesays.com\/fi\/wp-json\/wp\/v2\/types\/post"}],"author":[{"embeddable":true,"href":"https:\/\/www.europesays.com\/fi\/wp-json\/wp\/v2\/users\/2"}],"replies":[{"embeddable":true,"href":"https:\/\/www.europesays.com\/fi\/wp-json\/wp\/v2\/comments?post=325877"}],"version-history":[{"count":0,"href":"https:\/\/www.europesays.com\/fi\/wp-json\/wp\/v2\/posts\/325877\/revisions"}],"wp:featuredmedia":[{"embeddable":true,"href":"https:\/\/www.europesays.com\/fi\/wp-json\/wp\/v2\/media\/325878"}],"wp:attachment":[{"href":"https:\/\/www.europesays.com\/fi\/wp-json\/wp\/v2\/media?parent=325877"}],"wp:term":[{"taxonomy":"category","embeddable":true,"href":"https:\/\/www.europesays.com\/fi\/wp-json\/wp\/v2\/categories?post=325877"},{"taxonomy":"post_tag","embeddable":true,"href":"https:\/\/www.europesays.com\/fi\/wp-json\/wp\/v2\/tags?post=325877"}],"curies":[{"name":"wp","href":"https:\/\/api.w.org\/{rel}","templated":true}]}}