{"id":325947,"date":"2026-08-16T10:15:13","date_gmt":"2026-08-16T10:15:13","guid":{"rendered":"https:\/\/www.europesays.com\/fi\/325947\/"},"modified":"2026-08-16T10:15:13","modified_gmt":"2026-08-16T10:15:13","slug":"renessanssimaalarin-teoksia-varastettiin-museosta-sisiliassa-ulkomaat","status":"publish","type":"post","link":"https:\/\/www.europesays.com\/fi\/325947\/","title":{"rendered":"Renessanssimaalarin teoksia varastettiin museosta Sisiliassa | Ulkomaat"},"content":{"rendered":"<p class=\"aw__sc-1qwuw0s-0 aw__sc-1vg2sqm-0 epAWpq ecELkD yle__article__paragraph\">Paikallinen kulttuurivaltuutettu kuvailee tapausta tragediaksi. Ep\u00e4illyist\u00e4 varkaista ei toistaiseksi ole tietoa.<\/p>\n<p><img decoding=\"async\" alt=\"Vanhan alttaritaulun keskiosassa nainen pit\u00e4\u00e4 lasta syliss\u00e4\u00e4n, reunoilla kaksi piispaa, yl\u00e4osassa kaksi pienemp\u00e4\u00e4 hahmoa.\" src=\"https:\/\/www.europesays.com\/fi\/wp-content\/uploads\/2026\/08\/1786872889.jpeg\" class=\"aw__sc-dklauk-0 LPzKX\"\/><\/p>\n<p>Avaa kuvien katselu<\/p>\n<p>Varkaat onnistuivat viem\u00e4\u00e4n kolme San Gregorion polyptyykin viidest\u00e4 paneelista. Renessanssimaalarin Antonello da Messinan teos valmistui vuonna 1473. Kuva: AOP<\/p>\n<p class=\"aw__sc-1qwuw0s-0 aw__sc-ngllmo-0 epAWpq fzYpjk yle__article__paragraph\">Useita italialaisen renessanssimaalari <strong class=\"aw__sc-ngllmo-2 gdRrun yle__article__strong\">Antonello da Messinan<\/strong> teoksia varastettiin sunnuntain vastaisena y\u00f6n\u00e4 taidemuseosta Sisilian Messinassa.<\/p>\n<p class=\"aw__sc-1qwuw0s-0 aw__sc-ngllmo-0 epAWpq fzYpjk yle__article__paragraph\">Viranomaiset arvioivat, ett\u00e4 varkaat onnistuivat ohittamaan museon h\u00e4lytys- ja turvaj\u00e4rjestelm\u00e4t. Ep\u00e4illyist\u00e4 varkaista ei toistaiseksi ole tarkempaa tietoa.<\/p>\n<p class=\"aw__sc-1qwuw0s-0 aw__sc-ngllmo-0 epAWpq fzYpjk yle__article__paragraph\">Italian yleisradioyhti\u00f6 <a class=\"aw__sc-ngllmo-1 bTDnwX yle__article__link\" href=\"https:\/\/www.rainews.it\/articoli\/2026\/08\/rubati-capolavori-di-antonello-da-messina-museo-accascina-cda77ae7-509d-4ffa-bcc6-8a5cda503eb6.html\" role=\"link\" rel=\"nofollow noopener\" target=\"_blank\">RAI:n<\/a> mukaan varkaat veiv\u00e4t mukanaan kolme San Gregorion polyptyykin viidest\u00e4 paneelista. Varkaat onnistuivat varastamaan my\u00f6s kaksipuolisen, piet\u00e0- ja Madonna-aiheisen taulun.<\/p>\n<p class=\"aw__sc-1qwuw0s-0 aw__sc-ngllmo-0 epAWpq fzYpjk yle__article__paragraph\">Poliisi saapui sunnuntaina museoon suorittamaan rikosteknist\u00e4 tutkintaa. Museo on tapauksen vuoksi suljettu yleis\u00f6lt\u00e4.<\/p>\n<p>Tapaus on j\u00e4rkytt\u00e4nyt Messinan viranomaisia<\/p>\n<p class=\"aw__sc-1qwuw0s-0 aw__sc-ngllmo-0 epAWpq fzYpjk yle__article__paragraph\">Messinan kaupungin kulttuurivaltuutettu <strong class=\"aw__sc-ngllmo-2 gdRrun yle__article__strong\">Enzo Caruso<\/strong> arvioi, ett\u00e4 da Messinan tunnetun maalauksen myyminen Italian valtiolle <a class=\"aw__sc-ngllmo-1 bTDnwX yle__article__link\" href=\"https:\/\/www.reuters.com\/lifestyle\/italy-buys-messinas-ecce-homo-painting-15-million-2026-02-10\/\" role=\"link\" rel=\"nofollow noopener\" target=\"_blank\">15 miljoonalla eurolla<\/a> saattoi her\u00e4tt\u00e4\u00e4 taidevarkaiden huomion.<\/p>\n<p class=\"aw__sc-1qwuw0s-0 aw__sc-ngllmo-0 epAWpq fzYpjk yle__article__paragraph\">Caruso kuvailee varkaustapausta tragediaksi.<\/p>\n<p class=\"aw__sc-1qwuw0s-0 aw__sc-ngllmo-0 epAWpq fzYpjk yle__article__paragraph\">\u2013 T\u00e4m\u00e4 on ammattilaisten suunnittelema varkaus, ja toivon, ett\u00e4 heid\u00e4t saadaan nopeasti kiinni, Caruso sanoo RAI:lle.<\/p>\n<p class=\"aw__sc-1qwuw0s-0 aw__sc-ngllmo-0 epAWpq fzYpjk yle__article__paragraph\">Da Messinan polyptyykki oli huonossa kunnossa jo ennen varkautta.<\/p>\n<p class=\"aw__sc-1qwuw0s-0 aw__sc-ngllmo-0 epAWpq fzYpjk yle__article__paragraph\">Teosta s\u00e4ilytettiin vuosikymmeni\u00e4 messinalaisessa luostarissa. Messinan vuoden 1908 maanj\u00e4ristys tuhosi luostarin ja j\u00e4tti polyptyykin s\u00e4\u00e4olosuhteiden armoille.<\/p>\n<p class=\"aw__sc-1qwuw0s-0 aw__sc-ngllmo-0 epAWpq fzYpjk yle__article__paragraph\">Antonello da Messina (n. 1430\u20131479) oli messinalaissyntyinen maalari, joka vaikutti Italiassa varhaisrenessanssin aikana.<\/p>\n<p class=\"aw__sc-1qwuw0s-0 aw__sc-ngllmo-0 epAWpq fzYpjk yle__article__paragraph\">L\u00e4hde: Reuters<\/p>\n","protected":false},"excerpt":{"rendered":"Paikallinen kulttuurivaltuutettu kuvailee tapausta tragediaksi. Ep\u00e4illyist\u00e4 varkaista ei toistaiseksi ole tietoa. Avaa kuvien katselu Varkaat onnistuivat viem\u00e4\u00e4n kolme&hellip;\n","protected":false},"author":2,"featured_media":325948,"comment_status":"","ping_status":"","sticky":false,"template":"","format":"standard","meta":{"footnotes":"","_share_on_mastodon":"0"},"categories":[130],"tags":[41009,137,33,31,30,199,108,966,26248,41008,1263,32,397,56,109],"class_list":["post-325947","post","type-post","status-publish","format-standard","has-post-thumbnail","category-viihde","tag-antonello-da-messina","tag-entertainment","tag-fi","tag-finland","tag-finnish","tag-italia","tag-kulttuuri","tag-museot","tag-renessanssi","tag-renessanssin-taide","tag-rikosepailyt","tag-suomi","tag-taide","tag-ulkomaat","tag-viihde"],"share_on_mastodon":{"url":"https:\/\/pubeurope.com\/@fi\/117104668106157972","error":""},"_links":{"self":[{"href":"https:\/\/www.europesays.com\/fi\/wp-json\/wp\/v2\/posts\/325947","targetHints":{"allow":["GET"]}}],"collection":[{"href":"https:\/\/www.europesays.com\/fi\/wp-json\/wp\/v2\/posts"}],"about":[{"href":"https:\/\/www.europesays.com\/fi\/wp-json\/wp\/v2\/types\/post"}],"author":[{"embeddable":true,"href":"https:\/\/www.europesays.com\/fi\/wp-json\/wp\/v2\/users\/2"}],"replies":[{"embeddable":true,"href":"https:\/\/www.europesays.com\/fi\/wp-json\/wp\/v2\/comments?post=325947"}],"version-history":[{"count":0,"href":"https:\/\/www.europesays.com\/fi\/wp-json\/wp\/v2\/posts\/325947\/revisions"}],"wp:featuredmedia":[{"embeddable":true,"href":"https:\/\/www.europesays.com\/fi\/wp-json\/wp\/v2\/media\/325948"}],"wp:attachment":[{"href":"https:\/\/www.europesays.com\/fi\/wp-json\/wp\/v2\/media?parent=325947"}],"wp:term":[{"taxonomy":"category","embeddable":true,"href":"https:\/\/www.europesays.com\/fi\/wp-json\/wp\/v2\/categories?post=325947"},{"taxonomy":"post_tag","embeddable":true,"href":"https:\/\/www.europesays.com\/fi\/wp-json\/wp\/v2\/tags?post=325947"}],"curies":[{"name":"wp","href":"https:\/\/api.w.org\/{rel}","templated":true}]}}