{"id":326061,"date":"2026-08-16T14:10:11","date_gmt":"2026-08-16T14:10:11","guid":{"rendered":"https:\/\/www.europesays.com\/fi\/326061\/"},"modified":"2026-08-16T14:10:11","modified_gmt":"2026-08-16T14:10:11","slug":"kari-vaanasen-paljastukset-valirikko-jussi-parviaisen-kanssa-ja-muistot-jouko-turkasta","status":"publish","type":"post","link":"https:\/\/www.europesays.com\/fi\/326061\/","title":{"rendered":"Kari V\u00e4\u00e4n\u00e4sen paljastukset: V\u00e4lirikko Jussi Parviaisen kanssa ja muistot Jouko Turkasta"},"content":{"rendered":"<p>            Timo Korhonen &amp; Seiskan arkisto\n        <\/p>\n<p class=\"subtitle \">N\u00e4yttelij\u00e4legenda muistelee my\u00f6s omalaatuista Jouko Turkkaa.<\/p>\n<p class=\"article-content article-content-width !bg-background\">1980-luvulla kotimaisella teatterikent\u00e4ll\u00e4 mellasti kaksi kovasti puhuttanutta tekij\u00e4\u00e4:  ja t\u00e4m\u00e4n opetuslapseksi kutsuttu\u00a0.<\/p>\n<p class=\"font-weight-bold m-font-weight-bold article-content article-content-width !bg-background\">Videolla Kari V\u00e4\u00e4n\u00e4sen erikoishaastattelu Kemij\u00e4rvell\u00e4:<\/p>\n<p class=\"article-content article-content-width !bg-background\">Vuonna 1984 t\u00f6misi oikein kunnolla, kun Jussin k\u00e4sikirjoittama Jumalan rakastaja sai ensi-iltansa Ryhm\u00e4teatterissa.<\/p>\n<p class=\"article-content article-content-width !bg-background\">P\u00e4\u00e4osaa n\u00e4ytteli muuan , jolle Juska Paarman rooli oli suorastaan ravisuttava k\u00e4\u00e4nnekohta n\u00e4yttelij\u00e4n\u00e4.<\/p>\n<p class=\"article-content article-content-width !bg-background\">Jumalan rakastaja j\u00e4tti j\u00e4lkens\u00e4 kotimaiseen teatterikaanoniin, mutta se vaati my\u00f6s veronsa.<\/p>\n<p>        <a itemprop=\"url\" href=\"https:\/\/www.seiska.fi\/vain-seiskassa\/ura-ohi-kari-vaanasen-72-pysayttava-terveystilitys-aivotukos-ja-halvaantuminen\/2194037\" rel=\"nofollow noopener\" target=\"_blank\"><\/p>\n<p>\nKari V\u00e4\u00e4n\u00e4sen pys\u00e4ytt\u00e4v\u00e4 terveystilitys\n<\/p>\n<p class=\"section-date\">\n        <strong class=\"article-section\" data-section=\"vain seiskassa\"><br \/>\n            vain seiskassa<br \/>\n        <\/strong><br \/>\n        9.7. 05:00\n    <\/p>\n<p>Ura ohi! Kari V\u00e4\u00e4n\u00e4sen, 72, pys\u00e4ytt\u00e4v\u00e4 terveystilitys: Aivotukos ja halvaantuminen\n    <\/p>\n<p itemprop=\"description\" class=\"subtitle \">\n    \u2013 Eik\u00f6h\u00e4n se urani ole lopullisesti ohi, kepeill\u00e4 kinkkaava n\u00e4yttelij\u00e4legenda manaa.\n<\/p>\n<p>        <\/a><\/p>\n<p>                <img decoding=\"async\" src=\"https:\/\/www.europesays.com\/fi\/wp-content\/uploads\/2026\/08\/2229996.webp\" width=\"576\" height=\"346\" alt=\"Kari V\u00e4\u00e4n\u00e4nen n\u00e4yttelem\u00e4ss\u00e4 vuonna 1987.\" loading=\"lazy\" \/>            <\/p>\n<p>\n            Kari V\u00e4\u00e4n\u00e4nen n\u00e4yttelem\u00e4ss\u00e4 vuonna 1987.<br \/>\n            All Over Press\n        <\/p>\n<p>T\u00e4ydellinen v\u00e4lirikko<\/p>\n<p class=\"article-content article-content-width !bg-background\">Legendaariseksi nousseen kohun\u00e4ytelm\u00e4n on kuvailtu olleen \u00e4\u00e4rimm\u00e4isen raskas koettelemus tekij\u00f6illeen.<\/p>\n<p class=\"article-content article-content-width !bg-background\">Se my\u00f6s poltti osaltaan siltoja. My\u00f6hemmin Karin ja Jussin v\u00e4lit viileniv\u00e4t entisest\u00e4\u00e4n, kenties pysyv\u00e4sti.<\/p>\n<p class=\"article-content article-content-width !bg-background\">Syit\u00e4 V\u00e4\u00e4n\u00e4nen ei l\u00e4hde sen kummemmin perkaamaan \u2013 mutta tekee kuitenkin selv\u00e4ksi, miss\u00e4 menn\u00e4\u00e4n nyky\u00e4\u00e4n.<\/p>\n<p class=\"article-content article-content-width !bg-background\">\u2013 Emme ole tavanneet vuosikymmeniin, V\u00e4n\u00e4 puuskahtaa Seiskalle kotikulmillaan Kemij\u00e4rvell\u00e4.<\/p>\n<p>        <a itemprop=\"url\" href=\"https:\/\/www.seiska.fi\/vain-seiskassa\/halvaantunut-nayttelijalegenda-kari-vaananen-72-pamauttaa-hautaa-odotellessa\/2194138\" rel=\"nofollow noopener\" target=\"_blank\"><\/p>\n<p>\nN\u00e4yttelij\u00e4legenda Kari V\u00e4\u00e4n\u00e4nen, 72:\n<\/p>\n<p class=\"section-date\">\n        <strong class=\"article-section\" data-section=\"vain seiskassa\"><br \/>\n            vain seiskassa<br \/>\n        <\/strong><br \/>\n        10.7. 06:00\n    <\/p>\n<p>Halvaantunut n\u00e4yttelij\u00e4legenda Kari V\u00e4\u00e4n\u00e4nen, 72, pamauttaa: &#8221;Hautaa odotellessa&#8221;\n    <\/p>\n<p itemprop=\"description\" class=\"subtitle \">\n    Terveysmurheiden kanssa kamppailevan &#8221;V\u00e4n\u00e4n&#8221; mieli lep\u00e4\u00e4 Kemij\u00e4rvell\u00e4.\n<\/p>\n<p>        <\/a><\/p>\n<p>                <img decoding=\"async\" src=\"https:\/\/www.europesays.com\/fi\/wp-content\/uploads\/2026\/08\/2229998.webp\" width=\"576\" height=\"648\" alt=\"Jussi Parviainen kuvattuna Helsingiss\u00e4 2020.\" loading=\"lazy\" \/>            <\/p>\n<p>\n            Jussi Parviainen kuvattuna Helsingiss\u00e4 2020.<br \/>\n            Panu H\u00f6rkk\u00f6\n        <\/p>\n<p>Kovaa teksti\u00e4 Jussista<\/p>\n<p class=\"article-content article-content-width !bg-background\">Seiska vieraili hiljattain It\u00e4-Lapissa n\u00e4yttelij\u00e4legenda Karin pakeilla. Puheeksi tuli my\u00f6s Parviaisen Jussi.<\/p>\n<p class=\"article-content article-content-width !bg-background\">Jo pelk\u00e4n miehen nimen mainitseminen saa Karin suupielet alasp\u00e4in. Sitten h\u00e4n virkkoo vakavana:<\/p>\n<p class=\"article-content article-content-width !bg-background\">\u2013 H\u00e4n on toiminut niin, ettei ole tehnyt mieli ottaa yhteytt\u00e4.<\/p>\n<p class=\"font-weight-bold m-font-weight-bold article-content article-content-width !bg-background\">Voitko kertoa, mit\u00e4 v\u00e4lill\u00e4nne tapahtui?<\/p>\n<p class=\"article-content article-content-width !bg-background\">\u2013 Jussi oli hirmu kunnianhimoinen. En tied\u00e4, onko narsismi liian voimakas sana, mutta h\u00e4n halusi mainetta ja kunniaa. H\u00e4n teki sellaisia temppuja, ettei ole tullut tavattua en\u00e4\u00e4 sen j\u00e4lkeen.<\/p>\n<p>        <a itemprop=\"url\" href=\"https:\/\/www.seiska.fi\/vain-seiskassa\/muistatko-jussi-parviaisen-70-vuotiaan-kohuohjaajan-tulot-lyovat-allikalla\/1998715\" rel=\"nofollow noopener\" target=\"_blank\"><\/p>\n<p>\nPariisissa vaikuttava Jussi Parviainen\n<\/p>\n<p class=\"section-date\">\n        <strong class=\"article-section\" data-section=\"vain seiskassa\"><br \/>\n            vain seiskassa<br \/>\n        <\/strong><br \/>\n        23.11.2025 11:00\n    <\/p>\n<p>Muistatko Jussi Parviaisen? 70-vuotiaan kohuohjaajan tulot ly\u00f6v\u00e4t \u00e4llik\u00e4ll\u00e4!\n    <\/p>\n<p itemprop=\"description\" class=\"subtitle \">\n    Vaikka sana &#8221;kohu&#8221; lienee vuosien varrella kokenut inflaation, on kohu-sanalle katetta Jussi Parviaisen tapauksessa.\n<\/p>\n<p>        <\/a><\/p>\n<p>                <img decoding=\"async\" src=\"https:\/\/www.europesays.com\/fi\/wp-content\/uploads\/2026\/08\/2230000.webp\" width=\"576\" height=\"322\" alt=\"Vuonna 2018 Jussi asui yhdess\u00e4 Dorian Gray -nimisen nukkensa kanssa. Dorian Grayn muotokuva on Oscar Wilden klassikkokirja.\" loading=\"lazy\" \/>            <\/p>\n<p>\n            Vuonna 2018 Jussi asui yhdess\u00e4 Dorian Gray -nimisen nukkensa kanssa. Dorian Grayn muotokuva on Oscar Wilden klassikkokirja.<br \/>\n            Ari Lahti\n        <\/p>\n<p>Turkka oli nerokas<\/p>\n<p class=\"article-content article-content-width !bg-background\">Jos Jussi Parviainen on oman arvonsa tunteva vision\u00e4\u00e4ri, yht\u00e4\u00e4n pienempi persoona ei ollut my\u00f6sk\u00e4\u00e4n neroksi ylistetty Jouko Turkka (1942\u20132016).<\/p>\n<p class=\"article-content article-content-width !bg-background\">\u2013 H\u00e4n oli nerokas kaveri, V\u00e4n\u00e4 korostaa v\u00e4litt\u00f6m\u00e4sti.<\/p>\n<p class=\"article-content article-content-width !bg-background\">\u2013 Tapa ajatella asioita oli poikkeuksellinen. H\u00e4n yhdisteli niit\u00e4 sellaisella tavalla, ettei voinut kuin h\u00e4mm\u00e4stell\u00e4.<\/p>\n<p>        <a itemprop=\"url\" href=\"https:\/\/www.seiska.fi\/katso\/tv-katsojat-tyrmistyivat-kari-vaanaselta-shokkipaljastus-suosikkisarja-taivaan-tulista\/2198709\" rel=\"nofollow noopener\" target=\"_blank\"><\/p>\n<p>\nTv-katsojat tyrmistyiv\u00e4t!\n<\/p>\n<p class=\"section-date\">\n        <strong class=\"article-section\" data-section=\"katso\"><br \/>\n            katso<br \/>\n        <\/strong><br \/>\n        12.7. 07:15\n    <\/p>\n<p>Tv-katsojat tyrmistyiv\u00e4t! Kari V\u00e4\u00e4n\u00e4selt\u00e4 shokkipaljastus suosikkisarja Taivaan tulista\n    <\/p>\n<p itemprop=\"description\" class=\"subtitle \">\n    Lappilaisn\u00e4yttelij\u00e4n kotiseuturakkaus synnytti suomalaisten suosikkisarjan.\n<\/p>\n<p>        <\/a><\/p>\n<p>                <img decoding=\"async\" src=\"https:\/\/www.europesays.com\/fi\/wp-content\/uploads\/2026\/08\/2230002.webp\" width=\"576\" height=\"341\" alt=\"Jouko Turkan aikana Teatterikorkeakoulu oli jatkuvan kiinnostuksen kohde. Jopa Yle teki Joukon aikana t\u00e4m\u00e4n opetusmetodeista seurantadokumenttia.\" loading=\"lazy\" \/>            <\/p>\n<p>\n            Jouko Turkan aikana Teatterikorkeakoulu oli jatkuvan kiinnostuksen kohde. Jopa Yle teki Joukon aikana t\u00e4m\u00e4n opetusmetodeista seurantadokumenttia.<br \/>\n            Yle\n        <\/p>\n<p>\u201dYritti murtaa ihmisen\u201d<\/p>\n<p class=\"article-content article-content-width !bg-background\">Nerokkuuden vastapainona olivat oikut, joita Turkalla riitti. Historia tuntee lukemattomat tarinat n\u00f6yryytt\u00e4misest\u00e4 ja toksisesta k\u00e4yt\u00f6ksest\u00e4.<\/p>\n<p class=\"article-content article-content-width !bg-background\">\u2013 H\u00e4n saattoi olla tosi vaikea sille p\u00e4\u00e4lle sattuessaan. Kun h\u00e4n otti jonkun silm\u00e4tikukseen, h\u00e4n yritti murtaa ihmisen.<\/p>\n<p>\n            Tappelimme useasti oikein kunnolla. Huusimme, mink\u00e4 \u00e4\u00e4nt\u00e4 l\u00e4hti.\n            <\/p>\n<p class=\"article-content article-content-width !bg-background\">\u2013 Ei h\u00e4n siin\u00e4 ainakaan minun kohdallani onnistunut. Tappelimme useasti oikein kunnolla, siis verbaalisesti. Huusimme, mink\u00e4 \u00e4\u00e4nt\u00e4 l\u00e4hti, V\u00e4n\u00e4 muistelee.<\/p>\n<p class=\"article-content article-content-width !bg-background\">\u2013 Minua otti p\u00e4\u00e4h\u00e4n se, ett\u00e4 h\u00e4n hyppyytti minua niin pirusti. Min\u00e4 semmoiseen hermostuin.<\/p>\n<p>                <img decoding=\"async\" src=\"https:\/\/www.europesays.com\/fi\/wp-content\/uploads\/2026\/08\/2230006.webp\" width=\"576\" height=\"322\" alt=\"'Mielisairaala-aikanaan' Jussi luotti pitkiin hiuksiin ja tuuheaan partaan.\" loading=\"lazy\" \/>            <\/p>\n<p>\n            &#8221;Mielisairaala-aikanaan&#8221; Jussi luotti pitkiin hiuksiin ja tuuheaan partaan.<br \/>\n            Pasi Murto\n        <\/p>\n<p>N\u00f6yryytyksest\u00e4 ylistykseen<\/p>\n<p class=\"article-content article-content-width !bg-background\">V\u00e4\u00e4n\u00e4nen koki Turkan kovimman l\u00f6ylytyksen Helsingin Kaupunginteatterin Tuntemattomassa sotilaassa vuonna 1979.<\/p>\n<p class=\"article-content article-content-width !bg-background\">\u2013 Silloin h\u00e4n h\u00f6ykytti minua oikein kunnolla.<\/p>\n<p>\n            Olin mukamas maailman nero. Miua h\u00e4vetti se.\n            <\/p>\n<p class=\"article-content article-content-width !bg-background\">Sitten kaikki muuttui. Jo seuraavana syksyn\u00e4 1980 sai ensi-iltansa Kohti toista tasavaltaa, jossa Jouko ylisti V\u00e4\u00e4n\u00e4st\u00e4 maasta taivaisiin.<\/p>\n<p class=\"article-content article-content-width !bg-background\">\u2013 Yht\u00e4kki\u00e4 h\u00e4n alkoi ylist\u00e4\u00e4 minua.\u00a0Olin mukamas maailman nero. Minua oikein h\u00e4vetti se, V\u00e4\u00e4n\u00e4nen tuhahtaa.<\/p>\n<p>                <img decoding=\"async\" src=\"https:\/\/www.europesays.com\/fi\/wp-content\/uploads\/2026\/08\/2230010.webp\" width=\"576\" height=\"720\" alt=\"Jouko Turkka oli yksi Suomen teatterihistorian kiistellympi\u00e4 hahmoja ja ylistetty nero.\" loading=\"lazy\" \/>            <\/p>\n<p>\n            Jouko Turkka oli yksi Suomen teatterihistorian kiistellympi\u00e4 hahmoja ja ylistetty nero.<br \/>\n            Juha Metso\n        <\/p>\n<p>Innostui ulko-ovella<\/p>\n<p class=\"article-content article-content-width !bg-background\">Kari ei viel\u00e4 t\u00e4n\u00e4 p\u00e4iv\u00e4n\u00e4k\u00e4\u00e4n tied\u00e4 varmaksi, mik\u00e4 sai Turkan mielen muuttumaan. Oliko syyn\u00e4 se, ett\u00e4 h\u00e4n kesti maestron h\u00f6ykytyksen ja l\u00e4p\u00e4isi jonkin testin?<\/p>\n<p class=\"article-content article-content-width !bg-background\">Varmaa on vain, ett\u00e4 tuon syksyn 1980 j\u00e4lkeen miehist\u00e4 tuli jopa yst\u00e4vi\u00e4. V\u00e4n\u00e4 k\u00e4vi toisinaan kyl\u00e4ss\u00e4kin Turkalla Helsingin Kalliossa.<\/p>\n<p>        <a itemprop=\"url\" href=\"https:\/\/www.seiska.fi\/kotimaa\/ohhoh-suosituimman-salkkarit-tahden-huikea-elamantarina-julki-minun-piti-jaada-kaivosyhtion-leipiin\/1356594\" rel=\"nofollow noopener\" target=\"_blank\"><\/p>\n<p class=\"section-date\">\n        <strong class=\"article-section\" data-section=\"kotimaa\"><br \/>\n            kotimaa<br \/>\n        <\/strong><br \/>\n        28.5.2024 07:00\n    <\/p>\n<p>Ohhoh! Suosituimman Salkkarit-t\u00e4hden huikea el\u00e4m\u00e4ntarina julki: Minun piti j\u00e4\u00e4d\u00e4 kaivosyhti\u00f6n leipiin\n    <\/p>\n<p itemprop=\"description\" class=\"subtitle \">\n    Esko Koverosta tuli n\u00e4yttelij\u00e4 vastoin kaikkia todenn\u00e4k\u00f6isyyksi\u00e4 \u2013 Is\u00e4ni sanoi, ett\u00e4 kaksi Koveroa kaivoksilla riitt\u00e4\u00e4, Salkkarit-t\u00e4hti muistelee.\n<\/p>\n<p>        <\/a><\/p>\n<p class=\"article-content article-content-width !bg-background\">\u2013 Se oli aika mainio. H\u00e4n saapui ulko-ovelle ja oikein innostui, ett\u00e4 V\u00e4\u00e4n\u00e4nen t\u00e4\u00e4ll\u00e4! Sitten h\u00e4n huusi -pojalleen, ett\u00e4 hae kaupasta j\u00e4\u00e4tel\u00f6tuutteja.<\/p>\n<p class=\"article-content article-content-width !bg-background\">\u2013 Oli iso asia h\u00e4nelle, kun joku tuli kyl\u00e4\u00e4n.<\/p>\n<p>                <img decoding=\"async\" src=\"https:\/\/www.europesays.com\/fi\/wp-content\/uploads\/2026\/08\/2230012.webp\" width=\"576\" height=\"682\" alt=\"Kari V\u00e4\u00e4n\u00e4nen muisteli Kemij\u00e4rvell\u00e4 Seiskalle Jouko Turkkaa ja Jussi Parviaista.\" loading=\"lazy\" \/>            <\/p>\n<p>\n            Kari V\u00e4\u00e4n\u00e4nen muisteli Kemij\u00e4rvell\u00e4 Seiskalle Jouko Turkkaa ja Jussi Parviaista.<br \/>\n            Timo Korhonen\n        <\/p>\n<p>Kummallinen Kallion-k\u00e4mpp\u00e4<\/p>\n<p class=\"article-content article-content-width !bg-background\">Jouko Turkan ajatusmaailma oli kenties ainutlaatuinen. Samoin teatterintekij\u00e4n asunto, jota ei voinut prameaksi kutsua.<\/p>\n<p class=\"article-content article-content-width !bg-background\">\u2013 Se oli erikoinen asunto. J\u00e4\u00e4kaappi oli keskell\u00e4 huonetta. Sen lis\u00e4ksi oli vain kaksi laveria. Toisella nukkui Juha, toisella Turkka itse.<\/p>\n<p class=\"article-content article-content-width !bg-background\">\u2013 Se Turkan asunto sijaitsi siin\u00e4 Kallion paloasemaa vastap\u00e4\u00e4t\u00e4. Kyl\u00e4ily oli aika huvittava kokemus sin\u00e4ns\u00e4.<\/p>\n<p class=\"article-content article-content-width !bg-background\">My\u00f6hemmin Turkka muutti kotikonnuilleen Pirkkalaan, jossa ihastui ikihyviksi kiviin ja ker\u00e4si niit\u00e4 talonsa t\u00e4yteen. H\u00e4n kuoli kes\u00e4ll\u00e4 2016.<\/p>\n<p>                <img decoding=\"async\" src=\"https:\/\/www.europesays.com\/fi\/wp-content\/uploads\/2026\/08\/2230008.webp\" width=\"576\" height=\"677\" alt=\"Pirkkalalainen Jouko Veli Turkka (1942\u20132016).\" loading=\"lazy\" \/>            <\/p>\n<p>\n            Pirkkalalainen Jouko Veli Turkka (1942\u20132016).<br \/>\n            Juha Metso\n        <\/p>\n","protected":false},"excerpt":{"rendered":"Timo Korhonen &amp; Seiskan arkisto N\u00e4yttelij\u00e4legenda muistelee my\u00f6s omalaatuista Jouko Turkkaa. 1980-luvulla kotimaisella teatterikent\u00e4ll\u00e4 mellasti kaksi kovasti puhuttanutta&hellip;\n","protected":false},"author":2,"featured_media":326062,"comment_status":"","ping_status":"","sticky":false,"template":"","format":"standard","meta":{"footnotes":"","_share_on_mastodon":"0"},"categories":[130],"tags":[137,33,31,30,104,39097,6965,41019,13156,14832,11106,6056,1342,39095,4109,651,32,3336,11307,12501,9209,109],"class_list":["post-326061","post","type-post","status-publish","format-standard","has-post-thumbnail","category-viihde","tag-entertainment","tag-fi","tag-finland","tag-finnish","tag-helsinki","tag-ita-lappi","tag-jouko-turkka","tag-jumalan-rakastaja","tag-jussi-parviainen","tag-kari-vaananen","tag-kemijarvi","tag-naytteleminen","tag-nayttelija","tag-nayttelijalegenda","tag-pirkkala","tag-suhteet","tag-suomi","tag-teatteri","tag-teatterikorkeakoulu","tag-tuntematon-sotilas","tag-valirikko","tag-viihde"],"share_on_mastodon":{"url":"https:\/\/pubeurope.com\/@fi\/117105592260303278","error":""},"_links":{"self":[{"href":"https:\/\/www.europesays.com\/fi\/wp-json\/wp\/v2\/posts\/326061","targetHints":{"allow":["GET"]}}],"collection":[{"href":"https:\/\/www.europesays.com\/fi\/wp-json\/wp\/v2\/posts"}],"about":[{"href":"https:\/\/www.europesays.com\/fi\/wp-json\/wp\/v2\/types\/post"}],"author":[{"embeddable":true,"href":"https:\/\/www.europesays.com\/fi\/wp-json\/wp\/v2\/users\/2"}],"replies":[{"embeddable":true,"href":"https:\/\/www.europesays.com\/fi\/wp-json\/wp\/v2\/comments?post=326061"}],"version-history":[{"count":0,"href":"https:\/\/www.europesays.com\/fi\/wp-json\/wp\/v2\/posts\/326061\/revisions"}],"wp:featuredmedia":[{"embeddable":true,"href":"https:\/\/www.europesays.com\/fi\/wp-json\/wp\/v2\/media\/326062"}],"wp:attachment":[{"href":"https:\/\/www.europesays.com\/fi\/wp-json\/wp\/v2\/media?parent=326061"}],"wp:term":[{"taxonomy":"category","embeddable":true,"href":"https:\/\/www.europesays.com\/fi\/wp-json\/wp\/v2\/categories?post=326061"},{"taxonomy":"post_tag","embeddable":true,"href":"https:\/\/www.europesays.com\/fi\/wp-json\/wp\/v2\/tags?post=326061"}],"curies":[{"name":"wp","href":"https:\/\/api.w.org\/{rel}","templated":true}]}}