{"id":326363,"date":"2026-08-16T23:22:23","date_gmt":"2026-08-16T23:22:23","guid":{"rendered":"https:\/\/www.europesays.com\/fi\/326363\/"},"modified":"2026-08-16T23:22:23","modified_gmt":"2026-08-16T23:22:23","slug":"huonomaineinen-xiaomi-haluaa-takaisin-suomeen-joko-vaikeisiin-venaja-kysymyksiin-saadaan-vastauksia","status":"publish","type":"post","link":"https:\/\/www.europesays.com\/fi\/326363\/","title":{"rendered":"Huonomaineinen Xiaomi haluaa takaisin Suomeen \u2013 joko vaikeisiin Ven\u00e4j\u00e4-kysymyksiin saadaan vastauksia?"},"content":{"rendered":"<p><img loading=\"lazy\" decoding=\"async\" aria-describedby=\"caption-attachment-109515\" class=\"size-large wp-image-109515\" src=\"https:\/\/www.europesays.com\/fi\/wp-content\/uploads\/2026\/08\/wp-1681407993613-1024x769.jpg\" alt=\"\" width=\"1024\" height=\"769\"\/><\/p>\n<p id=\"caption-attachment-109515\" class=\"wp-caption-text\">Xiaomin logo<\/p>\n<p>Xiaomi on tekem\u00e4ss\u00e4 paluuta Suomen markkinoille useamman hiljaisemman vuoden j\u00e4lkeen. Suomessa Xiaomi-br\u00e4ndin edustamisesta vastaa jatkossa ACC Distribution, joka on k\u00e4ynnist\u00e4m\u00e4ss\u00e4 toimintaansa maassa.<\/p>\n<p>ACC Distribution j\u00e4rjest\u00e4\u00e4 26. elokuuta mediatilaisuuden, jossa yhti\u00f6 kertoo tarkemmin Suomen toiminnastaan sek\u00e4 esittelee markkinoille tuotavaa Xiaomi-tuotevalikoimaa. Tilaisuudessa \u00e4\u00e4neen p\u00e4\u00e4see muun muassa ACC Distributionin toimitusjohtaja \u017dymantas Bau\u0161ys.<\/p>\n<p>ACC Distribution on etenkin Baltian alueella vahvasti toimiva teknologiatuotteiden jakelija. Suomen toimintaa johtaa Martti Hilden, jolla on pitk\u00e4 historia mobiilialalta. H\u00e4n on ty\u00f6skennellyt aikaisemmin muun muassa Samsungin, Huawein, Asuksen, Xiaomin ja Honorin parissa.<\/p>\n<p>\n\t\t\tArtikkeli jatkuu mainoksen j\u00e4lkeen\n\t\t<\/p>\n<p>Xiaomin paluu Suomeen ei kuitenkaan tapahdu t\u00e4ysin puhtaalta p\u00f6yd\u00e4lt\u00e4. Xiaomi k\u00e4yt\u00e4nn\u00f6ss\u00e4 katosi suurimpien suomalaisten j\u00e4lleenmyyjien valikoimista vuosina 2023-2024. <a href=\"https:\/\/suomimobiili.fi\/gigantti-emme-tilaa-jatkossa-xiaomi-tuotteita-myyntiimme\/\" rel=\"nofollow noopener\" target=\"_blank\">Operaattorit sek\u00e4 suuret elektroniikkaketjut p\u00e4\u00e4ttiv\u00e4t tuolloin yhteisty\u00f6t\u00e4\u00e4n tai lopettivat uusien Xiaomi-tuotteiden ottamisen valikoimiinsa.<\/a><\/p>\n<p>Taustalla vaikutti muun muassa Xiaomin toiminnan jatkuminen Ven\u00e4j\u00e4ll\u00e4 maan aloitettua hy\u00f6kk\u00e4yssodan Ukrainassa. <a href=\"https:\/\/suomimobiili.fi\/ukraina-nimitti-kiinalaisen-xiaomin-sodan-kansainvaliseksi-sponsoriksi\/\" rel=\"nofollow noopener\" target=\"_blank\">Ukrainan kansallinen korruption vastainen virasto NAZK lis\u00e4si Xiaomin vuonna 2023 kansainv\u00e4listen sodan sponsorien listalle.<\/a> Ukraina poisti sittemmin kyseisen listan k\u00e4yt\u00f6st\u00e4, mutta Xiaomin mainehaitta j\u00e4i erityisesti Suomessa el\u00e4m\u00e4\u00e4n.<\/p>\n<p>Xiaomin kannalta ongelmallista oli my\u00f6s yhti\u00f6n oma viestint\u00e4. Xiaomi ei aikanaan kommentoinut sit\u00e4, miksi sen liiketoiminta Ven\u00e4j\u00e4ll\u00e4 jatkui normaalisti samalla, kun monet muut suuret kansainv\u00e4liset teknologiayhti\u00f6t vet\u00e4ytyiv\u00e4t markkinoilta tai muuttivat toimintaansa. Yhti\u00f6n julkiset kommentit j\u00e4iv\u00e4t olemattomiksi, eik\u00e4 Suomessa saatu tilanteeseen selke\u00e4\u00e4 vastausta.<\/p>\n<p>\n\t\t\tArtikkeli jatkuu mainoksen j\u00e4lkeen\n\t\t<\/p>\n<p>Sittemmin Xiaomi on jatkanut merkitt\u00e4v\u00e4n\u00e4 \u00e4lypuhelinvalmistajana Ven\u00e4j\u00e4ll\u00e4. Kappalem\u00e4\u00e4r\u00e4isess\u00e4 myynniss\u00e4 Xiaomin alabr\u00e4ndi Redmin osuus oli Ven\u00e4j\u00e4ll\u00e4 16,7 prosenttia vuoden 2026 ensimm\u00e4isen puoliskon aikana.<\/p>\n<p>Xiaomin paluussa kiinnostavin kysymys ei v\u00e4ltt\u00e4m\u00e4tt\u00e4 olekaan se, mit\u00e4 puhelimia tai muita \u00e4lylaitteita Suomessa n\u00e4hd\u00e4\u00e4n ensimm\u00e4isen\u00e4. Olennaisempaa on, millaisella strategialla Xiaomi ja ACC Distribution aikovat palauttaa suomalaisten j\u00e4lleenmyyjien ja kuluttajien luottamuksen.<\/p>\n<p>\n\t\t\tArtikkeli jatkuu mainoksen j\u00e4lkeen\n\t\t<\/p>\n<p>Samalla n\u00e4hd\u00e4\u00e4n, onko Xiaomi t\u00e4ll\u00e4 kertaa valmis kommentoimaan my\u00f6s vaikeampia kysymyksi\u00e4 toiminnastaan ja Ven\u00e4j\u00e4n markkinasta, vai j\u00e4tet\u00e4\u00e4nk\u00f6 vastuu keskustelusta kokonaan paikalliselle jakelijalle.<\/p>\n<p>ACC Distributionin tuleva mediatilaisuus antaakin ensimm\u00e4isi\u00e4 viitteit\u00e4 siit\u00e4, millaisella strategialla Xiaomi aikoo rakentaa uuden alun Suomessa, ja mielenkiintoista on n\u00e4hd\u00e4 my\u00f6s, miten aikaisemmin ilman vastausta j\u00e4\u00e4neisiin kysymyksiin vastataan.<\/p>\n","protected":false},"excerpt":{"rendered":"Xiaomin logo Xiaomi on tekem\u00e4ss\u00e4 paluuta Suomen markkinoille useamman hiljaisemman vuoden j\u00e4lkeen. Suomessa Xiaomi-br\u00e4ndin edustamisesta vastaa jatkossa ACC&hellip;\n","protected":false},"author":2,"featured_media":326364,"comment_status":"","ping_status":"","sticky":false,"template":"","format":"standard","meta":{"footnotes":"","_share_on_mastodon":"0"},"categories":[76],"tags":[41034,79,77,33,31,30,32,78,11410],"class_list":["post-326363","post","type-post","status-publish","format-standard","has-post-thumbnail","category-talous","tag-acc-distribution","tag-business","tag-economy","tag-fi","tag-finland","tag-finnish","tag-suomi","tag-talous","tag-xiaomi"],"share_on_mastodon":{"url":"https:\/\/pubeurope.com\/@fi\/117107763199751691","error":""},"_links":{"self":[{"href":"https:\/\/www.europesays.com\/fi\/wp-json\/wp\/v2\/posts\/326363","targetHints":{"allow":["GET"]}}],"collection":[{"href":"https:\/\/www.europesays.com\/fi\/wp-json\/wp\/v2\/posts"}],"about":[{"href":"https:\/\/www.europesays.com\/fi\/wp-json\/wp\/v2\/types\/post"}],"author":[{"embeddable":true,"href":"https:\/\/www.europesays.com\/fi\/wp-json\/wp\/v2\/users\/2"}],"replies":[{"embeddable":true,"href":"https:\/\/www.europesays.com\/fi\/wp-json\/wp\/v2\/comments?post=326363"}],"version-history":[{"count":0,"href":"https:\/\/www.europesays.com\/fi\/wp-json\/wp\/v2\/posts\/326363\/revisions"}],"wp:featuredmedia":[{"embeddable":true,"href":"https:\/\/www.europesays.com\/fi\/wp-json\/wp\/v2\/media\/326364"}],"wp:attachment":[{"href":"https:\/\/www.europesays.com\/fi\/wp-json\/wp\/v2\/media?parent=326363"}],"wp:term":[{"taxonomy":"category","embeddable":true,"href":"https:\/\/www.europesays.com\/fi\/wp-json\/wp\/v2\/categories?post=326363"},{"taxonomy":"post_tag","embeddable":true,"href":"https:\/\/www.europesays.com\/fi\/wp-json\/wp\/v2\/tags?post=326363"}],"curies":[{"name":"wp","href":"https:\/\/api.w.org\/{rel}","templated":true}]}}