{"id":326465,"date":"2026-08-17T02:58:31","date_gmt":"2026-08-17T02:58:31","guid":{"rendered":"https:\/\/www.europesays.com\/fi\/326465\/"},"modified":"2026-08-17T02:58:31","modified_gmt":"2026-08-17T02:58:31","slug":"digiviikko-rakennetun-ympariston-digitalisaatio-kuntaliitto-fi","status":"publish","type":"post","link":"https:\/\/www.europesays.com\/fi\/326465\/","title":{"rendered":"Digiviikko: Rakennetun ymp\u00e4rist\u00f6n digitalisaatio | Kuntaliitto.fi"},"content":{"rendered":"<p>Tapahtuma on osa Kuntien digiviikkoa, joka on Kuntaliiton j\u00e4rjest\u00e4m\u00e4 teemaviikko. T\u00e4ss\u00e4 ohjelmakokonaisuudessa on useita esityksi\u00e4 ja puhujia.<\/p>\n<p>\u00a0<\/p>\n<p>Kuntaliitto pid\u00e4tt\u00e4\u00e4 oikeuden muutoksiin.\u00a0<\/p>\n<p><strong>Klo 10.00 Webinaarin avaus &#8211; kunnan rakennetun ymp\u00e4rist\u00f6n teht\u00e4vien ja tietojen kokonaisuus<\/strong>, P\u00e4ivi Tiihonen, Kuntaliitto<br \/>\u00a0<\/p>\n<p><strong>Klo 10.10 Ymp\u00e4rist\u00f6ministeri\u00f6n avustus digivelvoitteiden toimeenpanoon<\/strong>\u00a0<\/p>\n<ul>\n<li>\n<p><strong>Klo 10.10 Kuntien avustaminen rakennetun ymp\u00e4rist\u00f6n digiuudistuksessa,<\/strong> Jemina Suikki, ymp\u00e4rist\u00f6ministeri\u00f6\u00a0<\/p>\n<p>Ymp\u00e4rist\u00f6ministeri\u00f6 tukee kuntia ja maakuntia rakennetun ymp\u00e4rist\u00f6n uudistuksessa. Esityksess\u00e4 kerrotaan viimeisimm\u00e4n hakukierroksen antia sek\u00e4 tulevasta hakumenettelyst\u00e4 liittyen Ryhti-k\u00e4ytt\u00f6\u00f6nottoon.\u00a0\u00a0<\/p>\n<\/li>\n<li><strong>Klo 10.30<\/strong> Kysymykset ja keskustelu<\/li>\n<\/ul>\n<p><strong>Klo 10.40 Rakennustiedot: Ryhti-kehityshankkeiden tilanne ja kokemuksia\u00a0\u00a0<\/strong>\u00a0<\/p>\n<p>Rakentamislaki on muuttanut rakennusten tiedonhallintaa merkitt\u00e4v\u00e4sti ja aiheuttaa muutoksia niin rakennusvalvonnan s\u00e4hk\u00f6isiin asiointipalveluihin, kuntien rakennusrekistereihin kuin j\u00e4rjestelmien v\u00e4lisiin yhteyksiinkin.<\/p>\n<p>1.1.2026 tuli voimaan asetus, joka mahdollistaa IFC-mallipohjaisen rakentamislupaprosessin. Samalla asetus laajentaa kuntien rakennusrekisteit\u00e4 huomattavasti. Mihin saakka kehityksess\u00e4 on p\u00e4\u00e4sty ja mink\u00e4laisia kokemuksia edell\u00e4k\u00e4vij\u00e4kunnilla on Ryhti-kehitt\u00e4misest\u00e4?<\/p>\n<ul>\n<li><strong>Klo 10.40 <\/strong>Toni Laine, Tampereen kaupunki<\/li>\n<li><strong>Klo 11.00 <\/strong>Kaleva Latvala, Turun kaupunki\u00a0<\/li>\n<li><strong>Klo 11.20<\/strong> Keskustelu<\/li>\n<\/ul>\n<p>Klo 11.30-12.15\u00a0 LOUNASTAUKO<\/p>\n<p><strong>Klo 12.15 Liikenteenohjaustiedot<\/strong>\u00a0<\/p>\n<ul>\n<li><strong>Klo 12.15 Laki liikennej\u00e4rjestelm\u00e4n digitaalisista tietopalveluista &#8211; digivelvoitteet kunnille<\/strong>, Janne Ruuskanen, Traficom\u00a0<\/li>\n<li><strong>Klo 12.25 Digitraffic Road Network (aik. Digiroad) muutokset vuonna 2026 ja 2027<\/strong>, Johanna Heikkil\u00e4 ja Serkan Tetik,\u00a0Fintraffic\u202f\u00a0<\/li>\n<li><strong>Klo 12.45 <\/strong>Keskustelu<\/li>\n<\/ul>\n<p><strong>Klo 13.00 Teko\u00e4ly<\/strong><\/p>\n<ul>\n<li><strong>Klo 13.00 Teko\u00e4lyn hy\u00f6dynt\u00e4misen tilannekuva kuntien alueidenk\u00e4yt\u00f6n suunnittelussa ja luvituksessa\u00a0 \u2013 tutkimustuloksia 104 kunnasta, <\/strong>Jarmo Pulkkinen, Web Fellows Oy, Lapin yliopisto\u00a0<\/li>\n<li><strong>Klo 13.30<\/strong> Keskustelu\u00a0<\/li>\n<\/ul>\n<p>Klo 13.45-14 TAUKO<\/p>\n<p><strong>Klo 14.00 Uuden ajan pohjakartta<\/strong>\u00a0<\/p>\n<p>\u2019Uuden ajan pohjakarttahanke\u2019<strong> <\/strong>on Kuntaliiton, ymp\u00e4rist\u00f6ministeri\u00f6n, Maanmittauslaitoksen ja 43 kunnan laaja yhteiskehitt\u00e4mishanke, jossa kehitet\u00e4\u00e4n rakennetun ymp\u00e4rist\u00f6n tietojen kokonaisvaltaista hallintaa laajojen lakimuutosten j\u00e4lkeen. Mit\u00e4 prosesseja hankkeessa ratkaistaan ja mit\u00e4 menetelmi\u00e4 ja ohjeita kunnille hankkeessa syntyy?\u00a0<\/p>\n<ul>\n<li><strong>Klo 14.00<\/strong> <strong>Hankkeen l\u00e4ht\u00f6kohdat ja p\u00e4\u00e4periaatteet<\/strong>, P\u00e4ivi Tiihonen<\/li>\n<li><strong>Klo 14.10<\/strong> <strong>Kantakartta ja kaupunkimalli, tietotarpeet ja hankkeessa tunnistetut ratkaistavat asiat uuden ajan kaavaprosessissa<\/strong>, Aija Holopainen, hankkeen projektip\u00e4\u00e4llikk\u00f6\u00a0<\/li>\n<li><strong>Klo 14.30<\/strong> <strong>Pohjakartan minimitietosis\u00e4lt\u00f6 ja JHS185-suosituksen korvaava ohjeistus<\/strong>, Pasi Lappalainen, NostoConsulting Oy\u00a0<\/li>\n<li>Klo <strong>14.50<\/strong> Keskustelu<\/li>\n<\/ul>\n<p><strong>Klo 15.00 Kaavoitus<\/strong><\/p>\n<p>Alueidenk\u00e4ytt\u00f6lain toimeenpanoon liittyv\u00e4\u00e4 digikehitt\u00e4mist\u00e4 on toteutettu kaavoituksen osalta vuodesta 2023 l\u00e4htien ymp\u00e4rist\u00f6ministeri\u00f6n avustuksen turvin. Kuntien k\u00e4ytt\u00e4miss\u00e4 kaavaohjelmistoissa on nyt kyvykkyydet uuden kaavan tuottamiselle. Asemakaavan kaavamuutosprosessia kehitet\u00e4\u00e4n parhaillaan. Miss\u00e4 menn\u00e4\u00e4n kaavamuutosprosessin kehitt\u00e4misess\u00e4? Mit\u00e4 haasteita ja kehitt\u00e4mistarpeita YES-hankkeessa on havaittu.\u00a0<\/p>\n<ul>\n<li><strong>Klo 15.00 Asemakaavan kaavamuutosprosessi<\/strong>, Pilvi Nummi, Asiantuntijat N +1 Oy\u00a0<\/li>\n<li><strong>Klo 15.30<\/strong> Keskustelu<\/li>\n<\/ul>\n<p><strong>Klo 15.45 P\u00e4iv\u00e4n p\u00e4\u00e4t\u00f6s<\/strong><\/p>\n<p>Tilaisuus on osa <a href=\"https:\/\/www.kuntaliitto.fi\/tapahtumat\/digiviikko\" title=\"Kuntien digiviikko - teemana 2025 muutos ja uudistuminen \" data-entity-type=\"node\" data-entity-uuid=\"b83f0134-fae4-41d9-b780-bcc37ebd4b76\" data-entity-substitution=\"canonical\" rel=\"nofollow noopener\" target=\"_blank\"><strong>Kuntien digiviikon ohjelmaa<\/strong><\/a>.<br \/><strong>Tilaisuus on osallistujille maksuton. Tilaisuus ei vaadi ilmoittautumista. Muista lis\u00e4t\u00e4 tapahtuma kalenteriisi! \u00a0 \u00a0 \u00a0 \u00a0 \u00a0 \u00a0 \u00a0 \u00a0 \u00a0 \u00a0 \u00a0 \u00a0<\/strong><\/p>\n","protected":false},"excerpt":{"rendered":"Tapahtuma on osa Kuntien digiviikkoa, joka on Kuntaliiton j\u00e4rjest\u00e4m\u00e4 teemaviikko. T\u00e4ss\u00e4 ohjelmakokonaisuudessa on useita esityksi\u00e4 ja puhujia. \u00a0&hellip;\n","protected":false},"author":2,"featured_media":326466,"comment_status":"","ping_status":"","sticky":false,"template":"","format":"standard","meta":{"footnotes":"","_share_on_mastodon":"0"},"categories":[113],"tags":[659,446,33,31,30,30114,118,32,119,29976,447],"class_list":["post-326465","post","type-post","status-publish","format-standard","has-post-thumbnail","category-ymparisto","tag-digitalisaatio","tag-environment","tag-fi","tag-finland","tag-finnish","tag-kuntien-digiviikko","tag-science","tag-suomi","tag-tiede","tag-tietoyhteiskunta-ja-digitalisaatio","tag-ymparisto"],"share_on_mastodon":{"url":"https:\/\/pubeurope.com\/@fi\/117108612047195276","error":""},"_links":{"self":[{"href":"https:\/\/www.europesays.com\/fi\/wp-json\/wp\/v2\/posts\/326465","targetHints":{"allow":["GET"]}}],"collection":[{"href":"https:\/\/www.europesays.com\/fi\/wp-json\/wp\/v2\/posts"}],"about":[{"href":"https:\/\/www.europesays.com\/fi\/wp-json\/wp\/v2\/types\/post"}],"author":[{"embeddable":true,"href":"https:\/\/www.europesays.com\/fi\/wp-json\/wp\/v2\/users\/2"}],"replies":[{"embeddable":true,"href":"https:\/\/www.europesays.com\/fi\/wp-json\/wp\/v2\/comments?post=326465"}],"version-history":[{"count":0,"href":"https:\/\/www.europesays.com\/fi\/wp-json\/wp\/v2\/posts\/326465\/revisions"}],"wp:featuredmedia":[{"embeddable":true,"href":"https:\/\/www.europesays.com\/fi\/wp-json\/wp\/v2\/media\/326466"}],"wp:attachment":[{"href":"https:\/\/www.europesays.com\/fi\/wp-json\/wp\/v2\/media?parent=326465"}],"wp:term":[{"taxonomy":"category","embeddable":true,"href":"https:\/\/www.europesays.com\/fi\/wp-json\/wp\/v2\/categories?post=326465"},{"taxonomy":"post_tag","embeddable":true,"href":"https:\/\/www.europesays.com\/fi\/wp-json\/wp\/v2\/tags?post=326465"}],"curies":[{"name":"wp","href":"https:\/\/api.w.org\/{rel}","templated":true}]}}