{"id":326535,"date":"2026-08-17T05:03:18","date_gmt":"2026-08-17T05:03:18","guid":{"rendered":"https:\/\/www.europesays.com\/fi\/326535\/"},"modified":"2026-08-17T05:03:18","modified_gmt":"2026-08-17T05:03:18","slug":"suosikkinayttelija-kauhistui-helsingin-venepaikkojen-kohonneita-hintoja-tokoinrannassa-paljon-tyhjaa-paikalliset","status":"publish","type":"post","link":"https:\/\/www.europesays.com\/fi\/326535\/","title":{"rendered":"Suosikkin\u00e4yttelij\u00e4 kauhistui Helsingin venepaikkojen kohonneita hintoja \u2013 &#8221;Tokoinrannassa paljon tyhj\u00e4\u00e4&#8221; | Paikalliset"},"content":{"rendered":"<p>Helsingiss\u00e4 on ammottanut t\u00e4n\u00e4 vuonna ainakin 500 venepaikkaa tyhjill\u00e4\u00e4n. <a href=\"https:\/\/www.helsinginuutiset.fi\/paikalliset\/9539687\" rel=\"nofollow noopener\" target=\"_blank\">Helsingin Uutiset kertoi tilanteesta kes\u00e4kuun puoliv\u00e4liss\u00e4. <\/a><\/p>\n<p>Samaan on kiinnitt\u00e4nyt huomiota my\u00f6s Syke-sarjan n\u00e4yttelij\u00e4 <strong>Valtteri Lehtinen<\/strong>, 30, josta on tullut viime aikoina intohimoinen veneilij\u00e4.<\/p>\n<p>Tyhjien venepaikkojen taustalla ovat muun muassa kohonnet vuokrat. Lehtinen laskee Helsingin l\u00e4hes tuplanneen laiturivuokrat.<\/p>\n<p>\u2013\u2009Nyt esimerkiksi Tokoinrannassa on t\u00e4m\u00e4n my\u00f6t\u00e4 paljon tyhji\u00e4 venepaikkoja. Jos maksu nousee viel\u00e4 lis\u00e4\u00e4, min\u00e4kin alan harkita veneeni siirt\u00e4mist\u00e4 m\u00f6killemme, h\u00e4n kertoo Helsingin Uutisten haastattelussa.<\/p>\n<blockquote class=\"voice-no-read rs_skip diks-blockquote\">\n<p class=\"diks-blockquote__text\">Nyt esimerkiksi Tokoinrannassa on t\u00e4m\u00e4n my\u00f6t\u00e4 paljon tyhji\u00e4 venepaikkoja.<\/p>\n<\/blockquote>\n<p>\t\t<a class=\"diks-gallery__link\" href=\"https:\/\/i.media.fi\/incoming\/sb6s6v\/11611440.jpg\/alternates\/FREE_1440\/11611440.jpg\" data-thumbnail=\"\" data-sub-html=\"N\u00e4yttelij\u00e4 Valtteri Lehtinen osti vuonna 1956 valmistuneen Telva-veneen kev\u00e4\u00e4ll\u00e4 2020. Valtteri Lehtisen kuvaarkisto\" aria-label=\"Katso isompi kuva\" rel=\"nofollow noopener\" target=\"_blank\"><br \/>\n\t\t\t\t<img class=\"diks-figure__image\" src=\"https:\/\/www.europesays.com\/fi\/wp-content\/uploads\/2026\/08\/11611440.jpg\" loading=\"lazy\" decoding=\"sync\" alt=\"\"\/><\/p>\n<p>\t\t\t<\/a><br \/>\n\t\t\t\t\tN\u00e4yttelij\u00e4 Valtteri Lehtinen osti vuonna 1956 valmistuneen Telva-veneen kev\u00e4\u00e4ll\u00e4 2020. Valtteri Lehtisen kuvaarkisto<\/p>\n<p>Vapaat venepaikat sijaitsevat p\u00e4\u00e4asiassa It\u00e4-Helsingiss\u00e4.<\/p>\n<p>\u2013\u2009Puotilassa on 130 paikkaa vapaana ja Meri-Rastilassa 45 paikkaa. Id\u00e4ss\u00e4 olevat paikat ovat tietysti hyvi\u00e4, koska siell\u00e4 on enemm\u00e4n parkkitilaa verrattuna keskustaa, Helsingin liikuntapalveluiden ulkoilupalvelup\u00e4\u00e4llikk\u00f6 <strong>Stefan Fr\u00f6berg<\/strong> kertoi HU:lle kes\u00e4kuussa.<\/p>\n<p>Venepaikkojen hintoja on nostettu t\u00e4n\u00e4 vuonna, mutta hinnannosto ei kosketa nelj\u00e4nnell\u00e4 vy\u00f6hykkeell\u00e4 sijaitsevia venesatamia, kuten Puotilaa, Vuosaarta ja Meri-Rastilaa, joissa on eniten paikkoja vapaana. Helsingin venepaikat jaetaan hinnan mukaan nelj\u00e4\u00e4n vy\u00f6hykkeeseen.<\/p>\n<p>Kaikilla alueilla veneilij\u00f6iden kato ei kuitenkaan n\u00e4y. Kovin kysynt\u00e4 venepaikoille on Helsingin keskustassa.<\/p>\n<p>\u2013\u2009Meill\u00e4 on esimerkiksi Kaivopuistossa Merisatama, joka on aina ollut t\u00e4ynn\u00e4 ja aina tulee olemaan.<\/p>\n<p>Puotilassa ja Meri-Rastilassa venepaikan hinta vaihtelee 223 eurosta 591 euroon vuodessa. Merisatamassa venepaikka maksaa 363 eurosta 594 euroon vuodessa. Hinnat riippuvat venepaikan koosta.<\/p>\n<p>Fr\u00f6berg kertoo, ett\u00e4 my\u00f6s pursiseuroilta on tullut viesti\u00e4 t\u00e4ytt\u00e4m\u00e4tt\u00f6mien venepaikkojen lis\u00e4\u00e4ntymisest\u00e4 t\u00e4n\u00e4 vuonna.<\/p>\n<p>\u2013\u2009Kyll\u00e4 trendi huolettaa. Kes\u00e4nkauden j\u00e4lkeen joudumme miettim\u00e4\u00e4n, miten menn\u00e4\u00e4n eteenp\u00e4in, h\u00e4n sanoi kes\u00e4kuussa.<\/p>\n<p>\t\t\t\t\t<img class=\"diks-card__image\" src=\"https:\/\/www.europesays.com\/fi\/wp-content\/uploads\/2026\/08\/11611438.jpg\"   loading=\"lazy\" decoding=\"sync\" alt=\"\"\/><\/p>\n","protected":false},"excerpt":{"rendered":"Helsingiss\u00e4 on ammottanut t\u00e4n\u00e4 vuonna ainakin 500 venepaikkaa tyhjill\u00e4\u00e4n. Helsingin Uutiset kertoi tilanteesta kes\u00e4kuun puoliv\u00e4liss\u00e4. Samaan on kiinnitt\u00e4nyt&hellip;\n","protected":false},"author":2,"featured_media":326536,"comment_status":"","ping_status":"","sticky":false,"template":"","format":"standard","meta":{"footnotes":"","_share_on_mastodon":"0"},"categories":[12],"tags":[22,23,26,27,33,31,30,17,104,24,25,28,29,622,15,18,21,2305,32,551,712,19,20,16,2569,2568],"class_list":["post-326535","post","type-post","status-publish","format-standard","has-post-thumbnail","category-suomi","tag-breaking-news","tag-breakingnews","tag-featured-news","tag-featurednews","tag-fi","tag-finland","tag-finnish","tag-headlines","tag-helsinki","tag-latest-news","tag-latestnews","tag-main-news","tag-mainnews","tag-nayttelijat","tag-news","tag-otsikot","tag-paauutiset","tag-puheenaiheet","tag-suomi","tag-tampere","tag-tampereen-seutukunta","tag-top-stories","tag-topstories","tag-uutiset","tag-vesikulkuneuvot","tag-vesiliikenne"],"share_on_mastodon":{"url":"https:\/\/pubeurope.com\/@fi\/117109104001893120","error":""},"_links":{"self":[{"href":"https:\/\/www.europesays.com\/fi\/wp-json\/wp\/v2\/posts\/326535","targetHints":{"allow":["GET"]}}],"collection":[{"href":"https:\/\/www.europesays.com\/fi\/wp-json\/wp\/v2\/posts"}],"about":[{"href":"https:\/\/www.europesays.com\/fi\/wp-json\/wp\/v2\/types\/post"}],"author":[{"embeddable":true,"href":"https:\/\/www.europesays.com\/fi\/wp-json\/wp\/v2\/users\/2"}],"replies":[{"embeddable":true,"href":"https:\/\/www.europesays.com\/fi\/wp-json\/wp\/v2\/comments?post=326535"}],"version-history":[{"count":0,"href":"https:\/\/www.europesays.com\/fi\/wp-json\/wp\/v2\/posts\/326535\/revisions"}],"wp:featuredmedia":[{"embeddable":true,"href":"https:\/\/www.europesays.com\/fi\/wp-json\/wp\/v2\/media\/326536"}],"wp:attachment":[{"href":"https:\/\/www.europesays.com\/fi\/wp-json\/wp\/v2\/media?parent=326535"}],"wp:term":[{"taxonomy":"category","embeddable":true,"href":"https:\/\/www.europesays.com\/fi\/wp-json\/wp\/v2\/categories?post=326535"},{"taxonomy":"post_tag","embeddable":true,"href":"https:\/\/www.europesays.com\/fi\/wp-json\/wp\/v2\/tags?post=326535"}],"curies":[{"name":"wp","href":"https:\/\/api.w.org\/{rel}","templated":true}]}}