{"id":326549,"date":"2026-08-17T05:27:22","date_gmt":"2026-08-17T05:27:22","guid":{"rendered":"https:\/\/www.europesays.com\/fi\/326549\/"},"modified":"2026-08-17T05:27:22","modified_gmt":"2026-08-17T05:27:22","slug":"nyt-se-tapahtuu-suomen-tyomarkkinoilla-edessa-kaanne","status":"publish","type":"post","link":"https:\/\/www.europesays.com\/fi\/326549\/","title":{"rendered":"Nyt se tapahtuu: Suomen ty\u00f6markkinoilla edess\u00e4 k\u00e4\u00e4nne"},"content":{"rendered":"<p>Ty\u00f6tt\u00f6myys on yh\u00e4 korkealla, vaikka Suomen talous on t\u00e4n\u00e4 vuonna kasvanut reippaasti. K\u00e4\u00e4nne ty\u00f6markkinoilla voidaan n\u00e4hd\u00e4 jo syksyll\u00e4.<\/p>\n<p class=\"paragraph\">Suomen talous on t\u00e4n\u00e4 vuonna ollut vauhdikkaassa kasvussa. Samaan aikaan ty\u00f6tt\u00f6myys on pysynyt poikkeuksellisen korkealla.<\/p>\n<p class=\"paragraph\">K\u00e4\u00e4nne ty\u00f6markkinoilla on l\u00e4hell\u00e4, sanoo Keskuskauppakamarin p\u00e4\u00e4ekonomisti <strong>Jukka Appelqvist<\/strong>.<\/p>\n<p class=\"paragraph\">\u2013 Uskon, ett\u00e4 suunta k\u00e4\u00e4ntyy jo t\u00e4m\u00e4n vuoden aikana ty\u00f6llisyyden kohdalta nousuun ja ty\u00f6tt\u00f6myyden kohdalta laskuun, h\u00e4n jatkaa.<\/p>\n<p class=\"paragraph\">Tyypillisesti on arvioitu, ett\u00e4 ty\u00f6markkinoilla talouskasvun vaikutukset alkavat n\u00e4ky\u00e4 selvemmin noin puolen vuoden tai vuoden kuluttua.<\/p>\n<p class=\"paragraph\">Bruttokansantuote k\u00e4\u00e4ntyi nousuun jo viime vuoden lopulla, ja talous on kasvanut ennakkotietojen mukaan tammi\u2013kes\u00e4kuussa keskim\u00e4\u00e4rin kaksi prosenttia vuoden 2025 vastaavasta ajankohdasta.<\/p>\n<p class=\"paragraph\">Appelqvist arvioi, ett\u00e4 koska kasvua on jatkunut jo kolme nelj\u00e4nnest\u00e4, ty\u00f6llisyyden nousu olisi n\u00e4ht\u00e4viss\u00e4 hyvinkin pian, mahdollisesti jopa jo syksyn aikana.<\/p>\n<p>Ennakoitua nopeammin<\/p>\n<p class=\"paragraph\">Vuosinelj\u00e4nnesten luvut ovat olleet Appelqvistin mukaan my\u00f6s huomattavasti parempia kuin mit\u00e4 kev\u00e4\u00e4ll\u00e4 osattiin odottaa.<\/p>\n<p class=\"paragraph\">Kev\u00e4\u00e4ll\u00e4 moni pelk\u00e4si, ett\u00e4 L\u00e4hi-id\u00e4n tilanne painaisi Suomen taloutta, mutta siit\u00e4 ei ole toistaiseksi juuri merkkej\u00e4.<\/p>\n<p class=\"paragraph\">\u2013 Talous on mit\u00e4 ilmeisimmin kasvanut selv\u00e4sti ennakoitua paremmin. Nyt on kovat paineet korjata talousennusteita yl\u00f6sp\u00e4in, h\u00e4n sanoo.<\/p>\n<p class=\"paragraph\">Elokuussa julkaistuissa tuoreemmissa ennusteissa t\u00e4m\u00e4n vuoden kasvuksi on tyypillisesti arvioitu noin kaksi prosenttia. Appelqvistin mukaan sekin on varovainen arvio.<\/p>\n<p>Kuluttajien luottamus omaan ja Suomen talouteen nousi t\u00e4n\u00e4 vuonna parhaalle tasolle yli nelj\u00e4\u00e4n vuoteen. Kuvituskuva. Antti Mannermaa<\/p>\n<p>Ensimm\u00e4iset merkit<\/p>\n<p class=\"paragraph\">Ty\u00f6tt\u00f6mien m\u00e4\u00e4r\u00e4 kasvoi j\u00e4lleen kes\u00e4kuussa edellisvuoteen verrattuna. Kes\u00e4kuussa ty\u00f6tt\u00f6mi\u00e4 15\u201374-vuotiaita oli Suomessa 297 000.<\/p>\n<p class=\"paragraph\">Appelqvist kuvailee ty\u00f6tt\u00f6myytt\u00e4 \u201dpoikkeuksellisen korkeaksi\u201d.<\/p>\n<p class=\"paragraph\">Ty\u00f6llisyyden piristyminen alkaa todenn\u00e4k\u00f6isesti nykyisten ty\u00f6ntekij\u00f6iden ty\u00f6ajan lis\u00e4\u00e4ntymisest\u00e4, arvioivat Appelqvist sek\u00e4 palvelualojen ty\u00f6nantajaj\u00e4rjest\u00f6 Paltan p\u00e4\u00e4ekonomisti <strong>Martti Pyk\u00e4ri<\/strong>.<\/p>\n<p class=\"paragraph\">\u2013 Ensin varmaan n\u00e4hd\u00e4\u00e4n, ett\u00e4 ty\u00f6tunnit kasvavat, ja sitten aletaan tarvita lis\u00e4\u00e4 henkil\u00f6st\u00f6\u00e4, Pyk\u00e4ri sanoo.<\/p>\n<p class=\"paragraph\">Rekrytoinnit k\u00e4ynnistyv\u00e4t h\u00e4nen mukaansa melko nopeasti suhdanteen vahvistuttua.<\/p>\n<p class=\"paragraph\">Toinen varhainen muutos n\u00e4kyy asiantuntijoiden mukaan vuokra- ja keikkaty\u00f6ss\u00e4. Pyk\u00e4ri kertoo, ett\u00e4 n\u00e4kym\u00e4 on parantunut yksityisess\u00e4 ty\u00f6nv\u00e4lityksess\u00e4 ja henkil\u00f6st\u00f6vuokrauksessa, mik\u00e4 kertoo laaja-alaisemmista ty\u00f6voimatarpeista.<\/p>\n<p>Ty\u00f6tt\u00f6mien m\u00e4\u00e4r\u00e4 kuitenkin laski toukokuusta, jolloin 15\u201374-vuotiaita ty\u00f6tt\u00f6mi\u00e4 oli enn\u00e4tykselliset 376 000 eli enemm\u00e4n kuin kertaakaan 2000-luvulla. Kuvituskuva. Joel Maisalmi<\/p>\n<p class=\"paragraph\">Ty\u00f6llisyyden kasvun vahvin merkki n\u00e4kyy Appelqvistin mukaan vasta siin\u00e4 vaiheessa, kun vakituisia kokoaikaisia ty\u00f6paikkoja alkaa tulla enemm\u00e4n tarjolle.<\/p>\n<p class=\"paragraph\">Ty\u00f6markkinatorille ilmoitettiin <a href=\"https:\/\/yle.fi\/a\/74-20237260\" rel=\"noopener nofollow\" target=\"_blank\">Ylen<\/a> tietojen mukaan kes\u00e4kuussa 31 400 uutta ty\u00f6paikkaa, mik\u00e4 on 300 paikkaa enemm\u00e4n kuin vuosi sitten. Kehityst\u00e4 voi hidastaa kes\u00e4n lomakauden aiheuttama hiljaisempi jakso.<\/p>\n<p class=\"paragraph\">\u2013 Oma fokukseni on siin\u00e4, mit\u00e4 n\u00e4ille tilastoille tapahtuu syksyn mittaan, Appelqvist sanoo.<\/p>\n<p class=\"paragraph\">Vaikka suunta on oikea, Appelqvist huomauttaa, ett\u00e4 ty\u00f6tt\u00f6myys pysyy korkealla viel\u00e4 pitk\u00e4\u00e4n.<\/p>\n<p>Kehitykseen vaikuttaa luottamus<\/p>\n<p class=\"paragraph\">Kuluttajien luottamusindikaattori nousi t\u00e4n\u00e4 vuonna parhaalle tasolle yli nelj\u00e4\u00e4n vuoteen. Luottamuksen nousu perustui\u00a0p\u00e4\u00e4asiassa Suomen taloutta koskevien odotusten paranemiseen.<\/p>\n<p class=\"paragraph\">Globaalit kriisit painoivat luottamuksen pitk\u00e4ksi aikaa hyvin heikoksi, ja noususta huolimatta se on yh\u00e4 pitk\u00e4n aikav\u00e4lin keskiarvon alapuolella. Appelqvistin mukaan luottamuksen parantuminen vaikuttaa ihmisten kulutukseen ja sit\u00e4 kautta talouskasvuun ja ty\u00f6llisyyteen. Kehitys alkaa ruokkia itse\u00e4\u00e4n.<\/p>\n<p class=\"paragraph\">\u2013 Kuluttajaluottamus vahvistuu, mik\u00e4 ruokkii yksityist\u00e4 kulutusta, ja se taas n\u00e4kyy ty\u00f6voimatarpeena palvelualoilla, mik\u00e4 puolestaan lis\u00e4\u00e4 kuluttajien luottamusta, Pyk\u00e4ri sanoo.<\/p>\n<p>Kuluttajaluottamus vaikuttaa Appelqvistin mukaan erityisesti suuriin ostop\u00e4\u00e4t\u00f6ksiin, kuten asuntojen ja autojen hankintaan. Kuvituskuva. Antti Mannermaa<\/p>\n<p class=\"paragraph\">Kotitaloudet ovat s\u00e4\u00e4st\u00e4neet pitk\u00e4\u00e4n paljon, joten kasvunvaraa on selv\u00e4sti, asiantuntijat kertovat.<\/p>\n<p class=\"paragraph\">\u2013 Ihmisill\u00e4 on jonkin verran patoutunuttakin kulutuspotentiaalia. Kun ty\u00f6llisyys k\u00e4\u00e4ntyy nousuun, my\u00f6s palkkasummat alkavat kasvaa. Se tuo ihmisille ostovoimaa ja mahdollisuuksia kuluttaa, Appelqvist sanoo.<\/p>\n<p>Palvelualat ty\u00f6llist\u00e4v\u00e4t vahvimmin<\/p>\n<p class=\"paragraph\">Alkuvuoden kasvua ovat vauhdittaneet erityisesti vienti ja investoinnit. Appelqvist odottaa, ett\u00e4 kasvu laajenee ty\u00f6voimavaltaisemmille aloille.<\/p>\n<p class=\"paragraph\">\u2013 Odotan, ett\u00e4 my\u00f6nteinen kehitys alkaisi palvelualoilla ja ehk\u00e4 jonkin verran my\u00f6s rakentamisessa, h\u00e4n sanoo.<\/p>\n<p class=\"paragraph\">Asuinrakentaminen ei h\u00e4nen mukaansa l\u00e4hde liikkeelle viel\u00e4 t\u00e4n\u00e4 vuonna, vaan aikaisintaan ensi vuonna.<\/p>\n<p class=\"paragraph\">Pyk\u00e4ri on samoilla linjoilla. H\u00e4n viittaa Tilastokeskuksen ty\u00f6voimakertoimiin, jotka kuvaavat sit\u00e4, kuinka paljon kysynn\u00e4n kasvu synnytt\u00e4\u00e4 uusia ty\u00f6paikkoja.<\/p>\n<p class=\"paragraph\">\u2013 N\u00e4m\u00e4 kertoimet ovat kaikkein korkeimpia juuri palvelualoilla ja sitten rakentamisessa, Pyk\u00e4ri sanoo.<\/p>\n<p>Ty\u00f6paikkoja voi synty\u00e4 pian my\u00f6s rakennusalalle, joka on pitk\u00e4\u00e4n k\u00e4rsinyt heikosta taloustilanteesta. Kuvituskuva. Antti Mannermaa<\/p>\n<p class=\"paragraph\">K\u00e4yt\u00e4nn\u00f6ss\u00e4 ty\u00f6voimaa tarvitaan monenlaisissa teht\u00e4viss\u00e4. Kun esimerkiksi tavarat alkavat liikkua logistiikkaketjuissa, ty\u00f6ntekij\u00f6it\u00e4 tarvitaan varasto- ja terminaalit\u00f6iss\u00e4, itse kuljetuksessa ja n\u00e4ihin liittyviss\u00e4 asiantuntijateht\u00e4viss\u00e4.<\/p>\n<p class=\"paragraph\">Kotimaisen kysynn\u00e4n vahvistuessa ty\u00f6voimatarpeet kasvavat kuluttaja- ja vapaa-ajan palveluissa: asiakaspalvelu-, myynti- ja kiinteist\u00f6huollon teht\u00e4viss\u00e4 sek\u00e4 majoitus- ja ravintola-alalla.<\/p>\n<p class=\"paragraph\">Teknisiss\u00e4 asiantuntija- ja suunnittelupalveluissa sek\u00e4 erikoistuneessa rakennustoiminnassa kysynt\u00e4\u00e4 kasvattaa Pyk\u00e4rin mukaan esimerkiksi datakeskusten rakentaminen.<\/p>\n<p class=\"paragraph\">\u2013 N\u00e4kym\u00e4t n\u00e4ytt\u00e4v\u00e4t laaja-alaisesti hyvilt\u00e4. Jopa rakentaminen, joka on r\u00e4mpinyt pohjamudissa jo useamman vuoden, alkaa n\u00e4ytt\u00e4\u00e4 paremmalta, Appelqvist summaa.<\/p>\n","protected":false},"excerpt":{"rendered":"Ty\u00f6tt\u00f6myys on yh\u00e4 korkealla, vaikka Suomen talous on t\u00e4n\u00e4 vuonna kasvanut reippaasti. K\u00e4\u00e4nne ty\u00f6markkinoilla voidaan n\u00e4hd\u00e4 jo syksyll\u00e4.&hellip;\n","protected":false},"author":2,"featured_media":326550,"comment_status":"","ping_status":"","sticky":false,"template":"","format":"standard","meta":{"footnotes":"","_share_on_mastodon":"0"},"categories":[76],"tags":[35,79,77,33,31,30,2619,32,78,860,862,861,1955],"class_list":["post-326549","post","type-post","status-publish","format-standard","has-post-thumbnail","category-talous","tag-24h","tag-business","tag-economy","tag-fi","tag-finland","tag-finnish","tag-makrotalous-ja-talouspolitiikka","tag-suomi","tag-talous","tag-tyoelama","tag-tyollisyys","tag-tyollisyys-ja-tyottomyys","tag-tyottomyys"],"share_on_mastodon":{"url":"https:\/\/pubeurope.com\/@fi\/117109197774395195","error":""},"_links":{"self":[{"href":"https:\/\/www.europesays.com\/fi\/wp-json\/wp\/v2\/posts\/326549","targetHints":{"allow":["GET"]}}],"collection":[{"href":"https:\/\/www.europesays.com\/fi\/wp-json\/wp\/v2\/posts"}],"about":[{"href":"https:\/\/www.europesays.com\/fi\/wp-json\/wp\/v2\/types\/post"}],"author":[{"embeddable":true,"href":"https:\/\/www.europesays.com\/fi\/wp-json\/wp\/v2\/users\/2"}],"replies":[{"embeddable":true,"href":"https:\/\/www.europesays.com\/fi\/wp-json\/wp\/v2\/comments?post=326549"}],"version-history":[{"count":0,"href":"https:\/\/www.europesays.com\/fi\/wp-json\/wp\/v2\/posts\/326549\/revisions"}],"wp:featuredmedia":[{"embeddable":true,"href":"https:\/\/www.europesays.com\/fi\/wp-json\/wp\/v2\/media\/326550"}],"wp:attachment":[{"href":"https:\/\/www.europesays.com\/fi\/wp-json\/wp\/v2\/media?parent=326549"}],"wp:term":[{"taxonomy":"category","embeddable":true,"href":"https:\/\/www.europesays.com\/fi\/wp-json\/wp\/v2\/categories?post=326549"},{"taxonomy":"post_tag","embeddable":true,"href":"https:\/\/www.europesays.com\/fi\/wp-json\/wp\/v2\/tags?post=326549"}],"curies":[{"name":"wp","href":"https:\/\/api.w.org\/{rel}","templated":true}]}}