{"id":326565,"date":"2026-08-17T05:50:12","date_gmt":"2026-08-17T05:50:12","guid":{"rendered":"https:\/\/www.europesays.com\/fi\/326565\/"},"modified":"2026-08-17T05:50:12","modified_gmt":"2026-08-17T05:50:12","slug":"ylen-uuden-musiikin-kilpailun-biisihaku-kayntiin-kuka-jatkaa-umk-menestyjien-sarjaa-ylen-tiedotteet","status":"publish","type":"post","link":"https:\/\/www.europesays.com\/fi\/326565\/","title":{"rendered":"Ylen Uuden Musiikin Kilpailun biisihaku k\u00e4yntiin \u2013\u00a0 kuka jatkaa UMK-menestyjien sarjaa? | Ylen tiedotteet"},"content":{"rendered":"<p class=\"aw__sc-1qwuw0s-0 aw__sc-1vg2sqm-0 epAWpq ecELkD yle__article__paragraph\">Suomen suurin musiikkishow, Uuden Musiikin Kilpailu, k\u00e4ynnistyi t\u00e4n\u00e4\u00e4n uuden kauden biisihakuvaiheen auettua. Kaikille musiikintekij\u00f6ille avoimessa biisikilpailussa haetaan uusia artisteja ja biisej\u00e4 sek\u00e4 Suomen seuraavaa euroviisuedustajaa. UMK27-haku on k\u00e4ynniss\u00e4 17.8.\u201323.8.2026.<\/p>\n<p><img decoding=\"async\" alt=\"Kuvan keskell\u00e4 UMK-palkinto, taustalla violetteja ja pinkkej\u00e4 valoja. Teksti: &quot;UMK Uuden Musiikin Kilpailu&quot;.\" src=\"https:\/\/www.europesays.com\/fi\/wp-content\/uploads\/2026\/08\/1782453530.jpeg\" class=\"aw__sc-dklauk-0 LPzKX\"\/><\/p>\n<p>Avaa kuvien katselu<\/p>\n<p>Kuva:  Miikka Varila \/ Yle<img decoding=\"async\" alt=\"\" src=\"https:\/\/www.europesays.com\/fi\/wp-content\/uploads\/2026\/08\/39-42973859c268d07fd2f.jpeg\" class=\"aw__sc-dklauk-0 LPzKX\"\/><\/p>\n<p class=\"aw__sc-1qwuw0s-0 aw__sc-ngllmo-0 epAWpq fzYpjk yle__article__paragraph\">UMK:sta on t\u00e4m\u00e4n vuosikymmenen aikana kasvanut yksi euroviisumaailman seuratuimmista esikarsinnoista ja yh\u00e4 merkitt\u00e4v\u00e4mpi suomalaisen musiikin n\u00e4ytt\u00e4m\u00f6. UMK-artistit ovat s\u00e4\u00e4nn\u00f6llisesti suosituimpien kappaleiden ja albumien listoilla, ja moni kilpailussa mukana ollut biisi on noussut suureksi hitiksi niin kotimaassa kuin ulkomaillakin.<\/p>\n<p class=\"aw__sc-1qwuw0s-0 aw__sc-ngllmo-0 epAWpq fzYpjk yle__article__paragraph\">\u201cEdellisen kauden UMK ja Euroviisut olivat hieno onnistuminen niin biisien menestyksen kuin musiikillisen moni\u00e4\u00e4nisyyden osalta\u201d, kommentoi UMK:n ammattilaisraadin puheenjohtaja <strong class=\"aw__sc-ngllmo-2 gdRrun yle__article__strong\">Tapio Hakanen.<\/strong> \u201cToivottavasti Liekinheitin, Takatukka, Lululai ja muut hienot UMK-biisit ovat innostaneet suomalaiset musiikintekij\u00e4t tekem\u00e4\u00e4n oma\u00e4\u00e4nisi\u00e4, luovia ja monipuolisia biisej\u00e4, joilla hakevat nyt alkavalle kaudelle mukaan.\u201d<\/p>\n<p class=\"aw__sc-1qwuw0s-0 aw__sc-ngllmo-0 epAWpq fzYpjk yle__article__paragraph\">J\u00e4rjestyksess\u00e4\u00e4n 16. Uuden Musiikin Kilpailu, UMK27, j\u00e4rjestet\u00e4\u00e4n Tampereen Nokia Arenalla 20. helmikuuta 2027. Mukaan valitut artistit ja biisit julkistetaan perinteisesti tammikuussa. UMK27-voittaja edustaa Suomea seuraavissa Euroviisuissa ja esiintyy siell\u00e4 sadoille miljoonille katsojille.<\/p>\n<p class=\"aw__sc-1qwuw0s-0 aw__sc-ngllmo-0 epAWpq fzYpjk yle__article__paragraph\">Kes\u00e4ll\u00e4 UMK:n uudeksi vastaavaksi tuottajaksi valittiin UMK:ta ja Euroviisuja pitk\u00e4\u00e4n selostanut sek\u00e4 Ylell\u00e4 nuorten sis\u00e4ll\u00f6ist\u00e4 vastannut <strong class=\"aw__sc-ngllmo-2 gdRrun yle__article__strong\">Mikko Silvennoinen<\/strong>.<\/p>\n<p class=\"aw__sc-1qwuw0s-0 aw__sc-ngllmo-0 epAWpq fzYpjk yle__article__paragraph\">Silvennoinen on innoissaan tulevasta UMK-kaudesta.<\/p>\n<p class=\"aw__sc-1qwuw0s-0 aw__sc-ngllmo-0 epAWpq fzYpjk yle__article__paragraph\">\u201cRakastan sit\u00e4, ett\u00e4 UMK tuo kesken\u00e4\u00e4n hyvinkin erilaiset suomalaiset yhteen ja voimme kaikki yhdess\u00e4 luoda ikuisia muistoja\u201d, syksyll\u00e4 vastaavana tuottajana aloittava Silvennoinen kommentoi. \u201cNyt alkavalle kaudelle etsimme biisej\u00e4, jotka saavat artistin loistamaan. Biisin ja sille rakennettavan esityksen pit\u00e4\u00e4 j\u00e4tt\u00e4\u00e4 kuulijalle fiilis, ett\u00e4 t\u00e4t\u00e4 ei olisi voinut tehd\u00e4 kukaan muu miss\u00e4\u00e4n muualla. Se on osa UMK:n taikaa.\u201d<\/p>\n<p class=\"aw__sc-1qwuw0s-0 aw__sc-ngllmo-0 epAWpq fzYpjk yle__article__paragraph\">UMK:hon hakeminen tapahtuu lomakkeella, joka l\u00f6ytyy osoitteesta <a class=\"aw__sc-ngllmo-1 bTDnwX yle__article__link\" href=\"https:\/\/yle.fi\/umk\" role=\"link\" rel=\"nofollow noopener\" target=\"_blank\">yle.fi\/umk<\/a>. Sivuilta l\u00f6ytyv\u00e4t my\u00f6s kilpailun s\u00e4\u00e4nn\u00f6t suomeksi, ruotsiksi ja englanniksi. Haku alkoi t\u00e4n\u00e4\u00e4n 17.8. klo 8.00 ja p\u00e4\u00e4ttyy 23.8. klo 23.59. Kaikkiin hakijoihin ollaan yhteydess\u00e4 viimeist\u00e4\u00e4n lokakuun aikana.<\/p>\n<p class=\"aw__sc-1qwuw0s-0 aw__sc-ngllmo-0 epAWpq fzYpjk yle__article__paragraph\"><strong class=\"aw__sc-ngllmo-2 gdRrun yle__article__strong\">Aiempia UMK-voittajia:<\/strong><\/p>\n<ul class=\"aw__sc-1yb43iq-0 gFXHv yle__article__list yle__article__list--ul\">\n<li class=\"aw__sc-1yb43iq-1 gVAzbt\">2026, Linda Lampenius x Pete Parkkonen \u2013 \u201dLiekinheitin\u201d<\/li>\n<li class=\"aw__sc-1yb43iq-1 gVAzbt\">2025, Erika Vikman \u2013 \u201dIch komme\u201d<\/li>\n<li class=\"aw__sc-1yb43iq-1 gVAzbt\">2024, Windows95man \u2013 \u201dNo Rules!\u201d<\/li>\n<li class=\"aw__sc-1yb43iq-1 gVAzbt\">2023, K\u00e4\u00e4rij\u00e4 \u2013 \u201dCha Cha Cha\u201d<\/li>\n<li class=\"aw__sc-1yb43iq-1 gVAzbt\">2022, The Rasmus \u2013 \u201dJezebel\u201d<\/li>\n<li class=\"aw__sc-1yb43iq-1 gVAzbt\">2021, Blind Channel \u2013 \u201dDark Side\u201d<\/li>\n<li class=\"aw__sc-1yb43iq-1 gVAzbt\">2020, Aksel Kankaanranta \u2013 \u201dLooking Back\u201d<\/li>\n<li class=\"aw__sc-1yb43iq-1 gVAzbt\">2019, Darude feat. Sebastian Rejman \u2013 \u201dLook Away\u201d<\/li>\n<li class=\"aw__sc-1yb43iq-1 gVAzbt\">2018, Saara Aalto \u2013 \u201dMonsters\u201d<\/li>\n<li class=\"aw__sc-1yb43iq-1 gVAzbt\">2017, Norma John \u2013 \u201dBlackbird\u201d<\/li>\n<li class=\"aw__sc-1yb43iq-1 gVAzbt\">2016, Sandhja \u2013 \u201dSing It Away\u201d<\/li>\n<li class=\"aw__sc-1yb43iq-1 gVAzbt\">2015, Pertti Kurikan Nimip\u00e4iv\u00e4t \u2013 \u201dAina mun pit\u00e4\u00e4\u201d<\/li>\n<li class=\"aw__sc-1yb43iq-1 gVAzbt\">2014, Softengine \u2013 \u201dSomething Better\u201d<\/li>\n<li class=\"aw__sc-1yb43iq-1 gVAzbt\">2013, Krista Siegfrids \u2013 \u201dMarry Me\u201d<\/li>\n<li class=\"aw__sc-1yb43iq-1 gVAzbt\">2012, Pernilla Karlsson \u2013 \u201dN\u00e4r jag blundar\u201d<\/li>\n<\/ul>\n","protected":false},"excerpt":{"rendered":"Suomen suurin musiikkishow, Uuden Musiikin Kilpailu, k\u00e4ynnistyi t\u00e4n\u00e4\u00e4n uuden kauden biisihakuvaiheen auettua. Kaikille musiikintekij\u00f6ille avoimessa biisikilpailussa haetaan uusia&hellip;\n","protected":false},"author":2,"featured_media":326566,"comment_status":"","ping_status":"","sticky":false,"template":"","format":"standard","meta":{"footnotes":"","_share_on_mastodon":"0"},"categories":[130],"tags":[137,33,31,30,32,906,34610,109,1149,36195],"class_list":["post-326565","post","type-post","status-publish","format-standard","has-post-thumbnail","category-viihde","tag-entertainment","tag-fi","tag-finland","tag-finnish","tag-suomi","tag-umk","tag-umk27","tag-viihde","tag-yle","tag-ylen-tiedotteet"],"share_on_mastodon":{"url":"https:\/\/pubeurope.com\/@fi\/117109288250257050","error":""},"_links":{"self":[{"href":"https:\/\/www.europesays.com\/fi\/wp-json\/wp\/v2\/posts\/326565","targetHints":{"allow":["GET"]}}],"collection":[{"href":"https:\/\/www.europesays.com\/fi\/wp-json\/wp\/v2\/posts"}],"about":[{"href":"https:\/\/www.europesays.com\/fi\/wp-json\/wp\/v2\/types\/post"}],"author":[{"embeddable":true,"href":"https:\/\/www.europesays.com\/fi\/wp-json\/wp\/v2\/users\/2"}],"replies":[{"embeddable":true,"href":"https:\/\/www.europesays.com\/fi\/wp-json\/wp\/v2\/comments?post=326565"}],"version-history":[{"count":0,"href":"https:\/\/www.europesays.com\/fi\/wp-json\/wp\/v2\/posts\/326565\/revisions"}],"wp:featuredmedia":[{"embeddable":true,"href":"https:\/\/www.europesays.com\/fi\/wp-json\/wp\/v2\/media\/326566"}],"wp:attachment":[{"href":"https:\/\/www.europesays.com\/fi\/wp-json\/wp\/v2\/media?parent=326565"}],"wp:term":[{"taxonomy":"category","embeddable":true,"href":"https:\/\/www.europesays.com\/fi\/wp-json\/wp\/v2\/categories?post=326565"},{"taxonomy":"post_tag","embeddable":true,"href":"https:\/\/www.europesays.com\/fi\/wp-json\/wp\/v2\/tags?post=326565"}],"curies":[{"name":"wp","href":"https:\/\/api.w.org\/{rel}","templated":true}]}}