{"id":326665,"date":"2026-08-17T08:54:15","date_gmt":"2026-08-17T08:54:15","guid":{"rendered":"https:\/\/www.europesays.com\/fi\/326665\/"},"modified":"2026-08-17T08:54:15","modified_gmt":"2026-08-17T08:54:15","slug":"vaaralliset-jatteet-keraavasta-jateautosta-tuli-jyvaskylassa-niin-suosittu-etta-reittia-pitaa-laajentaa-joka-vuosi-keski-suomi","status":"publish","type":"post","link":"https:\/\/www.europesays.com\/fi\/326665\/","title":{"rendered":"Vaaralliset j\u00e4tteet ker\u00e4\u00e4v\u00e4st\u00e4 j\u00e4teautosta tuli Jyv\u00e4skyl\u00e4ss\u00e4 niin suosittu, ett\u00e4 reitti\u00e4 pit\u00e4\u00e4 laajentaa joka vuosi | Keski-Suomi"},"content":{"rendered":"<p class=\"aw__sc-1qwuw0s-0 aw__sc-1vg2sqm-0 epAWpq ecELkD yle__article__paragraph\">Jyv\u00e4skyl\u00e4ss\u00e4 j\u00e4teyhti\u00f6 Mustankorkea ker\u00e4\u00e4 vaarallisia j\u00e4tteit\u00e4 ja s\u00e4hk\u00f6laitteita kiert\u00e4v\u00e4ll\u00e4 j\u00e4teautolla. J\u00e4tem\u00e4\u00e4r\u00e4 on tuplaantunut muutamassa vuodessa.<\/p>\n<p><img decoding=\"async\" alt=\"\u00d6ljykanistereita ongelmaj\u00e4teker\u00e4yksess\u00e4.\" src=\"https:\/\/www.europesays.com\/fi\/wp-content\/uploads\/2026\/08\/1601891944.jpeg\" class=\"aw__sc-dklauk-0 LPzKX\"\/><\/p>\n<p>Avaa kuvien katselu<\/p>\n<p>Mustankorkean kiert\u00e4v\u00e4 j\u00e4teauto vastaanottaa vaarallisia j\u00e4tteit\u00e4 50 kiloa tai litraa asukasta kohti. Arkistokuva. Kuva: Simo Pitk\u00e4nen \/ Yle<\/p>\n<p class=\"aw__sc-1qwuw0s-0 aw__sc-ngllmo-0 epAWpq fzYpjk yle__article__paragraph\">Jyv\u00e4skyl\u00e4ss\u00e4 j\u00e4teyhti\u00f6 Mustankorkean vaarallisia j\u00e4tteit\u00e4 ker\u00e4\u00e4v\u00e4n kierr\u00e4tysauton suosio on kasvanut viime vuosina. Autoon tuodaan jatkuvasti enemm\u00e4n j\u00e4tett\u00e4.<\/p>\n<p class=\"aw__sc-1qwuw0s-0 aw__sc-ngllmo-0 epAWpq fzYpjk yle__article__paragraph\">Kiert\u00e4v\u00e4 j\u00e4teauto kulkee Jyv\u00e4skyl\u00e4ss\u00e4 ja muissa j\u00e4teyhti\u00f6n omistajakunnissa kahdesti vuodesta eli kev\u00e4isin ja syksyisin. Autoon voi tuoda vaarallisia j\u00e4tteit\u00e4, kuten maaleja ja kemikaaleja, sek\u00e4 vanhoja ja rikkin\u00e4isi\u00e4 s\u00e4hk\u00f6laitteita.<\/p>\n<p class=\"aw__sc-1qwuw0s-0 aw__sc-ngllmo-0 epAWpq fzYpjk yle__article__paragraph\">Kuluvan vuoden kev\u00e4\u00e4ll\u00e4 ihmiset toivat j\u00e4teautolle vaarallisia j\u00e4tteit\u00e4 32\u00a0000 kiloa ja s\u00e4hk\u00f6laitteita 16\u00a0400 kiloa. Vaarallisten j\u00e4tteiden m\u00e4\u00e4r\u00e4 kasvoi 12 ja s\u00e4hk\u00f6laitteiden 13 prosenttia viime vuoden vastaavaan aikaan verrattuna.<\/p>\n<p class=\"aw__sc-1qwuw0s-0 aw__sc-ngllmo-0 epAWpq fzYpjk yle__article__paragraph\">Viestint\u00e4- ja asiakkuusp\u00e4\u00e4llikk\u00f6 <strong class=\"aw__sc-ngllmo-2 gdRrun yle__article__strong\">Piia Aho<\/strong> Mustankorkealta kertoo, ett\u00e4 j\u00e4tteiden m\u00e4\u00e4r\u00e4 on muutaman vuoden aikana kaksinkertaistunut.<\/p>\n<p class=\"aw__sc-1qwuw0s-0 aw__sc-ngllmo-0 epAWpq fzYpjk yle__article__paragraph\">\u2013 Kasvu n\u00e4ytt\u00e4\u00e4 jatkuvan yh\u00e4, h\u00e4n sanoo.<\/p>\n<p class=\"aw__sc-1qwuw0s-0 aw__sc-ngllmo-0 epAWpq fzYpjk yle__article__paragraph\">Palvelulle on ollut niin paljon kysynt\u00e4\u00e4, ett\u00e4 Mustankorkea on laajentanut kiert\u00e4v\u00e4n ker\u00e4ysauton reitti\u00e4 ja pident\u00e4nyt pys\u00e4hdysaikoja.<\/p>\n<p class=\"aw__sc-1qwuw0s-0 aw__sc-ngllmo-0 epAWpq fzYpjk yle__article__paragraph\">Viime kev\u00e4\u00e4n\u00e4 reitille lis\u00e4ttiin Taulum\u00e4ki, syksyll\u00e4 mukaan tulee Kuokkala.<\/p>\n<p class=\"aw__sc-1qwuw0s-0 aw__sc-ngllmo-0 epAWpq fzYpjk yle__article__paragraph\">\u2013 Asiakkaat ovat esitt\u00e4neet toiveita pys\u00e4hdyspaikoista, Aho kertoo.<\/p>\n<p class=\"aw__sc-1qwuw0s-0 aw__sc-ngllmo-0 epAWpq fzYpjk yle__article__paragraph\">Mustankorkean vaarallisten j\u00e4tteiden ja s\u00e4hk\u00f6laitteiden ker\u00e4ysauto ajaa elo-syyskuun vaihteessa. Pys\u00e4hdyspaikkoja on t\u00e4n\u00e4 syksyn\u00e4 13. Kierros alkaa 25. elokuuta.<\/p>\n<p class=\"aw__sc-1qwuw0s-0 aw__sc-ngllmo-0 epAWpq fzYpjk yle__article__paragraph\">Vaarallisia j\u00e4tteit\u00e4 ja s\u00e4hk\u00f6laitteita voi tuoda ker\u00e4ysautolle Jyv\u00e4skyl\u00e4ss\u00e4 Palokassa, Vaajakoskella, Tikkakoskella, Sepp\u00e4l\u00e4ss\u00e4, Keljossa, Kuokkalassa, Korpilahdella, S\u00e4yn\u00e4tsalossa ja Taulum\u00e4ell\u00e4.<\/p>\n<p class=\"aw__sc-1qwuw0s-0 aw__sc-ngllmo-0 epAWpq fzYpjk yle__article__paragraph\">Lis\u00e4ksi j\u00e4teauto kiert\u00e4\u00e4 Laukaan Lepp\u00e4vedell\u00e4 ja Lievestuoreella, Muuramessa ja Toivakassa.<\/p>\n<p class=\"aw__sc-1qwuw0s-0 aw__sc-ngllmo-0 epAWpq fzYpjk yle__article__paragraph\"><strong class=\"aw__sc-ngllmo-2 gdRrun yle__article__strong\">Joskus my\u00f6s tavallinen j\u00e4teauto voi joutua laajentamaan reitti\u00e4\u00e4n. Videolla vuonna 2024 kerrottiin, miten j\u00e4tteenker\u00e4ysauto jouduttiin kuljettamaan lautalla saareen Jyv\u00e4skyl\u00e4n S\u00e4yn\u00e4tsalossa, koska Louhunsalmen silta oli vaurioitunut vakavasti.<\/strong><\/p>\n<p>Jyv\u00e4skyl\u00e4n Louhunsalmen sillan painorajoituksen vuoksi j\u00e4teauto kuljetettiin lautalla Lehtisaareen vuonna 2024. Video: Isto Janhunen \/ Yle<\/p>\n","protected":false},"excerpt":{"rendered":"Jyv\u00e4skyl\u00e4ss\u00e4 j\u00e4teyhti\u00f6 Mustankorkea ker\u00e4\u00e4 vaarallisia j\u00e4tteit\u00e4 ja s\u00e4hk\u00f6laitteita kiert\u00e4v\u00e4ll\u00e4 j\u00e4teautolla. J\u00e4tem\u00e4\u00e4r\u00e4 on tuplaantunut muutamassa vuodessa. Avaa kuvien katselu&hellip;\n","protected":false},"author":2,"featured_media":326666,"comment_status":"","ping_status":"","sticky":false,"template":"","format":"standard","meta":{"footnotes":"","_share_on_mastodon":"0"},"categories":[112],"tags":[33,31,30,425,474,8087,37237,30030,118,32,119],"class_list":["post-326665","post","type-post","status-publish","format-standard","has-post-thumbnail","category-tiede","tag-fi","tag-finland","tag-finnish","tag-jyvaskyla","tag-keski-suomi","tag-kierratys","tag-ongelmajatteet","tag-sahkoromu","tag-science","tag-suomi","tag-tiede"],"share_on_mastodon":{"url":"https:\/\/pubeurope.com\/@fi\/117110011728295578","error":""},"_links":{"self":[{"href":"https:\/\/www.europesays.com\/fi\/wp-json\/wp\/v2\/posts\/326665","targetHints":{"allow":["GET"]}}],"collection":[{"href":"https:\/\/www.europesays.com\/fi\/wp-json\/wp\/v2\/posts"}],"about":[{"href":"https:\/\/www.europesays.com\/fi\/wp-json\/wp\/v2\/types\/post"}],"author":[{"embeddable":true,"href":"https:\/\/www.europesays.com\/fi\/wp-json\/wp\/v2\/users\/2"}],"replies":[{"embeddable":true,"href":"https:\/\/www.europesays.com\/fi\/wp-json\/wp\/v2\/comments?post=326665"}],"version-history":[{"count":0,"href":"https:\/\/www.europesays.com\/fi\/wp-json\/wp\/v2\/posts\/326665\/revisions"}],"wp:featuredmedia":[{"embeddable":true,"href":"https:\/\/www.europesays.com\/fi\/wp-json\/wp\/v2\/media\/326666"}],"wp:attachment":[{"href":"https:\/\/www.europesays.com\/fi\/wp-json\/wp\/v2\/media?parent=326665"}],"wp:term":[{"taxonomy":"category","embeddable":true,"href":"https:\/\/www.europesays.com\/fi\/wp-json\/wp\/v2\/categories?post=326665"},{"taxonomy":"post_tag","embeddable":true,"href":"https:\/\/www.europesays.com\/fi\/wp-json\/wp\/v2\/tags?post=326665"}],"curies":[{"name":"wp","href":"https:\/\/api.w.org\/{rel}","templated":true}]}}