{"id":326685,"date":"2026-08-17T09:24:17","date_gmt":"2026-08-17T09:24:17","guid":{"rendered":"https:\/\/www.europesays.com\/fi\/326685\/"},"modified":"2026-08-17T09:24:17","modified_gmt":"2026-08-17T09:24:17","slug":"parveketarkastusten-pelataan-paljastavan-satoja-vaarallisia-rakenteita-pelkastaan-porissa-jattiurakka-edessa-koko-maassa-satakunta","status":"publish","type":"post","link":"https:\/\/www.europesays.com\/fi\/326685\/","title":{"rendered":"Parveke\u00adtarkastusten pel\u00e4t\u00e4\u00e4n paljastavan satoja vaarallisia rakenteita pelk\u00e4st\u00e4\u00e4n Porissa \u2013 j\u00e4ttiurakka edess\u00e4 koko maassa | Satakunta"},"content":{"rendered":"<p class=\"aw__sc-1qwuw0s-0 aw__sc-1vg2sqm-0 epAWpq ecELkD yle__article__paragraph\">Jokainen vaaralliseksi luokiteltu parveke pit\u00e4\u00e4 tarkistaa sis\u00e4lt\u00e4p\u00e4in.<\/p>\n<p>Katso videolta, milt\u00e4 heikoksi parvekemateriaaliksi luokiteltu sementtikuitulevy n\u00e4ytt\u00e4\u00e4. Tilannetta arvioivat Satakunnan is\u00e4nn\u00f6itsij\u00e4t ry:st\u00e4 Peter Hillman ja Marko Kallunki Porin kaupungin rakennusvalvontayksik\u00f6st\u00e4. Video: Minttu Villanen-It\u00e4linna \/ Yle<\/p>\n<p>11:24\u2022P\u00e4ivitetty 11:28<\/p>\n<ul class=\"aw__sc-1yb43iq-0 gFXHv yle__article__list yle__article__list--ul\">\n<li class=\"aw__sc-1yb43iq-1 gVAzbt\">Satakunnassa aloitetaan parvekkeiden turvallisuustarkastukset. Onnettomuustutkintakeskus kertoi toukokuussa, ett\u00e4 sementtikuitulevyt eiv\u00e4t suojaa putoamiselta.<\/li>\n<li class=\"aw__sc-1yb43iq-1 gVAzbt\">Erityisesti 1960\u20131980-luvuilla rakennetuissa kerrostaloissa k\u00e4ytetyt levyt voivat hajota pienen lapsen voimasta. Pelk\u00e4st\u00e4\u00e4n Porissa on tuhansia tarkastettavia parvekkeit\u00e4.<\/li>\n<li class=\"aw__sc-1yb43iq-1 gVAzbt\">Asunnon omistajat maksavat korjaukset. Vain asiantuntija voi arvioida turvallisuusriskin.<\/li>\n<\/ul>\n<p class=\"aw__sc-1qwuw0s-0 aw__sc-ngllmo-0 epAWpq fzYpjk yle__article__paragraph\">Ymp\u00e4rist\u00f6ministeri\u00f6n kunnilta vaatimien parvekkeiden turvallisuustarkastusten arvioidaan viev\u00e4n paikoin jopa vuosia.<\/p>\n<p class=\"aw__sc-1qwuw0s-0 aw__sc-ngllmo-0 epAWpq fzYpjk yle__article__paragraph\">Tarkastuksia ollaan nyt aloittamassa esimerkiksi Satakunnassa.<\/p>\n<p class=\"aw__sc-1qwuw0s-0 aw__sc-ngllmo-0 epAWpq fzYpjk yle__article__paragraph\"><strong class=\"aw__sc-ngllmo-2 gdRrun yle__article__strong\">Peter Hillman<\/strong>, Satakunnan is\u00e4nn\u00f6itsij\u00e4t ry:n puheenjohtaja, kertoo, ettei mahdollisesti vaarallisten parvekkeiden tarkkaa m\u00e4\u00e4r\u00e4\u00e4 tiedet\u00e4.<\/p>\n<p class=\"aw__sc-1qwuw0s-0 aw__sc-ngllmo-0 epAWpq fzYpjk yle__article__paragraph\">Hillman kehottaa is\u00e4nn\u00f6itsij\u00f6it\u00e4 tarkistamaan parvekkeiden rakenteet heti. Satakunnan is\u00e4nn\u00f6itsij\u00e4t ja rakennusvalvonta j\u00e4rjest\u00e4v\u00e4t yhteisen tiedotustilaisuuden, jossa sovitaan k\u00e4yt\u00e4nn\u00f6ist\u00e4.<\/p>\n<p class=\"aw__sc-1qwuw0s-0 aw__sc-ngllmo-0 epAWpq fzYpjk yle__article__paragraph\">Onnettomuustutkintakeskus ilmoitti toukokuussa, ett\u00e4 <a class=\"aw__sc-ngllmo-1 bTDnwX yle__article__link\" href=\"https:\/\/yle.fi\/a\/74-20227237\" role=\"link\" rel=\"nofollow noopener\" target=\"_blank\">sementtikuitulevyt eiv\u00e4t suojaa putoamiselta<\/a>, ja antoi asiasta vaarailmoituksen.<\/p>\n<p class=\"aw__sc-1qwuw0s-0 aw__sc-ngllmo-0 epAWpq fzYpjk yle__article__paragraph\">Erityisesti 1960\u20131980-luvuilla valmistetuissa kerrostaloissa sementtikuitulevyjen k\u00e4ytt\u00f6 on ollut yleist\u00e4.<\/p>\n<p class=\"aw__sc-1qwuw0s-0 aw__sc-ngllmo-0 epAWpq fzYpjk yle__article__paragraph\">Mineriittilevyn\u00e4kin tunnettu sein\u00e4materiaali voi Otkesin tutkimusten mukaan hajota jopa pienen lapsen voimasta. Peter Hillman on yll\u00e4ttynyt, ett\u00e4 parvekkeiden turvallisuuteen kiinnitet\u00e4\u00e4n huomiota vasta nyt.<\/p>\n<p><img decoding=\"async\" alt=\"Mies seisoo kadulla rakennuksen edess\u00e4, taustalla ikkunassa n\u00e4kyy &quot;VUOKRATAAN&quot; -kyltti.\" src=\"https:\/\/www.europesays.com\/fi\/wp-content\/uploads\/2026\/08\/1786696404.jpeg\" loading=\"lazy\" class=\"aw__sc-dklauk-0 LPzKX\"\/><\/p>\n<p>Avaa kuvien katselu<\/p>\n<p>Satakunnan is\u00e4nn\u00f6itsij\u00e4t ry:n puheenjohtaja Peter Hillman kehottaa is\u00e4nn\u00f6itsij\u00f6it\u00e4 selvitt\u00e4m\u00e4\u00e4n pikaisesti parvekkeiden rakenteita. Kuva: Minttu Villanen-It\u00e4linna<\/p>\n<p class=\"aw__sc-1qwuw0s-0 aw__sc-ngllmo-0 epAWpq fzYpjk yle__article__paragraph\">Alla olevassa kuvagalleriassa on tyypillinen 1960-luvulla rakennettu kerrostalo. Porin keskustassa sijaitsevan kerrostalon parvekkeissa on k\u00e4ytetty ohuita sementtikuitulevyj\u00e4, joiden kest\u00e4vyys ja kiinnitysratkaisu voivat olla turvallisuusriski.<\/p>\n<p><img decoding=\"async\" alt=\"Kerrostalon julkisivu yl\u00e4kulmassa vihreit\u00e4 lehti\u00e4.\" src=\"https:\/\/www.europesays.com\/fi\/wp-content\/uploads\/2026\/08\/1786541210.jpeg\" class=\"aw__sc-dklauk-0 LPzKX\"\/><\/p>\n<p>Avaa kuvien katselu<\/p>\n<p><img decoding=\"async\" alt=\"L\u00e4hikuvassa sementtikuitulevyn halkeama.\" src=\"https:\/\/www.europesays.com\/fi\/wp-content\/uploads\/2026\/08\/1786541217.jpeg\" class=\"aw__sc-dklauk-0 LPzKX\"\/><\/p>\n<p>Avaa kuvien katselu<\/p>\n<p><img decoding=\"async\" alt=\"Taivasta vasten kuvattu parvekkeen sementtikuitulevy\u00e4.\" src=\"https:\/\/www.europesays.com\/fi\/wp-content\/uploads\/2026\/08\/1786541203.jpeg\" class=\"aw__sc-dklauk-0 LPzKX\"\/><\/p>\n<p>Avaa kuvien katselu<\/p>\n<p><img decoding=\"async\" alt=\"Taivasta vasten kuvattu parvekkeen sementtikuitulevy\u00e4.\" src=\"https:\/\/www.europesays.com\/fi\/wp-content\/uploads\/2026\/08\/1786958657_166_1786541210.jpeg\" class=\"aw__sc-dklauk-0 LPzKX\"\/><\/p>\n<p>Avaa kuvien katselu<\/p>\n<p>Lasikaideparvekkeet my\u00f6s mahdollisesti vaarallisia<\/p>\n<p class=\"aw__sc-1qwuw0s-0 aw__sc-ngllmo-0 epAWpq fzYpjk yle__article__paragraph\">Uudemmissa rakennuksissa lasikaiteelliset parvekkeet, jotka on rakennettu vuosina 1990\u20132023, voivat my\u00f6s olla turvallisuusriski. Vuodesta 2023 alkaen parvekkeiden suunnittelua s\u00e4\u00e4telev\u00e4t tarkemmat m\u00e4\u00e4r\u00e4ykset.<\/p>\n<p class=\"aw__sc-1qwuw0s-0 aw__sc-ngllmo-0 epAWpq fzYpjk yle__article__paragraph\">Ymp\u00e4rist\u00f6ministeri\u00f6 kehottaa nyt kuntia selvitt\u00e4m\u00e4\u00e4n parvekkeiden rakenteet ja korjaamaan mahdolliset turvallisuutta heikent\u00e4v\u00e4t rakenteet.<\/p>\n<p>Suuri urakka edess\u00e4<\/p>\n<p class=\"aw__sc-1qwuw0s-0 aw__sc-ngllmo-0 epAWpq fzYpjk yle__article__paragraph\">Ongelmana Porissa ja muuallakin on se, ettei tarkkoja tietoja erityisesti vanhojen parvekkeiden rakenteista ole.<\/p>\n<p class=\"aw__sc-1qwuw0s-0 aw__sc-ngllmo-0 epAWpq fzYpjk yle__article__paragraph\">Porin kaupungin rakennusvalvontayksik\u00f6n p\u00e4\u00e4llikk\u00f6 <strong class=\"aw__sc-ngllmo-2 gdRrun yle__article__strong\">Marko Kallunki<\/strong> arvioi tarkastettavien parvekkeiden m\u00e4\u00e4r\u00e4n olevan tuhansia pelk\u00e4st\u00e4\u00e4n Porin kaupungin alueella ja teht\u00e4v\u00e4n viev\u00e4n vuosia.<\/p>\n<p><img decoding=\"async\" alt=\"Mies seisoo ulkona puiston laidalla kirkkaankeltaisessa heijastustakissa, taustalla puita ja rakennuksia.\" src=\"https:\/\/www.europesays.com\/fi\/wp-content\/uploads\/2026\/08\/1786696269.jpeg\" loading=\"lazy\" class=\"aw__sc-dklauk-0 LPzKX\"\/><\/p>\n<p>Avaa kuvien katselu<\/p>\n<p>Porin kaupungin rakennusvalvontayksik\u00f6n p\u00e4\u00e4llikk\u00f6 Marko Kallunki arvioi mahdollisesti vaarallisia parvekkeita olevan satoja. Kuva: Minttu Villanen-It\u00e4linnaTurvallisuus selvi\u00e4\u00e4 vain sis\u00e4puolelta<\/p>\n<p class=\"aw__sc-1qwuw0s-0 aw__sc-ngllmo-0 epAWpq fzYpjk yle__article__paragraph\">Jokainen vaaralliseksi arvioitu parveke pit\u00e4\u00e4 tarkistaa sis\u00e4lt\u00e4p\u00e4in, koska ulkoa ei n\u00e4e mahdollisia riskej\u00e4.<\/p>\n<p class=\"aw__sc-1qwuw0s-0 aw__sc-ngllmo-0 epAWpq fzYpjk yle__article__paragraph\">Kaikkia sementtikuitulevyj\u00e4 ei tarvitse automaattisesti vaihtaa.<\/p>\n<p class=\"aw__sc-1qwuw0s-0 aw__sc-ngllmo-0 epAWpq fzYpjk yle__article__paragraph\">Hillmanin mukaan turvallisuutta voi parantaa my\u00f6s muuttamalla parvekkeen sis\u00e4verhoilua. Asunnon omistajat maksavat korjaukset, mutta Hillmanin mukaan ne ovat pieni\u00e4 asunnon arvoon verrattuna.<\/p>\n<p>Onko parvekkeeni vaarallinen?<\/p>\n<p class=\"aw__sc-1qwuw0s-0 aw__sc-ngllmo-0 epAWpq fzYpjk yle__article__paragraph\">Vain asiantuntija pystyy arvioimaan parvekkeiden rakenteelliset virheet ja turvallisuusriskit. Siksi parvekkeiden turvallisuuden pit\u00e4\u00e4 tarkistaa koulutettu ammattilainen.<\/p>\n<p class=\"aw__sc-1qwuw0s-0 aw__sc-ngllmo-0 epAWpq fzYpjk yle__article__paragraph\">Kerrostaloparvekkeiden lis\u00e4ksi turvallisuusriski ja mahdollinen putoamisvaara liittyy my\u00f6s omakotitalojen parvekkeisiin. Omakotitalojen parvekerakenteiden turvallisuus ja vastuu niiden tarkastuksesta on omistajan vastuulla.<\/p>\n","protected":false},"excerpt":{"rendered":"Jokainen vaaralliseksi luokiteltu parveke pit\u00e4\u00e4 tarkistaa sis\u00e4lt\u00e4p\u00e4in. Katso videolta, milt\u00e4 heikoksi parvekemateriaaliksi luokiteltu sementtikuitulevy n\u00e4ytt\u00e4\u00e4. Tilannetta arvioivat Satakunnan&hellip;\n","protected":false},"author":2,"featured_media":326686,"comment_status":"","ping_status":"","sticky":false,"template":"","format":"standard","meta":{"footnotes":"","_share_on_mastodon":"0"},"categories":[12],"tags":[542,1983,22,23,26,27,33,31,30,17,3093,41055,71,24,25,28,29,15,18,21,18237,39143,2787,968,32,19,20,14149,14017,16],"class_list":["post-326685","post","type-post","status-publish","format-standard","has-post-thumbnail","category-suomi","tag-asuminen","tag-asunnot","tag-breaking-news","tag-breakingnews","tag-featured-news","tag-featurednews","tag-fi","tag-finland","tag-finnish","tag-headlines","tag-kerrostalot","tag-kodin-turvallisuus","tag-kotimaa","tag-latest-news","tag-latestnews","tag-main-news","tag-mainnews","tag-news","tag-otsikot","tag-paauutiset","tag-parveke","tag-parvekelasitus","tag-pori","tag-satakunta","tag-suomi","tag-top-stories","tag-topstories","tag-turvallisuusmaaraykset","tag-turvallisuusriski","tag-uutiset"],"share_on_mastodon":{"url":"","error":"Validation failed: Text character limit of 500 exceeded"},"_links":{"self":[{"href":"https:\/\/www.europesays.com\/fi\/wp-json\/wp\/v2\/posts\/326685","targetHints":{"allow":["GET"]}}],"collection":[{"href":"https:\/\/www.europesays.com\/fi\/wp-json\/wp\/v2\/posts"}],"about":[{"href":"https:\/\/www.europesays.com\/fi\/wp-json\/wp\/v2\/types\/post"}],"author":[{"embeddable":true,"href":"https:\/\/www.europesays.com\/fi\/wp-json\/wp\/v2\/users\/2"}],"replies":[{"embeddable":true,"href":"https:\/\/www.europesays.com\/fi\/wp-json\/wp\/v2\/comments?post=326685"}],"version-history":[{"count":0,"href":"https:\/\/www.europesays.com\/fi\/wp-json\/wp\/v2\/posts\/326685\/revisions"}],"wp:featuredmedia":[{"embeddable":true,"href":"https:\/\/www.europesays.com\/fi\/wp-json\/wp\/v2\/media\/326686"}],"wp:attachment":[{"href":"https:\/\/www.europesays.com\/fi\/wp-json\/wp\/v2\/media?parent=326685"}],"wp:term":[{"taxonomy":"category","embeddable":true,"href":"https:\/\/www.europesays.com\/fi\/wp-json\/wp\/v2\/categories?post=326685"},{"taxonomy":"post_tag","embeddable":true,"href":"https:\/\/www.europesays.com\/fi\/wp-json\/wp\/v2\/tags?post=326685"}],"curies":[{"name":"wp","href":"https:\/\/api.w.org\/{rel}","templated":true}]}}