{"id":326783,"date":"2026-08-17T11:59:18","date_gmt":"2026-08-17T11:59:18","guid":{"rendered":"https:\/\/www.europesays.com\/fi\/326783\/"},"modified":"2026-08-17T11:59:18","modified_gmt":"2026-08-17T11:59:18","slug":"talouden-piristyminen-nakyy-pohjalaismaakunnissa-plussalla-mennaan-iloitsee-laukkukauppias-vaasassa-pohjanmaa","status":"publish","type":"post","link":"https:\/\/www.europesays.com\/fi\/326783\/","title":{"rendered":"Talouden piristyminen n\u00e4kyy pohjalaismaakunnissa: \u201dPlussalla menn\u00e4\u00e4n\u201d, iloitsee laukkukauppias Vaasassa | Pohjanmaa"},"content":{"rendered":"<p class=\"aw__sc-1qwuw0s-0 aw__sc-ngllmo-0 epAWpq fzYpjk yle__article__paragraph\">Rewellin kauppakeskuksessa Vaasassa sijaitsevan Laukkutalon kauppias <strong class=\"aw__sc-ngllmo-2 gdRrun yle__article__strong\">Mikko Nieminen<\/strong> kauppakeskuksesta arvioi, ett\u00e4 ihmisi\u00e4 on ollut t\u00e4n\u00e4 kes\u00e4n\u00e4 liikkeell\u00e4 enemm\u00e4n. He my\u00f6s k\u00e4ytt\u00e4v\u00e4t rahaa enemm\u00e4n kuin aiemmin.<\/p>\n<p class=\"aw__sc-1qwuw0s-0 aw__sc-ngllmo-0 epAWpq fzYpjk yle__article__paragraph\">Talouden asiantuntijat ovat viime viikkoina kertoneet <a class=\"aw__sc-ngllmo-1 bTDnwX yle__article__link\" href=\"https:\/\/yle.fi\/a\/74-20239651\" role=\"link\" rel=\"nofollow noopener\" target=\"_blank\">positiivisesta talouskasvusta<\/a> Suomessa. K\u00e4\u00e4nne alkoi pari vuotta sitten ja kasvun ennakoidaan jatkuvan edelleen ensi vuonna.<\/p>\n<p class=\"aw__sc-1qwuw0s-0 aw__sc-ngllmo-0 epAWpq fzYpjk yle__article__paragraph\">Yritt\u00e4j\u00e4lle k\u00e4\u00e4nne parempaan on tervetullutta huonojen vuosien j\u00e4lkeen.<\/p>\n<p class=\"aw__sc-1qwuw0s-0 aw__sc-ngllmo-0 epAWpq fzYpjk yle__article__paragraph\">\u2013 Plussalla menn\u00e4\u00e4n viime vuoteen verrattuna, Nieminen toteaa.<\/p>\n<p class=\"aw__sc-1qwuw0s-0 aw__sc-ngllmo-0 epAWpq fzYpjk yle__article__paragraph\">Pient\u00e4 piristyst\u00e4 kaupank\u00e4ynniss\u00e4 on huomannut my\u00f6s kauppakeskuksessa naisten vaatteita ja kenki\u00e4 myyv\u00e4n Avocas-putiikin omistaja <strong class=\"aw__sc-ngllmo-2 gdRrun yle__article__strong\">Eija J\u00e4rvel\u00e4inen<\/strong>.<\/p>\n<p class=\"aw__sc-1qwuw0s-0 aw__sc-ngllmo-0 epAWpq fzYpjk yle__article__paragraph\">Suomesta, Pohjoismaista ja Saksasta on ollut turisteja hyvin liikkeell\u00e4.<\/p>\n<p class=\"aw__sc-1qwuw0s-0 aw__sc-ngllmo-0 epAWpq fzYpjk yle__article__paragraph\">\u2013 Muutaman kohdalla olen huomannut, ett\u00e4 rahallinen arvo ei ole ostoksissa en\u00e4\u00e4 se ratkaiseva asia, J\u00e4rvel\u00e4inen sanoo.<\/p>\n<p class=\"aw__sc-1qwuw0s-0 aw__sc-ngllmo-0 epAWpq fzYpjk yle__article__paragraph\">Rewellin toimitusjohtaja <strong class=\"aw__sc-ngllmo-2 gdRrun yle__article__strong\">Susanna Spak<\/strong> kertoo, ett\u00e4 liikkeiden myyntiluvut kauppakeskuksessa ovat kehittyneet eritt\u00e4in positiivisesti t\u00e4m\u00e4n vuoden aikana.<\/p>\n<p class=\"aw__sc-1qwuw0s-0 aw__sc-ngllmo-0 epAWpq fzYpjk yle__article__paragraph\">T\u00e4m\u00e4n vuoden hein\u00e4kuun loppuun menness\u00e4 kasvua oli reilut seitsem\u00e4n prosenttia viime vuoden vastaavaan aikaan verrattuna. K\u00e4vij\u00e4m\u00e4\u00e4r\u00e4t ovat silti viime vuoden tasolla.<\/p>\n<p class=\"aw__sc-1qwuw0s-0 aw__sc-ngllmo-0 epAWpq fzYpjk yle__article__paragraph\">\u2013 Eli rahaa k\u00e4ytet\u00e4\u00e4n enemm\u00e4n, Spak toteaa.<\/p>\n<p class=\"aw__sc-1qwuw0s-0 aw__sc-ngllmo-0 epAWpq fzYpjk yle__article__paragraph\"><strong class=\"aw__sc-ngllmo-2 gdRrun yle__article__strong\">Anu ja Matias Norrgrann kertovat videolla, mihin he kuluttavat t\u00e4ll\u00e4 hetkell\u00e4 rahaa:<\/strong><\/p>\n<p>KPO: Kasvu n\u00e4kyy kauppojen tiskeill\u00e4<\/p>\n<p class=\"aw__sc-1qwuw0s-0 aw__sc-ngllmo-0 epAWpq fzYpjk yle__article__paragraph\">Talouden elpymisest\u00e4 on n\u00e4ht\u00e4vill\u00e4 positiivisia merkkej\u00e4 kaikissa kolmessa pohjalaismaakunnassa, kertoo Osuuskauppa KPO:n talousjohtaja <strong class=\"aw__sc-ngllmo-2 gdRrun yle__article__strong\">Matti Laukka.<\/strong><\/p>\n<p class=\"aw__sc-1qwuw0s-0 aw__sc-ngllmo-0 epAWpq fzYpjk yle__article__paragraph\">\u2013 Talous on toki ollut alueellamme jo pitk\u00e4\u00e4n hiukan paremmassa kunnossa kuin Suomessa keskim\u00e4\u00e4rin, mutta kyll\u00e4 kasvu n\u00e4kyy tuolla kauppojen tiskeill\u00e4.<\/p>\n<p class=\"aw__sc-1qwuw0s-0 aw__sc-ngllmo-0 epAWpq fzYpjk yle__article__paragraph\">Hyv\u00e4 esimerkki t\u00e4st\u00e4 on h\u00e4nen mukaansa suhdanneherkk\u00e4 autokauppa. Enn\u00e4tysalhaisissa lukemissa laahannut uusien autojen myynti on alkanut virrota.<\/p>\n<p class=\"aw__sc-1qwuw0s-0 aw__sc-ngllmo-0 epAWpq fzYpjk yle__article__paragraph\">\u2013 Vaihtoautokauppa on k\u00e4ynyt hyvin koko ajan, mutta nyt uusien autojen kaupassa on n\u00e4hty pient\u00e4 piristymist\u00e4.<\/p>\n<p><img decoding=\"async\" alt=\"Katumaasturi myynniss\u00e4 autoliikkeess\u00e4.\" src=\"https:\/\/www.europesays.com\/fi\/wp-content\/uploads\/2026\/08\/1744114439.jpeg\" loading=\"lazy\" class=\"aw__sc-dklauk-0 LPzKX\"\/><\/p>\n<p>Avaa kuvien katselu<\/p>\n<p>Uusien autojen kauppa on alkanut piristy\u00e4, kertoo Osuuskauppa KPO:n talousjohtaja Matti Laukka. Arkistokuva. Kuva: Alamy Stock Photo<\/p>\n<p class=\"aw__sc-1qwuw0s-0 aw__sc-ngllmo-0 epAWpq fzYpjk yle__article__paragraph\">Sein\u00e4joella talouden k\u00e4\u00e4nne n\u00e4kyy selv\u00e4sti.<\/p>\n<p class=\"aw__sc-1qwuw0s-0 aw__sc-ngllmo-0 epAWpq fzYpjk yle__article__paragraph\">Sein\u00e4joen Yritt\u00e4jien toiminnanjohtajan <strong class=\"aw__sc-ngllmo-2 gdRrun yle__article__strong\">Kaisa Mets\u00e4rannan<\/strong> mukaan investointeja tekev\u00e4t yritykset innostavat my\u00f6s muita.<\/p>\n<p class=\"aw__sc-1qwuw0s-0 aw__sc-ngllmo-0 epAWpq fzYpjk yle__article__paragraph\">\u2013 Kun joku uskaltaa, tekee ja menee eteenp\u00e4in, se kannustaa muitakin toimimaan samalla tavalla. Viime kuukausina yritykset ovat sanoneet yh\u00e4 enemm\u00e4n \u00e4\u00e4neen, ett\u00e4 paremmin menee.<\/p>\n<p class=\"aw__sc-1qwuw0s-0 aw__sc-ngllmo-0 epAWpq fzYpjk yle__article__paragraph\">My\u00f6nteisi\u00e4 merkkej\u00e4 on n\u00e4kynyt v\u00e4hitt\u00e4iskaupan lis\u00e4ksi teknisess\u00e4 kaupassa ja rakentamisessa. T\u00e4ll\u00e4 on kerrannaisvaikutuksia muihin toimialoihin.<\/p>\n<p class=\"aw__sc-1qwuw0s-0 aw__sc-ngllmo-0 epAWpq fzYpjk yle__article__paragraph\">My\u00f6s Sein\u00e4joen Ideaparkissa k\u00e4\u00e4nne on n\u00e4kynyt maaliskuusta l\u00e4htien liikkeiden kasvaneissa liikevaihdoissa.<\/p>\n<p>Kokkolassa yritysten m\u00e4\u00e4r\u00e4 kasvaa<\/p>\n<p class=\"aw__sc-1qwuw0s-0 aw__sc-ngllmo-0 epAWpq fzYpjk yle__article__paragraph\">Kokkolassa toimivan Kauppakeskus Chydenian kes\u00e4 on yhteis\u00f6p\u00e4\u00e4llik\u00f6n <strong class=\"aw__sc-ngllmo-2 gdRrun yle__article__strong\">Jessica Riksmanin<\/strong> mukaan ollut hyv\u00e4.<\/p>\n<p class=\"aw__sc-1qwuw0s-0 aw__sc-ngllmo-0 epAWpq fzYpjk yle__article__paragraph\">Kauppakeskuksen liikkeiden myynti kasvoi kes\u00e4kuussa 11 prosenttia viime vuoden kes\u00e4kuuhun verrattuna. My\u00f6s hein\u00e4kuussa myynti n\u00e4ytt\u00e4isi kasvavan.<\/p>\n<p class=\"aw__sc-1qwuw0s-0 aw__sc-ngllmo-0 epAWpq fzYpjk yle__article__paragraph\">Ostoksilla k\u00e4ytet\u00e4\u00e4n rahaa enemm\u00e4n kuin aiemmin.<\/p>\n<p class=\"aw__sc-1qwuw0s-0 aw__sc-ngllmo-0 epAWpq fzYpjk yle__article__paragraph\">\u2013 Luvut ovat eritt\u00e4in hyv\u00e4t, Riksman iloitsee.<\/p>\n<p><img decoding=\"async\" alt=\"Chydenia I:n yritysten logot ovat kauppakeskuksen ulkosein\u00e4ll\u00e4.\" src=\"https:\/\/www.europesays.com\/fi\/wp-content\/uploads\/2026\/08\/1721998661.jpeg\" loading=\"lazy\" class=\"aw__sc-dklauk-0 LPzKX\"\/><\/p>\n<p>Avaa kuvien katselu<\/p>\n<p>Kauppakeskus Chydeniassa Kokkolassa kes\u00e4n myyntiluvut ovat kasvaneet viime vuoteen verrattuna. Arkistokuva. Kuva: Raila Paavola \/ Yle<\/p>\n<p class=\"aw__sc-1qwuw0s-0 aw__sc-ngllmo-0 epAWpq fzYpjk yle__article__paragraph\">Intersportin kauppias <strong class=\"aw__sc-ngllmo-2 gdRrun yle__article__strong\">Pekka P\u00e4\u00e4kk\u00f6nen<\/strong> kertoo, ett\u00e4 myym\u00e4l\u00e4n myynti Kokkolassa on ollut parempaa kuin muilla ketjun samankokoisilla myym\u00e4l\u00f6ill\u00e4 Suomessa.<\/p>\n<p class=\"aw__sc-1qwuw0s-0 aw__sc-ngllmo-0 epAWpq fzYpjk yle__article__paragraph\">Hein\u00e4kuussa heil\u00e4 oli kasvua seitsem\u00e4n prosenttia viime vuoteen verrattuna.<\/p>\n<p class=\"aw__sc-1qwuw0s-0 aw__sc-ngllmo-0 epAWpq fzYpjk yle__article__paragraph\">\u2013 Todella vaikeat ja synk\u00e4t pari vuotta on olleet. Nyt aletaan kuitenkin olla siin\u00e4 pisteess\u00e4, ett\u00e4 tulevaisuus oikeasti n\u00e4ytt\u00e4\u00e4 positiiviselta.<\/p>\n<p class=\"aw__sc-1qwuw0s-0 aw__sc-ngllmo-0 epAWpq fzYpjk yle__article__paragraph\">Keski-Pohjanmaan yritt\u00e4jien toimitusjohtaja <strong class=\"aw__sc-ngllmo-2 gdRrun yle__article__strong\">Anna Kotam\u00e4ki<\/strong> toteaa, ett\u00e4 talouden nousu n\u00e4kyi alueella jo viime vuoden puolella.<\/p>\n<p class=\"aw__sc-1qwuw0s-0 aw__sc-ngllmo-0 epAWpq fzYpjk yle__article__paragraph\">\u2013 Talouden piristyminen n\u00e4kyy yritysten m\u00e4\u00e4r\u00e4n kasvussa. Meill\u00e4 on my\u00f6s laaja toimialapohja. Alueella on yrityksi\u00e4 alkutuotannosta kemianteollisuuteen. Suhdannevaihtelut eiv\u00e4t n\u00e4y ihan samalla tavalla kuin jollain toisella alueella.<\/p>\n","protected":false},"excerpt":{"rendered":"Rewellin kauppakeskuksessa Vaasassa sijaitsevan Laukkutalon kauppias Mikko Nieminen kauppakeskuksesta arvioi, ett\u00e4 ihmisi\u00e4 on ollut t\u00e4n\u00e4 kes\u00e4n\u00e4 liikkeell\u00e4 enemm\u00e4n.&hellip;\n","protected":false},"author":2,"featured_media":326784,"comment_status":"","ping_status":"","sticky":false,"template":"","format":"standard","meta":{"footnotes":"","_share_on_mastodon":"0"},"categories":[76],"tags":[79,77,2786,1377,33,31,30,15949,451,991,6910,449,680,32,78,3250,859],"class_list":["post-326783","post","type-post","status-publish","format-standard","has-post-thumbnail","category-talous","tag-business","tag-economy","tag-elinkeinoelama","tag-etela-pohjanmaa","tag-fi","tag-finland","tag-finnish","tag-kauppakeskukset","tag-keski-pohjanmaa","tag-kokkola","tag-ostokset","tag-pohjanmaa","tag-seinajoki","tag-suomi","tag-talous","tag-talouskasvu","tag-vaasa"],"share_on_mastodon":{"url":"https:\/\/pubeurope.com\/@fi\/117110739741146198","error":""},"_links":{"self":[{"href":"https:\/\/www.europesays.com\/fi\/wp-json\/wp\/v2\/posts\/326783","targetHints":{"allow":["GET"]}}],"collection":[{"href":"https:\/\/www.europesays.com\/fi\/wp-json\/wp\/v2\/posts"}],"about":[{"href":"https:\/\/www.europesays.com\/fi\/wp-json\/wp\/v2\/types\/post"}],"author":[{"embeddable":true,"href":"https:\/\/www.europesays.com\/fi\/wp-json\/wp\/v2\/users\/2"}],"replies":[{"embeddable":true,"href":"https:\/\/www.europesays.com\/fi\/wp-json\/wp\/v2\/comments?post=326783"}],"version-history":[{"count":0,"href":"https:\/\/www.europesays.com\/fi\/wp-json\/wp\/v2\/posts\/326783\/revisions"}],"wp:featuredmedia":[{"embeddable":true,"href":"https:\/\/www.europesays.com\/fi\/wp-json\/wp\/v2\/media\/326784"}],"wp:attachment":[{"href":"https:\/\/www.europesays.com\/fi\/wp-json\/wp\/v2\/media?parent=326783"}],"wp:term":[{"taxonomy":"category","embeddable":true,"href":"https:\/\/www.europesays.com\/fi\/wp-json\/wp\/v2\/categories?post=326783"},{"taxonomy":"post_tag","embeddable":true,"href":"https:\/\/www.europesays.com\/fi\/wp-json\/wp\/v2\/tags?post=326783"}],"curies":[{"name":"wp","href":"https:\/\/api.w.org\/{rel}","templated":true}]}}