{"id":326919,"date":"2026-08-17T15:30:28","date_gmt":"2026-08-17T15:30:28","guid":{"rendered":"https:\/\/www.europesays.com\/fi\/326919\/"},"modified":"2026-08-17T15:30:28","modified_gmt":"2026-08-17T15:30:28","slug":"teija-pelto-arvo-on-valittu-mediakonserni-hilla-groupin-toimitusjohtajaksi-keski-pohjanmaa","status":"publish","type":"post","link":"https:\/\/www.europesays.com\/fi\/326919\/","title":{"rendered":"Teija Pelto-Arvo on valittu mediakonserni Hilla Groupin toimitusjohtajaksi | Keski-Pohjanmaa"},"content":{"rendered":"<p class=\"aw__sc-1qwuw0s-0 aw__sc-1vg2sqm-0 epAWpq ecELkD yle__article__paragraph\">Pelto-Arvo on toiminut yhti\u00f6n v\u00e4liaikaisena toimitusjohtajana toukokuusta 2025 l\u00e4htien.<\/p>\n<p><img decoding=\"async\" alt=\"Sein\u00e4ss\u00e4 lukee Hilla Group. \" src=\"https:\/\/www.europesays.com\/fi\/wp-content\/uploads\/2026\/08\/1758737658.jpeg\" class=\"aw__sc-dklauk-0 LPzKX\"\/><\/p>\n<p>Avaa kuvien katselu<\/p>\n<p>Hilla Group julkaisee useita maakunta- ja paikallislehti\u00e4 Keski- ja Pohjois-Pohjanmaalla, Kainuussa ja Lapissa. Kuva: Kalle Niskala \/ Yle<\/p>\n<p class=\"aw__sc-1qwuw0s-0 aw__sc-ngllmo-0 epAWpq fzYpjk yle__article__paragraph\">Mediakonserni Hilla Groupin hallitus on nimitt\u00e4nyt <strong class=\"aw__sc-ngllmo-2 gdRrun yle__article__strong\">Teija Pelto-Arvon<\/strong> yhti\u00f6n toimitusjohtajaksi t\u00e4st\u00e4 p\u00e4iv\u00e4st\u00e4 alkaen. H\u00e4n on toiminut Hilla Groupin v\u00e4liaikaisena toimitusjohtajana toukokuusta 2025 l\u00e4htien.<\/p>\n<p class=\"aw__sc-1qwuw0s-0 aw__sc-ngllmo-0 epAWpq fzYpjk yle__article__paragraph\">Pelto-Arvo on ty\u00f6skennellyt Hilla Groupissa vuodesta 2014 ja toiminut konsernissa useissa liiketoiminnan ja talouden johtoteht\u00e4viss\u00e4. Ennen v\u00e4liaikaisen toimitusjohtajan teht\u00e4v\u00e4\u00e4 h\u00e4n on toiminut Hilla Groupin talousjohtajana sek\u00e4 Taloushallinto ja omistukset -liiketoiminnan johtajana.<\/p>\n<p class=\"aw__sc-1qwuw0s-0 aw__sc-ngllmo-0 epAWpq fzYpjk yle__article__paragraph\">Hilla Groupin hallituksen puheenjohtajan <strong class=\"aw__sc-ngllmo-2 gdRrun yle__article__strong\">Veikko Laitilan<\/strong> mukaan nimitys perustuu vahvaan n\u00e4ytt\u00f6\u00f6n Pelto-Arvon ty\u00f6st\u00e4 yhti\u00f6n johdossa.<\/p>\n<p class=\"aw__sc-1qwuw0s-0 aw__sc-ngllmo-0 epAWpq fzYpjk yle__article__paragraph\">\u2013 H\u00e4n on osoittanut m\u00e4\u00e4r\u00e4tietoisuutta, vahvaa liiketoiminnallista n\u00e4kemyst\u00e4 sek\u00e4 kyky\u00e4 vied\u00e4 eteenp\u00e4in yhti\u00f6n strategisia tavoitteita, Laitila sanoo yhti\u00f6n tiedotteessa.<\/p>\n<p>Takana isojen muutoksien aika<\/p>\n<p class=\"aw__sc-1qwuw0s-0 aw__sc-ngllmo-0 epAWpq fzYpjk yle__article__paragraph\">Teija Pelto-Arvo otti Hilla Groupin v\u00e4liakaisen toimitusjohtajan teht\u00e4v\u00e4t vastaan <a class=\"aw__sc-ngllmo-1 bTDnwX yle__article__link\" href=\"https:\/\/yle.fi\/a\/74-20161095\" role=\"link\" rel=\"nofollow noopener\" target=\"_blank\">toukokuussa 2025<\/a>, kun <strong class=\"aw__sc-ngllmo-2 gdRrun yle__article__strong\">Mikko Luoma<\/strong> j\u00e4tti teht\u00e4v\u00e4ns\u00e4 yhteisell\u00e4 sopimuksella yhti\u00f6n kanssa.<\/p>\n<p class=\"aw__sc-1qwuw0s-0 aw__sc-ngllmo-0 epAWpq fzYpjk yle__article__paragraph\">Ennen kuin Luoma siirtyi sivuun, medikonserni <a class=\"aw__sc-ngllmo-1 bTDnwX yle__article__link\" href=\"https:\/\/yle.fi\/a\/74-20160354\" role=\"link\" rel=\"nofollow noopener\" target=\"_blank\">oli irtisanout \u00e4killisesti<\/a> Keski-Pohjanmaalla toimivan maakuntalehti Keskipohjanmaan p\u00e4\u00e4toimittajan <strong class=\"aw__sc-ngllmo-2 gdRrun yle__article__strong\">Suvi Tannerin<\/strong> sek\u00e4 paikallislehtien johtajan <strong class=\"aw__sc-ngllmo-2 gdRrun yle__article__strong\">Jonna Nikumaan<\/strong>.<\/p>\n<p class=\"aw__sc-1qwuw0s-0 aw__sc-ngllmo-0 epAWpq fzYpjk yle__article__paragraph\">Teija Pelto-Arvo n\u00e4kee Hilla Groupin olevan nyt vaiheessa, jossa viime vuosien uudistusty\u00f6 luo pohjaa yhti\u00f6n seuraavalle kehitysvaiheelle.<\/p>\n<p class=\"aw__sc-1qwuw0s-0 aw__sc-ngllmo-0 epAWpq fzYpjk yle__article__paragraph\">\u2013 Olemme uudistaneet rakenteitamme, kirkastaneet strategiaamme ja ottaneet konkreettisia askelia uuden kasvun rakentamiseksi. Olen eritt\u00e4in motivoitunut jatkamaan t\u00e4t\u00e4 ty\u00f6t\u00e4 yhdess\u00e4 henkil\u00f6st\u00f6mme kanssa, h\u00e4n sanoo.<\/p>\n","protected":false},"excerpt":{"rendered":"Pelto-Arvo on toiminut yhti\u00f6n v\u00e4liaikaisena toimitusjohtajana toukokuusta 2025 l\u00e4htien. Avaa kuvien katselu Hilla Group julkaisee useita maakunta- ja&hellip;\n","protected":false},"author":2,"featured_media":326920,"comment_status":"","ping_status":"","sticky":false,"template":"","format":"standard","meta":{"footnotes":"","_share_on_mastodon":"0"},"categories":[76],"tags":[79,77,33,31,30,28180,723,451,41062,991,71,667,1077,16182,728,32,78],"class_list":["post-326919","post","type-post","status-publish","format-standard","has-post-thumbnail","category-talous","tag-business","tag-economy","tag-fi","tag-finland","tag-finnish","tag-hilla-group","tag-kainuu","tag-keski-pohjanmaa","tag-keskipohjanmaa-sanomalehti","tag-kokkola","tag-kotimaa","tag-lappi","tag-media","tag-paikallislehdet","tag-pohjois-pohjanmaa","tag-suomi","tag-talous"],"share_on_mastodon":{"url":"https:\/\/pubeurope.com\/@fi\/117111569178468725","error":""},"_links":{"self":[{"href":"https:\/\/www.europesays.com\/fi\/wp-json\/wp\/v2\/posts\/326919","targetHints":{"allow":["GET"]}}],"collection":[{"href":"https:\/\/www.europesays.com\/fi\/wp-json\/wp\/v2\/posts"}],"about":[{"href":"https:\/\/www.europesays.com\/fi\/wp-json\/wp\/v2\/types\/post"}],"author":[{"embeddable":true,"href":"https:\/\/www.europesays.com\/fi\/wp-json\/wp\/v2\/users\/2"}],"replies":[{"embeddable":true,"href":"https:\/\/www.europesays.com\/fi\/wp-json\/wp\/v2\/comments?post=326919"}],"version-history":[{"count":0,"href":"https:\/\/www.europesays.com\/fi\/wp-json\/wp\/v2\/posts\/326919\/revisions"}],"wp:featuredmedia":[{"embeddable":true,"href":"https:\/\/www.europesays.com\/fi\/wp-json\/wp\/v2\/media\/326920"}],"wp:attachment":[{"href":"https:\/\/www.europesays.com\/fi\/wp-json\/wp\/v2\/media?parent=326919"}],"wp:term":[{"taxonomy":"category","embeddable":true,"href":"https:\/\/www.europesays.com\/fi\/wp-json\/wp\/v2\/categories?post=326919"},{"taxonomy":"post_tag","embeddable":true,"href":"https:\/\/www.europesays.com\/fi\/wp-json\/wp\/v2\/tags?post=326919"}],"curies":[{"name":"wp","href":"https:\/\/api.w.org\/{rel}","templated":true}]}}