{"id":326935,"date":"2026-08-17T15:56:13","date_gmt":"2026-08-17T15:56:13","guid":{"rendered":"https:\/\/www.europesays.com\/fi\/326935\/"},"modified":"2026-08-17T15:56:13","modified_gmt":"2026-08-17T15:56:13","slug":"fed-todennakoisesti-pitaa-ohjauskorot-ennallaan-vuoden-2026-loppuun-asti","status":"publish","type":"post","link":"https:\/\/www.europesays.com\/fi\/326935\/","title":{"rendered":"Fed todenn\u00e4k\u00f6isesti pit\u00e4\u00e4 ohjauskorot ennallaan vuoden 2026 loppuun asti."},"content":{"rendered":"<p><img decoding=\"async\" style=\"cursor:pointer\" alt=\"Kuvateksti\" src=\"https:\/\/www.europesays.com\/fi\/wp-content\/uploads\/2026\/08\/1786975078537_fed-170826.jpeg\"\/> Yhdysvaltain keskuspankin (Fed) p\u00e4\u00e4maja Washington DC:ss\u00e4. Kuva: Kyodo\/VNA<\/p>\n<p> Markkinat ovat nyt l\u00e4hes v\u00e4\u00e4ristyneet siihen suuntaan, ett\u00e4 Fed pit\u00e4isi korot ennallaan syyskuun kokouksessaan l\u00e4hes 70 prosentin todenn\u00e4k\u00f6isyydell\u00e4 sen sijaan, ett\u00e4 nostaisi niit\u00e4 0,25 prosenttiyksikk\u00f6\u00e4 aiemmin ennustetulla tavalla. Uudet tiedot osoittivat yll\u00e4tt\u00e4v\u00e4n ty\u00f6llisyyden laskun Yhdysvalloissa hein\u00e4kuussa. Odotettua alhaisempi kuluttajainflaatio ja heikompi v\u00e4hitt\u00e4ismyynti vahvistavat my\u00f6s n\u00e4kemyst\u00e4 siit\u00e4, ett\u00e4 maailman suurin <a class=\"data-link\" data-org-href=\"https:\/\/www.vietnam.vn\/fi\/category\/kinh-te\" href=\"https:\/\/www.vietnam.vn\/fi\/category\/kinh-te\" title=\"talous\" target=\"_blank\" rel=\"nofollow noopener\">talous<\/a> osoittaa v\u00e4hemm\u00e4n suotuisia merkkej\u00e4.<\/p>\n<p> Yhdysvaltojen ja <a class=\"data-link\" data-org-href=\"https:\/\/www.vietnam.vn\/fi\/tag\/iran\" href=\"https:\/\/www.vietnam.vn\/fi\/tag\/iran\" title=\"Iran\" target=\"_blank\" rel=\"nofollow noopener\">Iranin<\/a> v\u00e4lisen konfliktin nyt jatkuessa kuudetta kuukauttaan ja \u00f6ljyn hinnan ollessa noin 25 % korkeampi kuin ennen konfliktin alkua, markkinat odottavat edelleen Fedin koronnostoa joulukuun lopussa. Viime kuussa Fedin p\u00e4\u00e4johtaja Kevin Warsh toisti sitoutumisensa inflaation palauttamiseen kahden prosentin tavoitteeseen yli viiden vuoden ajan pidetty\u00e4\u00e4n sit\u00e4 kyseisen tason yl\u00e4puolella, mutta ei esitt\u00e4nyt erityist\u00e4 toimintasuunnitelmaa.<\/p>\n<p> Elokuun 12.\u201317. p\u00e4iv\u00e4n\u00e4 tehdyss\u00e4 kyselyss\u00e4 94 104:st\u00e4 ekonomistista eli 90 % ennusti, ett\u00e4 Fed pit\u00e4isi ohjauskorot ennallaan 3,50\u20133,75 prosentissa 15.\u201316. syyskuuta pidett\u00e4v\u00e4ss\u00e4 kokouksessaan. T\u00e4m\u00e4 prosenttiosuus on yleisesti ottaen samansuuntainen kuin edellisen kuukauden kyselyn tulokset. <\/p>\n<p> HSBC:n yhdysvaltalainen ekonomisti uskoo, ett\u00e4 nykyinen keskustelu py\u00f6rii p\u00e4\u00e4asiassa Fedin korkojen noston mahdollisuuden ymp\u00e4rill\u00e4. Asiantuntijan mukaan hein\u00e4kuun inflaatioluvut eiv\u00e4t olleet suuria yll\u00e4tyksi\u00e4, kun taas viimeisimm\u00e4t taloudellisen aktiviteetin tiedot osoittavat joitakin hidastumisen merkkej\u00e4. T\u00e4m\u00e4 kehitys voi johtaa siihen, ett\u00e4 monet Fedin virkamiehet omaksuvat odottavan l\u00e4hestymistavan sen sijaan, ett\u00e4 he v\u00e4litt\u00f6m\u00e4sti ajaisivat koronnostoa.<\/p>\n<p> Santander US Capital Marketsin ekonomistit uskovat, ett\u00e4 keskuspankin virkamiesten v\u00e4linen keskustelu ensi kuun kokouksessa riippuu t\u00e4ysin inflaation\u00e4kymist\u00e4. Ennen syyskuun Fedin kokousta keskuspankki saa henkil\u00f6kohtaisen kulutuksen (PCE) hintaindeksitiedot ja uusimman ty\u00f6llisyysraportin.<\/p>\n<p class=\"mb-0\"> L\u00e4hde: https:\/\/baotintuc.vn\/thi-truong-tien-te\/fed-nhieu-kha-nang-giu-nguyen-lai-suat-cho-den-het-nam-2026-20260817211917252.htm<\/p>\n","protected":false},"excerpt":{"rendered":"Yhdysvaltain keskuspankin (Fed) p\u00e4\u00e4maja Washington DC:ss\u00e4. Kuva: Kyodo\/VNA Markkinat ovat nyt l\u00e4hes v\u00e4\u00e4ristyneet siihen suuntaan, ett\u00e4 Fed pit\u00e4isi&hellip;\n","protected":false},"author":2,"featured_media":326936,"comment_status":"","ping_status":"","sticky":false,"template":"","format":"standard","meta":{"footnotes":"","_share_on_mastodon":"0"},"categories":[76],"tags":[79,77,4668,33,31,30,2458,32,78,6475],"class_list":["post-326935","post","type-post","status-publish","format-standard","has-post-thumbnail","category-talous","tag-business","tag-economy","tag-fed","tag-fi","tag-finland","tag-finnish","tag-korko","tag-suomi","tag-talous","tag-yhdysvaltain-keskuspankki"],"share_on_mastodon":{"url":"https:\/\/pubeurope.com\/@fi\/117111671643833751","error":""},"_links":{"self":[{"href":"https:\/\/www.europesays.com\/fi\/wp-json\/wp\/v2\/posts\/326935","targetHints":{"allow":["GET"]}}],"collection":[{"href":"https:\/\/www.europesays.com\/fi\/wp-json\/wp\/v2\/posts"}],"about":[{"href":"https:\/\/www.europesays.com\/fi\/wp-json\/wp\/v2\/types\/post"}],"author":[{"embeddable":true,"href":"https:\/\/www.europesays.com\/fi\/wp-json\/wp\/v2\/users\/2"}],"replies":[{"embeddable":true,"href":"https:\/\/www.europesays.com\/fi\/wp-json\/wp\/v2\/comments?post=326935"}],"version-history":[{"count":0,"href":"https:\/\/www.europesays.com\/fi\/wp-json\/wp\/v2\/posts\/326935\/revisions"}],"wp:featuredmedia":[{"embeddable":true,"href":"https:\/\/www.europesays.com\/fi\/wp-json\/wp\/v2\/media\/326936"}],"wp:attachment":[{"href":"https:\/\/www.europesays.com\/fi\/wp-json\/wp\/v2\/media?parent=326935"}],"wp:term":[{"taxonomy":"category","embeddable":true,"href":"https:\/\/www.europesays.com\/fi\/wp-json\/wp\/v2\/categories?post=326935"},{"taxonomy":"post_tag","embeddable":true,"href":"https:\/\/www.europesays.com\/fi\/wp-json\/wp\/v2\/tags?post=326935"}],"curies":[{"name":"wp","href":"https:\/\/api.w.org\/{rel}","templated":true}]}}