{"id":326947,"date":"2026-08-17T16:22:13","date_gmt":"2026-08-17T16:22:13","guid":{"rendered":"https:\/\/www.europesays.com\/fi\/326947\/"},"modified":"2026-08-17T16:22:13","modified_gmt":"2026-08-17T16:22:13","slug":"fed-ei-valttamatta-muuta-korkoja-syyskuun-2026-kokouksessaan","status":"publish","type":"post","link":"https:\/\/www.europesays.com\/fi\/326947\/","title":{"rendered":"Fed ei v\u00e4ltt\u00e4m\u00e4tt\u00e4 muuta korkoja syyskuun 2026 kokouksessaan."},"content":{"rendered":"<p> Viimeaikaiset tiedot osoittavat, ett\u00e4 Yhdysvaltojen v\u00e4hitt\u00e4ismyynti laski ensimm\u00e4ist\u00e4 kertaa yhdeks\u00e4\u00e4n kuukauteen, mik\u00e4 lis\u00e4\u00e4 todenn\u00e4k\u00f6isyytt\u00e4, ett\u00e4 keskuspankki (Fed) pit\u00e4\u00e4 korot ennallaan ensi kuussa. Markkinat ovat jo ottaneet huomioon mahdolliset korkojen nousut Euroopassa ja <a class=\"data-link\" data-org-href=\"https:\/\/www.vietnam.vn\/fi\/tag\/nhat-ban\" href=\"https:\/\/www.vietnam.vn\/fi\/tag\/nhat-ban\" title=\"Japani\" target=\"_blank\" rel=\"nofollow noopener\">Japanissa<\/a> .<\/p>\n<p> Goldman Sachsin mukaan markkinat arvioivat mahdollisuutta, ett\u00e4 keskuspankki Fed nostaa korkoja liian korkeiksi, vaikka inflaatio maailman suurimmassa <a class=\"data-link\" data-org-href=\"https:\/\/www.vietnam.vn\/fi\/category\/kinh-te\" href=\"https:\/\/www.vietnam.vn\/fi\/category\/kinh-te\" title=\"talous\" target=\"_blank\" rel=\"nofollow noopener\">taloudessa<\/a> onkin j\u00e4\u00e4htym\u00e4ss\u00e4.<\/p>\n<p> Investointipankin p\u00e4\u00e4ekonomisti Jan Hatzius uskoo, ett\u00e4 Fedin korkojen noston todenn\u00e4k\u00f6isyys syyskuun kokouksessaan on &#8221;eritt\u00e4in pieni&#8221; heikomman v\u00e4hitt\u00e4ismyynnin, pettymyst\u00e4 her\u00e4tt\u00e4vien ty\u00f6llisyyslukujen ja hidastuvan inflaation vuoksi. Todenn\u00e4k\u00f6isimpien talousennusteiden perusteella Goldman Sachs ennustaa, ett\u00e4 inflaation odotetaan pikemminkin paranevan kuin heikkenev\u00e4n loppuvuoden ajan.<\/p>\n<p> Bloombergin kokoamien tietojen mukaan kauppiaat ovat siirt\u00e4neet Fedin seuraavan 0,25 prosenttiyksik\u00f6n koronnoston odotettua ajankohtaa tammikuuhun 2027 sen sijaan, ett\u00e4 edellisen viikon joulukuun 2026 korotuksesta olisi odotettu vakaasti. Vaikka kiristymisodotukset ovat hellitt\u00e4neet, Goldman Sachs uskoo, ett\u00e4 t\u00e4ll\u00e4 korjaavalla trendill\u00e4 on viel\u00e4 tilaa jatkua.<\/p>\n<p> Bank of American analyytikot suhtautuvat Fedin koronnostojen todenn\u00e4k\u00f6isyyteen markkinatunnelmaan verrattuna varovaisemmin. He ennustavat nelj\u00e4\u00e4 koronnostoa t\u00e4m\u00e4n vuoden syyskuun ja ensi vuoden hein\u00e4kuun v\u00e4lisen\u00e4 aikana, jolloin ohjauskorko olisi 2 prosenttia.<\/p>\n<p> Aasian kaupank\u00e4ynniss\u00e4 17. elokuuta Yhdysvaltain dollari heikkeni useita valuuttoja vastaan, kun kauppiaat pohtivat uusia n\u00e4k\u00f6kulmia rahapolitiikan tulevaisuuteen. Samaan aikaan jeni nousi hieman, kun yh\u00e4 useammat kauppiaat spekuloivat japanilaisten p\u00e4\u00e4tt\u00e4jien kiihdytt\u00e4v\u00e4n korkojen nostoja.<\/p>\n<p> Uudet tiedot Japanin odotettua hitaammasta talouskasvusta eiv\u00e4t juurikaan vaikuttaneet markkinoihin.<\/p>\n<p class=\"mb-0\"> L\u00e4hde: https:\/\/vtv.vn\/fed-co-the-chua-thay-doi-lai-suat-trong-cuoc-hop-thang-9-2026-100260817191413204.htm<\/p>\n","protected":false},"excerpt":{"rendered":"Viimeaikaiset tiedot osoittavat, ett\u00e4 Yhdysvaltojen v\u00e4hitt\u00e4ismyynti laski ensimm\u00e4ist\u00e4 kertaa yhdeks\u00e4\u00e4n kuukauteen, mik\u00e4 lis\u00e4\u00e4 todenn\u00e4k\u00f6isyytt\u00e4, ett\u00e4 keskuspankki (Fed) pit\u00e4\u00e4&hellip;\n","protected":false},"author":2,"featured_media":326948,"comment_status":"","ping_status":"","sticky":false,"template":"","format":"standard","meta":{"footnotes":"","_share_on_mastodon":"0"},"categories":[76],"tags":[79,77,4668,33,31,30,27908,2458,38760,32,78],"class_list":["post-326947","post","type-post","status-publish","format-standard","has-post-thumbnail","category-talous","tag-business","tag-economy","tag-fed","tag-fi","tag-finland","tag-finnish","tag-goldman-sachs","tag-korko","tag-nostaa-korkoja","tag-suomi","tag-talous"],"share_on_mastodon":{"url":"https:\/\/pubeurope.com\/@fi\/117111773595484303","error":""},"_links":{"self":[{"href":"https:\/\/www.europesays.com\/fi\/wp-json\/wp\/v2\/posts\/326947","targetHints":{"allow":["GET"]}}],"collection":[{"href":"https:\/\/www.europesays.com\/fi\/wp-json\/wp\/v2\/posts"}],"about":[{"href":"https:\/\/www.europesays.com\/fi\/wp-json\/wp\/v2\/types\/post"}],"author":[{"embeddable":true,"href":"https:\/\/www.europesays.com\/fi\/wp-json\/wp\/v2\/users\/2"}],"replies":[{"embeddable":true,"href":"https:\/\/www.europesays.com\/fi\/wp-json\/wp\/v2\/comments?post=326947"}],"version-history":[{"count":0,"href":"https:\/\/www.europesays.com\/fi\/wp-json\/wp\/v2\/posts\/326947\/revisions"}],"wp:featuredmedia":[{"embeddable":true,"href":"https:\/\/www.europesays.com\/fi\/wp-json\/wp\/v2\/media\/326948"}],"wp:attachment":[{"href":"https:\/\/www.europesays.com\/fi\/wp-json\/wp\/v2\/media?parent=326947"}],"wp:term":[{"taxonomy":"category","embeddable":true,"href":"https:\/\/www.europesays.com\/fi\/wp-json\/wp\/v2\/categories?post=326947"},{"taxonomy":"post_tag","embeddable":true,"href":"https:\/\/www.europesays.com\/fi\/wp-json\/wp\/v2\/tags?post=326947"}],"curies":[{"name":"wp","href":"https:\/\/api.w.org\/{rel}","templated":true}]}}