{"id":326963,"date":"2026-08-17T16:49:14","date_gmt":"2026-08-17T16:49:14","guid":{"rendered":"https:\/\/www.europesays.com\/fi\/326963\/"},"modified":"2026-08-17T16:49:14","modified_gmt":"2026-08-17T16:49:14","slug":"the-telegraph-venaja-on-rakentanut-salaisia-droonitukikohtia-iskut-niilta-yltaisivat-varsovaan-saakka-uutiset","status":"publish","type":"post","link":"https:\/\/www.europesays.com\/fi\/326963\/","title":{"rendered":"The Telegraph: Ven\u00e4j\u00e4 on rakentanut salaisia drooni\u00adtuki\u00adkohtia \u2013 iskut niilt\u00e4 ylt\u00e4isiv\u00e4t Varsovaan saakka | Uutiset"},"content":{"rendered":"<p class=\"aw__sc-1qwuw0s-0 aw__sc-1vg2sqm-0 epAWpq ecELkD yle__article__paragraph\">Brittil\u00e4isen Telegraphin selvityksen mukaan ven\u00e4l\u00e4iset droonit ylt\u00e4v\u00e4t uusista tukikohdista Varsovaan saakka. My\u00f6s etel\u00e4inen Suomi on kantaman p\u00e4\u00e4ss\u00e4.<\/p>\n<p><img decoding=\"async\" alt=\"Satelliittikuva 6.7.2026 Asovitsa\/A\u0161elokin alueesta.\" src=\"https:\/\/www.europesays.com\/fi\/wp-content\/uploads\/2026\/08\/1786968105.jpeg\" class=\"aw__sc-dklauk-0 LPzKX\"\/><\/p>\n<p>Avaa kuvien katselu<\/p>\n<p>Kuva: Juha Rissanen \/ Yle, l\u00e4hde: Telegraph, Planet Labs PBC<\/p>\n<ul class=\"aw__sc-1yb43iq-0 gFXHv yle__article__list yle__article__list--ul\">\n<li class=\"aw__sc-1yb43iq-1 gVAzbt\">Telegraph-lehti on paljastanut 59 uutta ven\u00e4l\u00e4ist\u00e4 droonien laukaisukiskoa satelliittikuvien avulla.<\/li>\n<li class=\"aw__sc-1yb43iq-1 gVAzbt\">20 kiskoa on pidennetty\u00e4 mallia pitk\u00e4n kantaman drooneja varten.<\/li>\n<li class=\"aw__sc-1yb43iq-1 gVAzbt\">Tukikohdat ovat Ukrainan tuntumassa. Niit\u00e4 on k\u00e4ytetty Kiovan tulittamiseen.<\/li>\n<li class=\"aw__sc-1yb43iq-1 gVAzbt\">Osa kantaa Varsovaan ja Etel\u00e4-Suomeen.<\/li>\n<\/ul>\n<p class=\"aw__sc-1qwuw0s-0 aw__sc-ngllmo-0 epAWpq fzYpjk yle__article__paragraph\">Ven\u00e4j\u00e4 on brittilehti <a class=\"aw__sc-ngllmo-1 bTDnwX yle__article__link\" href=\"https:\/\/www.telegraph.co.uk\/gift\/0a3902a268e22f98\" role=\"link\" rel=\"nofollow noopener\" target=\"_blank\">Telegraphin<\/a> mukaan rakentanut salaisia \u200b\u200btukikohtia, joista kyett\u00e4isiin laukaisemaan tehokkaita drooneja syv\u00e4lle Naton alueelle.<\/p>\n<p class=\"aw__sc-1qwuw0s-0 aw__sc-ngllmo-0 epAWpq fzYpjk yle__article__paragraph\">Telegraphille vuodetun asiakirjan sek\u00e4 sateellittikuvien avulla on kyetty tunnistamaan ainakin 59 uutta droonien laukaisukiskoa, joita k\u00e4ytet\u00e4\u00e4n kiinte\u00e4siipisten droonien l\u00e4hett\u00e4miseksi taivaalle.<\/p>\n<p class=\"aw__sc-1qwuw0s-0 aw__sc-ngllmo-0 epAWpq fzYpjk yle__article__paragraph\">Droonitiedusteluyrityksen, DroneSecin analysoimat kuvat paljastavat, ett\u00e4 20 uusista kiskoista on pidennetty\u00e4 mallia, mik\u00e4 viittaa siihen, ett\u00e4 niilt\u00e4 voidaan laukaista Ven\u00e4j\u00e4n uusimpia pitk\u00e4n kantaman hy\u00f6kk\u00e4ysdrooneja.<\/p>\n<p class=\"aw__sc-1qwuw0s-0 aw__sc-ngllmo-0 epAWpq fzYpjk yle__article__paragraph\">Ven\u00e4j\u00e4 on kehitt\u00e4nyt iranilaista Shaheed-lennokkia niin, ett\u00e4 tietyt versiot pystyv\u00e4t saavuttamaan tuhannen kilometrin p\u00e4\u00e4ss\u00e4 olevat kohteet.<\/p>\n<p><img decoding=\"async\" alt=\"Vaurioitunut Shahed drooni maassa.\" src=\"https:\/\/www.europesays.com\/fi\/wp-content\/uploads\/2026\/08\/1776326192.jpeg\" loading=\"lazy\" class=\"aw__sc-dklauk-0 LPzKX\"\/><\/p>\n<p>Avaa kuvien katselu<\/p>\n<p>Ven\u00e4l\u00e4inen drooni kuvattuna Ukrainan Harkovassa. Kuva: Andreas Stroh\/ AOPT\u00e4ht\u00e4imess\u00e4 Ukraina<\/p>\n<p class=\"aw__sc-1qwuw0s-0 aw__sc-ngllmo-0 epAWpq fzYpjk yle__article__paragraph\">Paljastuneet droonitukikohdat sijaitsevat Ukrainan tuntumassa. Oheinen kartta osoittaa niiden paikat:<\/p>\n<p><img decoding=\"async\" alt=\"Kartta paikoista, joissa Ven\u00e4j\u00e4 kasvattaa drone- ja dronelaukaisukapasiteettiaan.\" src=\"https:\/\/www.europesays.com\/fi\/wp-content\/uploads\/2026\/08\/1786968494.jpeg\" loading=\"lazy\" class=\"aw__sc-dklauk-0 LPzKX\"\/><\/p>\n<p>Avaa kuvien katselu<\/p>\n<p>Kuva: Juha Rissanen \/ Yle, l\u00e4hde: Telegraph, Openstreetmap, Mapcreator<\/p>\n<p class=\"aw__sc-1qwuw0s-0 aw__sc-ngllmo-0 epAWpq fzYpjk yle__article__paragraph\">Droonitukikohdissa on varastotiloja jopa tuhannelle droonille kerrallaan.<\/p>\n<p><img decoding=\"async\" alt=\"Satelliittikuva 28.7.2025 Kursk\/Halinon lentokent\u00e4st\u00e4.\" src=\"https:\/\/www.europesays.com\/fi\/wp-content\/uploads\/2026\/08\/1786968093.jpeg\" class=\"aw__sc-dklauk-0 LPzKX\"\/><img decoding=\"async\" alt=\"Satelliittikuva 11.8.2026 Kursk\/Halinon lentokent\u00e4st\u00e4.\" src=\"https:\/\/www.europesays.com\/fi\/wp-content\/uploads\/2026\/08\/1786968099.jpeg\" class=\"aw__sc-dklauk-0 LPzKX\"\/>Kuvista vasemmanpuoleinen on kuvattu 28.7.2025 ja oikeanpuoleinen 11.8.2026. Kuvat: Juha Rissanen \/ Yle, l\u00e4hde: Telegraph, Planet Labs PBC (vasen), Juha Rissanen \/ Yle, l\u00e4hde: Telegraph, Planet Labs PBC (oikea)<\/p>\n<p class=\"aw__sc-1qwuw0s-0 aw__sc-ngllmo-0 epAWpq fzYpjk yle__article__paragraph\">Osa sijaitsee sotilastukikohdissa, osa siviililentokentill\u00e4, mutta niit\u00e4 on rakennettu my\u00f6s Ven\u00e4j\u00e4n maaseudulle.<\/p>\n<p class=\"aw__sc-1qwuw0s-0 aw__sc-ngllmo-0 epAWpq fzYpjk yle__article__paragraph\">Suhteellisen lyhyt v\u00e4limatka Ukrainaan vaikeuttaa Ukrainan armeijan torjuntayrityksi\u00e4. Lis\u00e4ksi kehittyneimm\u00e4t droonit pystyv\u00e4t lent\u00e4m\u00e4\u00e4n niin kovaa, ett\u00e4 ne voivat v\u00e4ltty\u00e4 ilmatorjuntatulelta.<\/p>\n<p class=\"aw__sc-1qwuw0s-0 aw__sc-ngllmo-0 epAWpq fzYpjk yle__article__paragraph\">Lehden mukaan avoimeen l\u00e4hdekoodiin perustuvat seurantatiedot osoittavat, ett\u00e4 tukikohdista seitsem\u00e4\u00e4 kymmenest\u00e4 on k\u00e4ytetty Ukrainan p\u00e4\u00e4kaupungin tulittamiseen hiljattain.<\/p>\n<p class=\"aw__sc-1qwuw0s-0 aw__sc-ngllmo-0 epAWpq fzYpjk yle__article__paragraph\">Lehden haastattelemien analyytikoiden mukaan aseet voitaisiin tarvittaessa k\u00e4\u00e4nt\u00e4\u00e4 my\u00f6s Eurooppaa vastaan. Osa paljastuneista tukikohdista sijaitsee asemissa, joista drooneja voitaisiin laukaista aina Puolan p\u00e4\u00e4kaupunkiin Varsovaan saakka.<\/p>\n<p class=\"aw__sc-1qwuw0s-0 aw__sc-ngllmo-0 epAWpq fzYpjk yle__article__paragraph\">My\u00f6s etel\u00e4inen Suomi on niiden kantaman p\u00e4\u00e4ss\u00e4.<\/p>\n<p><img decoding=\"async\" alt=\"Kartalla Geran-5\/Shahed droonien 1000 km:n kantama Ven\u00e4j\u00e4n l\u00e4nsiosista Eurooppaan p\u00e4in.\" src=\"https:\/\/www.europesays.com\/fi\/wp-content\/uploads\/2026\/08\/1786967790.jpeg\" loading=\"lazy\" class=\"aw__sc-dklauk-0 LPzKX\"\/><\/p>\n<p>Avaa kuvien katselu<\/p>\n<p>Kuva: Harri V\u00e4h\u00e4kangas \/ Yle, MapCreator, OpenStreetMap<img decoding=\"async\" alt=\"Satelliittikuva 16.8.2025 Asovitsa\/A\u0161elokin alueesta.\" src=\"https:\/\/www.europesays.com\/fi\/wp-content\/uploads\/2026\/08\/1786985354_494_1786968105.jpeg\" class=\"aw__sc-dklauk-0 LPzKX\"\/><img decoding=\"async\" alt=\"Satelliittikuva 6.7.2026 Asovitsa\/A\u0161elokin alueesta.\" src=\"https:\/\/www.europesays.com\/fi\/wp-content\/uploads\/2026\/08\/1786968105.jpeg\" class=\"aw__sc-dklauk-0 LPzKX\"\/>Kuvista vasemmanpuoleinen on kuvattu 16.8.2025 ja oikeanpuoleinen 6.7.2026 Kuvat: Juha Rissanen \/ Yle, l\u00e4hde: Telegraph, Planet Labs PBC (vasen), Juha Rissanen \/ Yle, l\u00e4hde: Telegraph, Planet Labs PBC (oikea)<\/p>\n<p class=\"aw__sc-1qwuw0s-0 aw__sc-ngllmo-0 epAWpq fzYpjk yle__article__paragraph\">Er\u00e4\u00e4t tiedusteluviranomaiset uskovat, ett\u00e4 Ven\u00e4j\u00e4 saattaisi harkita provokaatiota juuri Puolan maaper\u00e4ll\u00e4. Yhdess\u00e4 skenaariossa ven\u00e4l\u00e4iset hy\u00f6kk\u00e4isiv\u00e4t drooneilla kriittist\u00e4 infrastruktuuria vastaan niin, ett\u00e4 se n\u00e4ytt\u00e4isi ukrainalaisten tekem\u00e4lt\u00e4.<\/p>\n<p class=\"aw__sc-1qwuw0s-0 aw__sc-ngllmo-0 epAWpq fzYpjk yle__article__paragraph\">Ei ole viitteit\u00e4 siit\u00e4, ett\u00e4 Ven\u00e4j\u00e4 suunnittelisi t\u00e4llaista hy\u00f6kk\u00e4yst\u00e4, mutta Naton johtajat ovat kertoneet valmistautuvansa yhteenottoon Ven\u00e4j\u00e4n kanssa l\u00e4hivuosina.<\/p>\n","protected":false},"excerpt":{"rendered":"Brittil\u00e4isen Telegraphin selvityksen mukaan ven\u00e4l\u00e4iset droonit ylt\u00e4v\u00e4t uusista tukikohdista Varsovaan saakka. My\u00f6s etel\u00e4inen Suomi on kantaman p\u00e4\u00e4ss\u00e4. Avaa&hellip;\n","protected":false},"author":2,"featured_media":326964,"comment_status":"","ping_status":"","sticky":false,"template":"","format":"standard","meta":{"footnotes":"","_share_on_mastodon":"0"},"categories":[14],"tags":[804,22,23,759,26,27,33,31,30,17,24,25,28,29,2579,15,18,21,41066,10889,32,19,20,1303,5914,56,16,40863,547,19504,987,59,60,61],"class_list":["post-326963","post","type-post","status-publish","format-standard","has-post-thumbnail","category-ulkomaat","tag-aseelliset-konfliktit","tag-breaking-news","tag-breakingnews","tag-droonit","tag-featured-news","tag-featurednews","tag-fi","tag-finland","tag-finnish","tag-headlines","tag-latest-news","tag-latestnews","tag-main-news","tag-mainnews","tag-nato","tag-news","tag-otsikot","tag-paauutiset","tag-seurantatiedot","tag-sotilastukikohdat","tag-suomi","tag-top-stories","tag-topstories","tag-ukraina","tag-ukrainan-asevoimat","tag-ulkomaat","tag-uutiset","tag-uutisia-lyhyesti","tag-venaja","tag-venajan-asevoimat","tag-venajan-hyokkays","tag-world","tag-world-news","tag-worldnews"],"share_on_mastodon":{"url":"","error":"Validation failed: Text character limit of 500 exceeded"},"_links":{"self":[{"href":"https:\/\/www.europesays.com\/fi\/wp-json\/wp\/v2\/posts\/326963","targetHints":{"allow":["GET"]}}],"collection":[{"href":"https:\/\/www.europesays.com\/fi\/wp-json\/wp\/v2\/posts"}],"about":[{"href":"https:\/\/www.europesays.com\/fi\/wp-json\/wp\/v2\/types\/post"}],"author":[{"embeddable":true,"href":"https:\/\/www.europesays.com\/fi\/wp-json\/wp\/v2\/users\/2"}],"replies":[{"embeddable":true,"href":"https:\/\/www.europesays.com\/fi\/wp-json\/wp\/v2\/comments?post=326963"}],"version-history":[{"count":0,"href":"https:\/\/www.europesays.com\/fi\/wp-json\/wp\/v2\/posts\/326963\/revisions"}],"wp:featuredmedia":[{"embeddable":true,"href":"https:\/\/www.europesays.com\/fi\/wp-json\/wp\/v2\/media\/326964"}],"wp:attachment":[{"href":"https:\/\/www.europesays.com\/fi\/wp-json\/wp\/v2\/media?parent=326963"}],"wp:term":[{"taxonomy":"category","embeddable":true,"href":"https:\/\/www.europesays.com\/fi\/wp-json\/wp\/v2\/categories?post=326963"},{"taxonomy":"post_tag","embeddable":true,"href":"https:\/\/www.europesays.com\/fi\/wp-json\/wp\/v2\/tags?post=326963"}],"curies":[{"name":"wp","href":"https:\/\/api.w.org\/{rel}","templated":true}]}}