{"id":326983,"date":"2026-08-17T17:17:14","date_gmt":"2026-08-17T17:17:14","guid":{"rendered":"https:\/\/www.europesays.com\/fi\/326983\/"},"modified":"2026-08-17T17:17:14","modified_gmt":"2026-08-17T17:17:14","slug":"uusi-kaanne-kontulan-puukotuksessa","status":"publish","type":"post","link":"https:\/\/www.europesays.com\/fi\/326983\/","title":{"rendered":"Uusi k\u00e4\u00e4nne Kontulan puukotuksessa"},"content":{"rendered":"<p>Kontulassa tapahtuneen noin 80-vuotiaan naisen puukotuksen esitutkinta pitkittyy, sill\u00e4 ep\u00e4ilty helsinkil\u00e4inen mies on m\u00e4\u00e4r\u00e4tty mielentilatutkimukseen.<\/p>\n<p class=\"paragraph\">Kontulassa tapahtuneen noin 80-vuotiaan naisen puukotustapauksen tutkinta ven\u00e4ht\u00e4\u00e4, sill\u00e4 syytteen nostamisen m\u00e4\u00e4r\u00e4aikaa on lyk\u00e4tty. Syyte on nostettava helmikuun loppuun menness\u00e4.<\/p>\n<p class=\"paragraph\">Syy lykk\u00e4ykselle on se, ett\u00e4 Helsingin k\u00e4r\u00e4j\u00e4oikeus on m\u00e4\u00e4r\u00e4nnyt ep\u00e4illyn 66-vuotiaan miehen viime viikon keskiviikkona mielentilatutkimukseen, kertoo tutkinnanjohtaja, rikoskomisario <strong>Juha Piippo<\/strong>.<\/p>\n<p class=\"paragraph\">Piipon mukaan tapauksen esitutkinta on edennyt, mutta se on edelleen kesken.<\/p>\n<p class=\"paragraph\">\u2013 Tietysti t\u00e4m\u00e4, ett\u00e4 k\u00e4r\u00e4j\u00e4oikeus m\u00e4\u00e4r\u00e4si mielentilatutkimuksen kesken esitutkinnan, my\u00f6skin pitkitt\u00e4\u00e4 koko esitutkintaprosessia. Siihen menee monta kuukautta, Piippo kommentoi.<\/p>\n<p class=\"paragraph\">Ep\u00e4ilty\u00e4 miest\u00e4 on kuulusteltu, h\u00e4n on tunnustanut tekonsa ja ollut Piipon mukaan yhteisty\u00f6haluinen.<\/p>\n<p class=\"paragraph\">Piippo ei t\u00e4ss\u00e4 vaiheessa esitutkintaa kommentoi rikoksen motiivia tai sit\u00e4, hakiko mies uhrikseen naista tai erityisesti i\u00e4k\u00e4st\u00e4 naista. T\u00e4ll\u00e4 hetkell\u00e4 n\u00e4ytt\u00e4\u00e4 Piipon mukaan kuitenkin silt\u00e4, ett\u00e4 uhri on valikoitunut t\u00e4ysin sattumalta.<\/p>\n<p>T\u00e4m\u00e4 tapauksesta tiedet\u00e4\u00e4n<img decoding=\"async\" class=\"image image-show image-preview\" src=\"https:\/\/www.europesays.com\/fi\/wp-content\/uploads\/2026\/08\/26163e5be233a66666f9572e319772292a55b3f4cdf99fc85f6c4310e8f77d76.jpg\" alt=\"\"\/><img decoding=\"async\" class=\"image image-show\" src=\"https:\/\/www.europesays.com\/fi\/wp-content\/uploads\/2026\/08\/1786987034_801_26163e5be233a66666f9572e319772292a55b3f4cdf99fc85f6c4310e8f77d76.jpg\" alt=\"\"\/><\/p>\n<p>Kontulan puukotuksen uhria muistettiin kukin ja kynttil\u00f6in metroasemalla. Miia Sir\u00e9n<\/p>\n<p class=\"paragraph\">Poliisi sai tiedon Kontulan metroasemalla tapahtuneesta veriteosta noin kello 11.30 lauantaina 18. hein\u00e4kuuta.<\/p>\n<p class=\"paragraph\">66-vuotiaan helsinkil\u00e4isen miehen tiedet\u00e4\u00e4n puukottaneen sattumanvaraisesti valikoitunutta uhria yll\u00e4tt\u00e4en useita kertoja. Uhri kuoli saamiinsa vammoihin tapahtumapaikalla.<\/p>\n<p class=\"paragraph\">Puukotus ja puukottaja tallentuivat valvontakameravideoihin.<\/p>\n<p class=\"paragraph\">Teon j\u00e4lkeen mies poistui Kontulasta metrolla Mellunm\u00e4keen. H\u00e4net otettiin kiinni julkiselta paikalta kotinsa l\u00e4helt\u00e4. Poliisin mukaan kiinniotto sujui rauhallisesti.<\/p>\n<p class=\"paragraph\">Taposta ep\u00e4illyll\u00e4 miehell\u00e4 ei ole rikostaustaa kymmenen viime vuoden ajalta. Miehen naapurit kuvailivat miest\u00e4 yst\u00e4v\u00e4lliseksi ja tavalliseksi mieheksi, joka ei ole aiheuttanut h\u00e4iri\u00f6it\u00e4.<\/p>\n","protected":false},"excerpt":{"rendered":"Kontulassa tapahtuneen noin 80-vuotiaan naisen puukotuksen esitutkinta pitkittyy, sill\u00e4 ep\u00e4ilty helsinkil\u00e4inen mies on m\u00e4\u00e4r\u00e4tty mielentilatutkimukseen. Kontulassa tapahtuneen noin&hellip;\n","protected":false},"author":2,"featured_media":326984,"comment_status":"","ping_status":"","sticky":false,"template":"","format":"standard","meta":{"footnotes":"","_share_on_mastodon":"0"},"categories":[5],"tags":[22,23,26,27,33,31,30,17,55,53,24,25,28,29,15,18,21,54,52,38,32,19,20,16,4447],"class_list":["post-326983","post","type-post","status-publish","format-standard","has-post-thumbnail","category-otsikot","tag-breaking-news","tag-breakingnews","tag-featured-news","tag-featurednews","tag-fi","tag-finland","tag-finnish","tag-headlines","tag-lainvalvonta","tag-laki-oikeus-ja-rikos","tag-latest-news","tag-latestnews","tag-main-news","tag-mainnews","tag-news","tag-otsikot","tag-paauutiset","tag-pelastuspalvelut","tag-poliisi","tag-rikos","tag-suomi","tag-top-stories","tag-topstories","tag-uutiset","tag-viikko"],"share_on_mastodon":{"url":"https:\/\/pubeurope.com\/@fi\/117111989716261675","error":""},"_links":{"self":[{"href":"https:\/\/www.europesays.com\/fi\/wp-json\/wp\/v2\/posts\/326983","targetHints":{"allow":["GET"]}}],"collection":[{"href":"https:\/\/www.europesays.com\/fi\/wp-json\/wp\/v2\/posts"}],"about":[{"href":"https:\/\/www.europesays.com\/fi\/wp-json\/wp\/v2\/types\/post"}],"author":[{"embeddable":true,"href":"https:\/\/www.europesays.com\/fi\/wp-json\/wp\/v2\/users\/2"}],"replies":[{"embeddable":true,"href":"https:\/\/www.europesays.com\/fi\/wp-json\/wp\/v2\/comments?post=326983"}],"version-history":[{"count":0,"href":"https:\/\/www.europesays.com\/fi\/wp-json\/wp\/v2\/posts\/326983\/revisions"}],"wp:featuredmedia":[{"embeddable":true,"href":"https:\/\/www.europesays.com\/fi\/wp-json\/wp\/v2\/media\/326984"}],"wp:attachment":[{"href":"https:\/\/www.europesays.com\/fi\/wp-json\/wp\/v2\/media?parent=326983"}],"wp:term":[{"taxonomy":"category","embeddable":true,"href":"https:\/\/www.europesays.com\/fi\/wp-json\/wp\/v2\/categories?post=326983"},{"taxonomy":"post_tag","embeddable":true,"href":"https:\/\/www.europesays.com\/fi\/wp-json\/wp\/v2\/tags?post=326983"}],"curies":[{"name":"wp","href":"https:\/\/api.w.org\/{rel}","templated":true}]}}