{"id":327189,"date":"2026-08-17T23:22:16","date_gmt":"2026-08-17T23:22:16","guid":{"rendered":"https:\/\/www.europesays.com\/fi\/327189\/"},"modified":"2026-08-17T23:22:16","modified_gmt":"2026-08-17T23:22:16","slug":"jyvaskylalainen-roope-hirvonen-20-voitti-rallin-suomen-mestaruuden-urheilu","status":"publish","type":"post","link":"https:\/\/www.europesays.com\/fi\/327189\/","title":{"rendered":"Jyv\u00e4skyl\u00e4l\u00e4inen Roope Hirvonen, 20, voitti rallin Suomen mestaruuden | Urheilu"},"content":{"rendered":"<p>Jyv\u00e4skyl\u00e4l\u00e4inen <strong>Roope Hirvonen<\/strong> ja h\u00e4nen j\u00e4ms\u00e4l\u00e4inen kartanlukijansa <strong>Aleksi Marttila<\/strong> varmistivat lauantaina rallin SM3-luokan Suomen mestaruuden Kiteell\u00e4. Autokunta sijoittui luokassa toiseksi <strong>Lauri Halosen <\/strong>j\u00e4lkeen, mik\u00e4 riitti tuomaan mestaruuden jo ennen kauden viimeist\u00e4 kilpailua Porvoossa.<\/p>\n<p>Hirvonen ja Marttila ovat juhlineet kauden aikana kolmea osakilpailuvoittoa Rovaniemell\u00e4, Riihim\u00e4ell\u00e4 ja Jyv\u00e4skyl\u00e4ss\u00e4. Tasaisesti ajanut kaksikko on saavuttanut lis\u00e4ksi kolme kakkossijaa.<\/p>\n<p>Hirvonen, 20, ajaa rallin SM-sarjassa kolmatta kauttaan. Viime kaudella h\u00e4n voitti SM4-luokassa pronssia.<\/p>\n<p>Roope Hirvonen on entisen rallit\u00e4hden, muun muassa nelj\u00e4 kertaa MM-hopealle sijoittuneen <strong>Mikko Hirvosen<\/strong> poika.<\/p>\n","protected":false},"excerpt":{"rendered":"Jyv\u00e4skyl\u00e4l\u00e4inen Roope Hirvonen ja h\u00e4nen j\u00e4ms\u00e4l\u00e4inen kartanlukijansa Aleksi Marttila varmistivat lauantaina rallin SM3-luokan Suomen mestaruuden Kiteell\u00e4. Autokunta sijoittui&hellip;\n","protected":false},"author":2,"featured_media":327190,"comment_status":"","ping_status":"","sticky":false,"template":"","format":"standard","meta":{"footnotes":"","_share_on_mastodon":"0"},"categories":[5],"tags":[22,23,26,27,33,31,30,17,425,1009,24,25,41,28,29,15,18,21,620,3241,32,128,19,20,161,16],"class_list":["post-327189","post","type-post","status-publish","format-standard","has-post-thumbnail","category-otsikot","tag-breaking-news","tag-breakingnews","tag-featured-news","tag-featurednews","tag-fi","tag-finland","tag-finnish","tag-headlines","tag-jyvaskyla","tag-kitee","tag-latest-news","tag-latestnews","tag-liikunta-ja-urheilu","tag-main-news","tag-mainnews","tag-news","tag-otsikot","tag-paauutiset","tag-porvoo","tag-ralliautoilu","tag-suomi","tag-tieliikenne","tag-top-stories","tag-topstories","tag-urheilutapahtumat","tag-uutiset"],"share_on_mastodon":{"url":"https:\/\/pubeurope.com\/@fi\/117113424918131084","error":""},"_links":{"self":[{"href":"https:\/\/www.europesays.com\/fi\/wp-json\/wp\/v2\/posts\/327189","targetHints":{"allow":["GET"]}}],"collection":[{"href":"https:\/\/www.europesays.com\/fi\/wp-json\/wp\/v2\/posts"}],"about":[{"href":"https:\/\/www.europesays.com\/fi\/wp-json\/wp\/v2\/types\/post"}],"author":[{"embeddable":true,"href":"https:\/\/www.europesays.com\/fi\/wp-json\/wp\/v2\/users\/2"}],"replies":[{"embeddable":true,"href":"https:\/\/www.europesays.com\/fi\/wp-json\/wp\/v2\/comments?post=327189"}],"version-history":[{"count":0,"href":"https:\/\/www.europesays.com\/fi\/wp-json\/wp\/v2\/posts\/327189\/revisions"}],"wp:featuredmedia":[{"embeddable":true,"href":"https:\/\/www.europesays.com\/fi\/wp-json\/wp\/v2\/media\/327190"}],"wp:attachment":[{"href":"https:\/\/www.europesays.com\/fi\/wp-json\/wp\/v2\/media?parent=327189"}],"wp:term":[{"taxonomy":"category","embeddable":true,"href":"https:\/\/www.europesays.com\/fi\/wp-json\/wp\/v2\/categories?post=327189"},{"taxonomy":"post_tag","embeddable":true,"href":"https:\/\/www.europesays.com\/fi\/wp-json\/wp\/v2\/tags?post=327189"}],"curies":[{"name":"wp","href":"https:\/\/api.w.org\/{rel}","templated":true}]}}