{"id":327215,"date":"2026-08-18T00:14:12","date_gmt":"2026-08-18T00:14:12","guid":{"rendered":"https:\/\/www.europesays.com\/fi\/327215\/"},"modified":"2026-08-18T00:14:12","modified_gmt":"2026-08-18T00:14:12","slug":"vakuutuspomon-murhasta-epaillyn-luigi-mangionen-oikeudenkayntia-lykataan-uutisia-lyhyesti","status":"publish","type":"post","link":"https:\/\/www.europesays.com\/fi\/327215\/","title":{"rendered":"Vakuutuspomon murhasta ep\u00e4illyn Luigi Mangionen oikeudenk\u00e4ynti\u00e4 lyk\u00e4t\u00e4\u00e4n | Uutisia lyhyesti"},"content":{"rendered":"<p class=\"aw__sc-1qwuw0s-0 aw__sc-1vg2sqm-0 epAWpq ecELkD yle__article__paragraph\">Mangionea vastaan on nostettu syytteet liittovaltion ja osavaltion tasolla.<\/p>\n<p><img decoding=\"async\" alt=\"Luigi Mangione under en domstolsbehandling i New York.\" src=\"https:\/\/www.europesays.com\/fi\/wp-content\/uploads\/2026\/08\/1786727588.jpeg\" class=\"aw__sc-dklauk-0 LPzKX\"\/><\/p>\n<p>Avaa kuvien katselu<\/p>\n<p>Luigi Mangione tuomioistuimessa New Yorkissa 11. elokuuta. Kuva: EPA<\/p>\n<p class=\"aw__sc-1qwuw0s-0 aw__sc-ngllmo-0 epAWpq fzYpjk yle__article__paragraph\">Yhdysvalloissa tuomari on siirt\u00e4nyt terveysvakuutusyhti\u00f6n toimitusjohtajan murhasta ep\u00e4illyn <strong class=\"aw__sc-ngllmo-2 gdRrun yle__article__strong\">Luigi Mangionen<\/strong> oikeudenk\u00e4ynti\u00e4.<\/p>\n<p class=\"aw__sc-1qwuw0s-0 aw__sc-ngllmo-0 epAWpq fzYpjk yle__article__paragraph\">Mangione <a class=\"aw__sc-ngllmo-1 bTDnwX yle__article__link\" href=\"https:\/\/yle.fi\/a\/74-20241147\" role=\"link\" rel=\"nofollow noopener\" target=\"_blank\">my\u00f6nsi viime viikolla<\/a> syyllisyytens\u00e4 terveysvakuutusyhti\u00f6n toimitusjohtajan ampumistapauksessa. H\u00e4nen ep\u00e4ill\u00e4\u00e4n ampuneen UnitedHealthcaren toimitusjohtajan <strong class=\"aw__sc-ngllmo-2 gdRrun yle__article__strong\">Brian Thompsonin<\/strong> keskell\u00e4 katua New Yorkissa joulukuussa 2024.<\/p>\n<p class=\"aw__sc-1qwuw0s-0 aw__sc-ngllmo-0 epAWpq fzYpjk yle__article__paragraph\">Viime viikon k\u00e4sittely liittyi liittovaltion syytteisiin. Lis\u00e4ksi Mangionea vastaan on nostettu syytteet osavaltiotasolla.<\/p>\n<p class=\"aw__sc-1qwuw0s-0 aw__sc-ngllmo-0 epAWpq fzYpjk yle__article__paragraph\">Mangionen asianajajat ovatkin vedonneet New Yorkin osavaltion tuomaria hylk\u00e4\u00e4m\u00e4\u00e4n osavaltion syytteet. Asianajajien mukaan Mangionea ei pit\u00e4isi rangaista samasta teosta kahdesti.<\/p>\n<p class=\"aw__sc-1qwuw0s-0 aw__sc-ngllmo-0 epAWpq fzYpjk yle__article__paragraph\">Osavaltion oikeusjutun oli alun perin m\u00e4\u00e4r\u00e4 alkaa syyskuussa. Tuomari asetti nyt Mangionen jutun seuraavan k\u00e4sittelyn 10. joulukuulle.<\/p>\n<p class=\"aw__sc-1qwuw0s-0 aw__sc-ngllmo-0 epAWpq fzYpjk yle__article__paragraph\">Mangione on kiist\u00e4nyt syyllisyytens\u00e4 osavaltion syytteisiin.<\/p>\n<p class=\"aw__sc-1qwuw0s-0 aw__sc-ngllmo-0 epAWpq fzYpjk yle__article__paragraph\">Mangionen tuomio liittovaltion syytteisiin on m\u00e4\u00e4r\u00e4 julistaa 18. joulukuuta. Liittovaltion syytt\u00e4j\u00e4t hakevat h\u00e4nelle elinkautista vankeusrangaistusta. Osavaltion oikeusjutussa Mangionea uhkaa niin ik\u00e4\u00e4n elinkautinen.<\/p>\n<p class=\"aw__sc-1qwuw0s-0 aw__sc-ngllmo-0 epAWpq fzYpjk yle__article__paragraph\">L\u00e4hteet: AFP, Reuters<\/p>\n","protected":false},"excerpt":{"rendered":"Mangionea vastaan on nostettu syytteet liittovaltion ja osavaltion tasolla. Avaa kuvien katselu Luigi Mangione tuomioistuimessa New Yorkissa 11.&hellip;\n","protected":false},"author":2,"featured_media":327216,"comment_status":"","ping_status":"","sticky":false,"template":"","format":"standard","meta":{"footnotes":"","_share_on_mastodon":"0"},"categories":[5],"tags":[22,23,26,27,33,31,30,17,24,25,28,29,15,2098,1915,18,21,32,19,20,56,16,619],"class_list":["post-327215","post","type-post","status-publish","format-standard","has-post-thumbnail","category-otsikot","tag-breaking-news","tag-breakingnews","tag-featured-news","tag-featurednews","tag-fi","tag-finland","tag-finnish","tag-headlines","tag-latest-news","tag-latestnews","tag-main-news","tag-mainnews","tag-news","tag-oikeudenkaynnit","tag-oikeus","tag-otsikot","tag-paauutiset","tag-suomi","tag-top-stories","tag-topstories","tag-ulkomaat","tag-uutiset","tag-yhdysvallat"],"share_on_mastodon":{"url":"https:\/\/pubeurope.com\/@fi\/117113629348962606","error":""},"_links":{"self":[{"href":"https:\/\/www.europesays.com\/fi\/wp-json\/wp\/v2\/posts\/327215","targetHints":{"allow":["GET"]}}],"collection":[{"href":"https:\/\/www.europesays.com\/fi\/wp-json\/wp\/v2\/posts"}],"about":[{"href":"https:\/\/www.europesays.com\/fi\/wp-json\/wp\/v2\/types\/post"}],"author":[{"embeddable":true,"href":"https:\/\/www.europesays.com\/fi\/wp-json\/wp\/v2\/users\/2"}],"replies":[{"embeddable":true,"href":"https:\/\/www.europesays.com\/fi\/wp-json\/wp\/v2\/comments?post=327215"}],"version-history":[{"count":0,"href":"https:\/\/www.europesays.com\/fi\/wp-json\/wp\/v2\/posts\/327215\/revisions"}],"wp:featuredmedia":[{"embeddable":true,"href":"https:\/\/www.europesays.com\/fi\/wp-json\/wp\/v2\/media\/327216"}],"wp:attachment":[{"href":"https:\/\/www.europesays.com\/fi\/wp-json\/wp\/v2\/media?parent=327215"}],"wp:term":[{"taxonomy":"category","embeddable":true,"href":"https:\/\/www.europesays.com\/fi\/wp-json\/wp\/v2\/categories?post=327215"},{"taxonomy":"post_tag","embeddable":true,"href":"https:\/\/www.europesays.com\/fi\/wp-json\/wp\/v2\/tags?post=327215"}],"curies":[{"name":"wp","href":"https:\/\/api.w.org\/{rel}","templated":true}]}}