{"id":327225,"date":"2026-08-18T00:40:10","date_gmt":"2026-08-18T00:40:10","guid":{"rendered":"https:\/\/www.europesays.com\/fi\/327225\/"},"modified":"2026-08-18T00:40:10","modified_gmt":"2026-08-18T00:40:10","slug":"voyri-on-suomen-sinista-vyohyketta-jolla-ihmiset-elavat-terveina-poikkeuksellisen-pitkaan-kysyimme-miksi-pohjanmaa","status":"publish","type":"post","link":"https:\/\/www.europesays.com\/fi\/327225\/","title":{"rendered":"V\u00f6yri on Suomen \u201dsinist\u00e4 vy\u00f6hykett\u00e4\u201d, jolla ihmiset el\u00e4v\u00e4t tervein\u00e4 poikkeuk\u00adsellisen pitk\u00e4\u00e4n \u2013 kysyimme, miksi | Pohjanmaa"},"content":{"rendered":"<ul class=\"aw__sc-1yb43iq-0 gFXHv yle__article__list yle__article__list--ul\">\n<li class=\"aw__sc-1yb43iq-1 gVAzbt\">Tutkimuksen mukaan ruotsinkielinen Pohjanmaa voisi olla sinist\u00e4 vy\u00f6hykett\u00e4.<\/li>\n<li class=\"aw__sc-1yb43iq-1 gVAzbt\">Siniselle vy\u00f6hykkeelle on ominaista pitk\u00e4 elinik\u00e4 ja hyv\u00e4 hyvinvointi.<\/li>\n<li class=\"aw__sc-1yb43iq-1 gVAzbt\">Kolme V\u00f6yrin Maksamaalla asuvaa kertoo, ett\u00e4 vahva sosiaalinen verkosto ja yhdistystoiminta ovat t\u00e4rkeit\u00e4.<\/li>\n<li class=\"aw__sc-1yb43iq-1 gVAzbt\">Hyv\u00e4\u00e4n el\u00e4m\u00e4\u00e4n kuuluu luonnossa liikkuminen ja aktiivinen osallistuminen yhdistyksiin.<\/li>\n<\/ul>\n<p class=\"aw__sc-1qwuw0s-0 aw__sc-ngllmo-0 epAWpq fzYpjk yle__article__paragraph\">Ruotsinkielinen Pohjanmaa voisi <a class=\"aw__sc-ngllmo-1 bTDnwX yle__article__link\" href=\"https:\/\/yle.fi\/a\/74-20237648\" role=\"link\" rel=\"nofollow noopener\" target=\"_blank\">\u00c5bo Akademin tutkimuksen mukaan<\/a> kuulua niin sanottuun siniseen vy\u00f6hykkeeseen, eli alueeseen, jolla elet\u00e4\u00e4n pitk\u00e4\u00e4n ja voidaan hyvin.<\/p>\n<p class=\"aw__sc-1qwuw0s-0 aw__sc-ngllmo-0 epAWpq fzYpjk yle__article__paragraph\">Maailmasta l\u00f6ytyy muutamia paikkoja, joissa t\u00e4m\u00e4 toteutuu ja tutkijoiden mukaan ruotsinkielinen Pohjanmaa on alueena samankaltainen.<\/p>\n<p class=\"aw__sc-1qwuw0s-0 aw__sc-ngllmo-0 epAWpq fzYpjk yle__article__paragraph\">Virallisia sinisen vy\u00f6hykkeen kriteerej\u00e4 se ei kuitenkaan viel\u00e4 t\u00e4yt\u00e4: alueella pit\u00e4isi olla tietty m\u00e4\u00e4r\u00e4 100-vuotiaita suhteessa vastasyntyneisiin.<\/p>\n<p class=\"aw__sc-1qwuw0s-0 aw__sc-ngllmo-0 epAWpq fzYpjk yle__article__paragraph\">Mutta mik\u00e4 alueiden v\u00e4lisi\u00e4 eroja selitt\u00e4\u00e4?<\/p>\n<p class=\"aw__sc-1qwuw0s-0 aw__sc-ngllmo-0 epAWpq fzYpjk yle__article__paragraph\">Kysyimme kolmelta V\u00f6yrin Maksamaalla asuvalta ihmiselt\u00e4, mist\u00e4 hyv\u00e4 el\u00e4m\u00e4 heid\u00e4n mielest\u00e4\u00e4n koostuu.<\/p>\n<p>1. Sosiaalisuus<\/p>\n<p class=\"aw__sc-1qwuw0s-0 aw__sc-ngllmo-0 epAWpq fzYpjk yle__article__paragraph\"><strong class=\"aw__sc-ngllmo-2 gdRrun yle__article__strong\">Marianne Sj\u00f6berg,<\/strong> 78<\/p>\n<p class=\"aw__sc-1qwuw0s-0 aw__sc-ngllmo-0 epAWpq fzYpjk yle__article__paragraph\">Aktiivinen Marianne Sj\u00f6berg on mukana monissa eri yhdistyksiss\u00e4 ja ryhmiss\u00e4: yhdess\u00e4 tekeminen antaa iloa el\u00e4m\u00e4\u00e4n.<\/p>\n<p class=\"aw__sc-1qwuw0s-0 aw__sc-ngllmo-0 epAWpq fzYpjk yle__article__paragraph\">Sj\u00f6berg k\u00e4y muun muassa joka toinen viikko neulekahvilassa, joka kokoontuu paikallisen nuorisoseuran tiloissa.<\/p>\n<p class=\"aw__sc-1qwuw0s-0 aw__sc-ngllmo-0 epAWpq fzYpjk yle__article__paragraph\">Parhaimmillaan naisia on ollut paikalla kolmetoista, ja mik\u00e4 t\u00e4rkeint\u00e4, he ovat eri-ik\u00e4isi\u00e4, kertoo Sj\u00f6berg.<\/p>\n<p class=\"aw__sc-1qwuw0s-0 aw__sc-ngllmo-0 epAWpq fzYpjk yle__article__paragraph\"><strong class=\"aw__sc-ngllmo-2 gdRrun yle__article__strong\">Videolla Sj\u00f6berg kertoo neulekahvilan tapaamisista.<\/strong><\/p>\n<p>Video: Jarkko Heikkinen<\/p>\n<p class=\"aw__sc-1qwuw0s-0 aw__sc-ngllmo-0 epAWpq fzYpjk yle__article__paragraph\">Terveyden yll\u00e4pito ja luonto kuuluvat my\u00f6s Sj\u00f6bergin mukaan hyv\u00e4\u00e4n el\u00e4m\u00e4\u00e4n. H\u00e4n poimii marjoja ja sienest\u00e4\u00e4, ja mets\u00e4ss\u00e4 kulkeminen pit\u00e4\u00e4 liikuntakyvyn hyv\u00e4n\u00e4.<\/p>\n<p class=\"aw__sc-1qwuw0s-0 aw__sc-ngllmo-0 epAWpq fzYpjk yle__article__paragraph\">Sj\u00f6bergille perhe on iso asia, joka tuo el\u00e4m\u00e4\u00e4n iloa ja jaksamista.<\/p>\n<p class=\"aw__sc-1qwuw0s-0 aw__sc-ngllmo-0 epAWpq fzYpjk yle__article__paragraph\">\u2013 Minulla on lapsia, lastenlapsia ja lastenlastenlapsia. Se on kai se mik\u00e4 on t\u00e4rke\u00e4\u00e4.<\/p>\n<p class=\"aw__sc-1qwuw0s-0 aw__sc-ngllmo-0 epAWpq fzYpjk yle__article__paragraph\">Tulevaisuus Maksamaan \u00d6ster\u00f6n kyl\u00e4ss\u00e4 asuvaa Sj\u00f6bergi\u00e4 kuitenkin kaikesta huolimatta mietitytt\u00e4\u00e4. Kyl\u00e4 on pikku hiljaa hiljentynyt nuoresta v\u00e4est\u00e4 ja lapsiperheit\u00e4 on j\u00e4ljell\u00e4 en\u00e4\u00e4 muutama.<\/p>\n<p class=\"aw__sc-1qwuw0s-0 aw__sc-ngllmo-0 epAWpq fzYpjk yle__article__paragraph\">\u2013 T\u00e4\u00e4ll\u00e4 asuu ehk\u00e4 90 henkil\u00f6\u00e4, ja iso osa heist\u00e4 on yli 65-vuotiaita, miettii Sj\u00f6berg.<\/p>\n<p>Mik\u00e4 on sininen vy\u00f6hyke?<\/p>\n<ul class=\"aw__sc-1yb43iq-0 gFXHv yle__article__list yle__article__list--ul\">\n<li class=\"aw__sc-1yb43iq-1 gVAzbt\">Sininen vy\u00f6hyke on alue, jossa ihmiset el\u00e4v\u00e4t poikkeuksellisen pitk\u00e4\u00e4n ja pysyv\u00e4t aktiivisina viel\u00e4 hyvin vanhoina.<\/li>\n<li class=\"aw__sc-1yb43iq-1 gVAzbt\">Vy\u00f6hykkeet sijaitsevat Italian Sardiniassa (Ogliastra), Kreikassa (Ikaria), Japanissa (Okinawa), Costa Ricassa (Nicoya), Martiniquella ja USA:ssa (Loma Linda Kaliforniassa.)<\/li>\n<li class=\"aw__sc-1yb43iq-1 gVAzbt\">Alueille on tyypillist\u00e4 l\u00e4mmin ilmasto, sijainti usein rannikkoalueilla ja m\u00e4kinen maasto.<\/li>\n<\/ul>\n<p>2. Yhteis\u00f6llisyys<\/p>\n<p class=\"aw__sc-1qwuw0s-0 aw__sc-ngllmo-0 epAWpq fzYpjk yle__article__paragraph\"><strong class=\"aw__sc-ngllmo-2 gdRrun yle__article__strong\">Kristina Kullas-Norrg\u00e5rd,<\/strong> 58<\/p>\n<p class=\"aw__sc-1qwuw0s-0 aw__sc-ngllmo-0 epAWpq fzYpjk yle__article__paragraph\">Aktiivisella Kristina Kullas-Norrg\u00e5rdilla on monta rautaa tulessa.<\/p>\n<p class=\"aw__sc-1qwuw0s-0 aw__sc-ngllmo-0 epAWpq fzYpjk yle__article__paragraph\">H\u00e4n on Folkh\u00e4lsanin Maksamaan osaston puheenjohtaja, laulaa Maximus-kuorossa, ja on mukana my\u00f6s kirkkoneuvostossa, kirkkovaltuustossa ja varapuheenjohtajana Maksamaan saaristoyhdistyksess\u00e4.<\/p>\n<p class=\"aw__sc-1qwuw0s-0 aw__sc-ngllmo-0 epAWpq fzYpjk yle__article__paragraph\"><strong class=\"aw__sc-ngllmo-2 gdRrun yle__article__strong\">Kullas-Norrg\u00e5rd kertoo videolla, mist\u00e4 hyv\u00e4 el\u00e4m\u00e4 koostuu: siit\u00e4, ett\u00e4 huomioi muut ihmiset ja antaa itsest\u00e4\u00e4n jotakin yhteis\u00f6lle.<\/strong><\/p>\n<p>Video: Jarkko Heikkinen<\/p>\n<p class=\"aw__sc-1qwuw0s-0 aw__sc-ngllmo-0 epAWpq fzYpjk yle__article__paragraph\">H\u00e4n kertoo esimerkin miten yhteis\u00f6llisyys pieness\u00e4 kyl\u00e4ss\u00e4 toimii. Joitakin vuosia sitten s\u00e4hk\u00f6katkon aikaan er\u00e4s kyl\u00e4l\u00e4inen lainasi oman aggregaattinsa muidenkin k\u00e4ytt\u00f6\u00f6n.<\/p>\n<p class=\"aw__sc-1qwuw0s-0 aw__sc-ngllmo-0 epAWpq fzYpjk yle__article__paragraph\">\u2013 Aggregaatti kiersi talosta taloon ja uskon, ett\u00e4 sen lainaaja tunsi tekev\u00e4ns\u00e4 jotain hyv\u00e4\u00e4 koko yhteis\u00f6lle.<\/p>\n<p class=\"aw__sc-1qwuw0s-0 aw__sc-ngllmo-0 epAWpq fzYpjk yle__article__paragraph\">Kullas-Norrg\u00e5rd uskoo, ett\u00e4 voima asuu pieniss\u00e4 yhteis\u00f6iss\u00e4.<\/p>\n<p class=\"aw__sc-1qwuw0s-0 aw__sc-ngllmo-0 epAWpq fzYpjk yle__article__paragraph\">\u2013 Uskon, ett\u00e4 sit\u00e4 on varmasti my\u00f6s suomenkielisill\u00e4 paikkakunnilla, ja ehk\u00e4 ylip\u00e4\u00e4ns\u00e4 selllaisissa paikoissa, joissa on v\u00e4hemm\u00e4n ihmisi\u00e4.<\/p>\n<p class=\"aw__sc-1qwuw0s-0 aw__sc-ngllmo-0 epAWpq fzYpjk yle__article__paragraph\">Henkil\u00f6kohtaisesti hyv\u00e4 el\u00e4m\u00e4 tarkoittaa Kullas-Norrg\u00e5rdille luonnossa olemista. Kotiovelta p\u00e4\u00e4see koiran kanssa mets\u00e4\u00e4n, ja sienet ja marjat saa poimittua ihan l\u00e4helt\u00e4.<\/p>\n<p class=\"aw__sc-1qwuw0s-0 aw__sc-ngllmo-0 epAWpq fzYpjk yle__article__paragraph\">My\u00f6s kes\u00e4m\u00f6kin laituri on rakas paikka.<\/p>\n<p class=\"aw__sc-1qwuw0s-0 aw__sc-ngllmo-0 epAWpq fzYpjk yle__article__paragraph\">\u2013 On mukavaa vain istua laiturilla ja katsella ymp\u00e4rilleen niin pitk\u00e4\u00e4n kuin haluaa. Se on mielest\u00e4ni hyvin rentouttavaa.<\/p>\n<p>3. Aktiivisuus<\/p>\n<p class=\"aw__sc-1qwuw0s-0 aw__sc-ngllmo-0 epAWpq fzYpjk yle__article__paragraph\"><strong class=\"aw__sc-ngllmo-2 gdRrun yle__article__strong\">Jens \u00d6stman,<\/strong> 30<\/p>\n<p class=\"aw__sc-1qwuw0s-0 aw__sc-ngllmo-0 epAWpq fzYpjk yle__article__paragraph\">Jens \u00d6stman on yksi niist\u00e4 nuorista, jotka ovat palanneet takaisin kotipaikkakunnalleen muualla vietettyjen opiskeluvuosien j\u00e4lkeen. \u00d6stman tosin sanoo, ettei h\u00e4n oikeastaan ole mihink\u00e4\u00e4n l\u00e4htenytk\u00e4\u00e4n.<\/p>\n<p class=\"aw__sc-1qwuw0s-0 aw__sc-ngllmo-0 epAWpq fzYpjk yle__article__paragraph\">Opiskelut veiv\u00e4t h\u00e4net Vaasaan, jossa nuori mies my\u00f6s viihtyi. Ajatuksena oli kuitenkin koko ajan, ett\u00e4 \u00d6stman asettuu opintojen p\u00e4\u00e4ttymisen j\u00e4lkeen Maksamaalle S\u00e4rkimon kyl\u00e4\u00e4n.<\/p>\n<p class=\"aw__sc-1qwuw0s-0 aw__sc-ngllmo-0 epAWpq fzYpjk yle__article__paragraph\">\u2013 Min\u00e4 viihdyn t\u00e4\u00e4ll\u00e4 eritt\u00e4in hyvin, hymyilee \u00d6stman.<\/p>\n<p class=\"aw__sc-1qwuw0s-0 aw__sc-ngllmo-0 epAWpq fzYpjk yle__article__paragraph\">\u00d6stmanin omassa el\u00e4m\u00e4ss\u00e4 hyvinvointia tuo my\u00f6s eri yhdistyksiss\u00e4 ja ryhmiss\u00e4 mukana oleminen.<\/p>\n<p class=\"aw__sc-1qwuw0s-0 aw__sc-ngllmo-0 epAWpq fzYpjk yle__article__paragraph\">H\u00e4n on muun muassa puheenjohtajana mets\u00e4stysseurassa ja lis\u00e4ksi toimii aktiivisesti Maksamaan saaristoyhdistyksess\u00e4.<\/p>\n<p class=\"aw__sc-1qwuw0s-0 aw__sc-ngllmo-0 epAWpq fzYpjk yle__article__paragraph\"><strong class=\"aw__sc-ngllmo-2 gdRrun yle__article__strong\">\u00d6stman kertoo videolla, miten h\u00e4nest\u00e4 on t\u00e4rke\u00e4\u00e4 olla mukana jotain itse\u00e4\u00e4n suurempaa.<\/strong><\/p>\n<p>Video: Jarkko Heikkinen<\/p>\n<p class=\"aw__sc-1qwuw0s-0 aw__sc-ngllmo-0 epAWpq fzYpjk yle__article__paragraph\">Miksi sitten tutkimus nostaa nimenomaan ruotsinkielisen Pohjanmaan esimerkiksi alueesta, jossa elet\u00e4\u00e4n pidemp\u00e4\u00e4n ja voidaan hyvin?<\/p>\n<p class=\"aw__sc-1qwuw0s-0 aw__sc-ngllmo-0 epAWpq fzYpjk yle__article__paragraph\">\u00d6stman miettii asiaa aktiivisuuden kautta.<\/p>\n<p class=\"aw__sc-1qwuw0s-0 aw__sc-ngllmo-0 epAWpq fzYpjk yle__article__paragraph\">\u2013 T\u00e4m\u00e4 saaristoel\u00e4m\u00e4 tekee ehk\u00e4 tahtomattaan aktiiviseksi. Arkiliikuntaa tulee paljon eik\u00e4 sit\u00e4 pid\u00e4 aliarvioida. T\u00e4m\u00e4 ei kyll\u00e4 tietystik\u00e4\u00e4n ole ainutlaatuista, mutta ehk\u00e4 se ero tulee meid\u00e4n paikallisesta, vahvasta sosiaalisesta verkostosta. Ihmiset sitoutuvat niihin jo nuorina ja jatkavat yhdistyksiss\u00e4 pitk\u00e4\u00e4n.<\/p>\n<p class=\"aw__sc-1qwuw0s-0 aw__sc-ngllmo-0 epAWpq fzYpjk yle__article__paragraph\">\u00d6stman uskoo, ett\u00e4 vahva sosiaalinen verkosto kantaa koko el\u00e4m\u00e4n ajan.<\/p>\n<p class=\"aw__sc-1qwuw0s-0 aw__sc-ngllmo-0 epAWpq fzYpjk yle__article__paragraph\">\u2013 Ei ehk\u00e4 j\u00e4\u00e4d\u00e4 istumaan yksin vanhoilla p\u00e4ivill\u00e4.<\/p>\n","protected":false},"excerpt":{"rendered":"Tutkimuksen mukaan ruotsinkielinen Pohjanmaa voisi olla sinist\u00e4 vy\u00f6hykett\u00e4. Siniselle vy\u00f6hykkeelle on ominaista pitk\u00e4 elinik\u00e4 ja hyv\u00e4 hyvinvointi. Kolme&hellip;\n","protected":false},"author":2,"featured_media":327226,"comment_status":"","ping_status":"","sticky":false,"template":"","format":"standard","meta":{"footnotes":"","_share_on_mastodon":"0"},"categories":[12],"tags":[22,23,26,27,33,31,30,17,440,451,71,24,25,28,29,41079,15,18,21,449,32,19,20,16,10563,13994],"class_list":["post-327225","post","type-post","status-publish","format-standard","has-post-thumbnail","category-suomi","tag-breaking-news","tag-breakingnews","tag-featured-news","tag-featurednews","tag-fi","tag-finland","tag-finnish","tag-headlines","tag-ihmiset","tag-keski-pohjanmaa","tag-kotimaa","tag-latest-news","tag-latestnews","tag-main-news","tag-mainnews","tag-maksamaa","tag-news","tag-otsikot","tag-paauutiset","tag-pohjanmaa","tag-suomi","tag-top-stories","tag-topstories","tag-uutiset","tag-voyri","tag-yhteisollisyys"],"share_on_mastodon":{"url":"","error":""},"_links":{"self":[{"href":"https:\/\/www.europesays.com\/fi\/wp-json\/wp\/v2\/posts\/327225","targetHints":{"allow":["GET"]}}],"collection":[{"href":"https:\/\/www.europesays.com\/fi\/wp-json\/wp\/v2\/posts"}],"about":[{"href":"https:\/\/www.europesays.com\/fi\/wp-json\/wp\/v2\/types\/post"}],"author":[{"embeddable":true,"href":"https:\/\/www.europesays.com\/fi\/wp-json\/wp\/v2\/users\/2"}],"replies":[{"embeddable":true,"href":"https:\/\/www.europesays.com\/fi\/wp-json\/wp\/v2\/comments?post=327225"}],"version-history":[{"count":0,"href":"https:\/\/www.europesays.com\/fi\/wp-json\/wp\/v2\/posts\/327225\/revisions"}],"wp:featuredmedia":[{"embeddable":true,"href":"https:\/\/www.europesays.com\/fi\/wp-json\/wp\/v2\/media\/327226"}],"wp:attachment":[{"href":"https:\/\/www.europesays.com\/fi\/wp-json\/wp\/v2\/media?parent=327225"}],"wp:term":[{"taxonomy":"category","embeddable":true,"href":"https:\/\/www.europesays.com\/fi\/wp-json\/wp\/v2\/categories?post=327225"},{"taxonomy":"post_tag","embeddable":true,"href":"https:\/\/www.europesays.com\/fi\/wp-json\/wp\/v2\/tags?post=327225"}],"curies":[{"name":"wp","href":"https:\/\/api.w.org\/{rel}","templated":true}]}}