{"id":327367,"date":"2026-08-18T05:27:11","date_gmt":"2026-08-18T05:27:11","guid":{"rendered":"https:\/\/www.europesays.com\/fi\/327367\/"},"modified":"2026-08-18T05:27:11","modified_gmt":"2026-08-18T05:27:11","slug":"venaja-uhkaa-britanniaa-seurauksilla-drooni-iskujen-jalkeen-uutisia-lyhyesti","status":"publish","type":"post","link":"https:\/\/www.europesays.com\/fi\/327367\/","title":{"rendered":"Ven\u00e4j\u00e4 uhkaa Britanniaa seurauksilla drooni-iskujen j\u00e4lkeen | Uutisia lyhyesti"},"content":{"rendered":"<p class=\"aw__sc-1qwuw0s-0 aw__sc-ngllmo-0 epAWpq fzYpjk yle__article__paragraph\">Ven\u00e4j\u00e4 varoittaa Britanniaa seuraamuksilla sen j\u00e4lkeen, kun mediassa kerrottiin Ukrainan iskeneen syv\u00e4lle Ven\u00e4j\u00e4lle brittivalmisteisilla drooneilla.<\/p>\n<p class=\"aw__sc-1qwuw0s-0 aw__sc-ngllmo-0 epAWpq fzYpjk yle__article__paragraph\"><a class=\"aw__sc-ngllmo-1 bTDnwX yle__article__link\" href=\"https:\/\/www.thetimes.com\/world\/russia-ukraine-war\/article\/uk-drones-used-for-deep-strikes-in-mainland-russia-for-first-time-wkpvxbjgl\" role=\"link\" rel=\"nofollow noopener\" target=\"_blank\">The Times<\/a> -lehden mukaan Ukraina oli k\u00e4ytt\u00e4nyt brittivalmisteisia drooneja iskuissaan Ven\u00e4j\u00e4n sotilas- ja teollisuuskohteisiin.<\/p>\n<p class=\"aw__sc-1qwuw0s-0 aw__sc-ngllmo-0 epAWpq fzYpjk yle__article__paragraph\">Ven\u00e4j\u00e4n Lontoon-suurl\u00e4hetyst\u00f6 syytti <a class=\"aw__sc-ngllmo-1 bTDnwX yle__article__link\" href=\"https:\/\/london.mid.ru\/en\/press-centre\/embassy_comment_on_reports_of_ukrainian_forces_using_british_uavs_to_strike_russia\/\" role=\"link\" rel=\"nofollow noopener\" target=\"_blank\">lausunnossaan<\/a> Britanniaa hy\u00f6kk\u00e4yksen \u201davustajaksi ja tekij\u00e4kumppaniksi\u201d.<\/p>\n<p class=\"aw__sc-1qwuw0s-0 aw__sc-ngllmo-0 epAWpq fzYpjk yle__article__paragraph\">\u2013 Mit\u00e4 syvemmin se on sekaantunut konfliktiin ja mit\u00e4 suurempaa sen tuki on Kiovan terroristikoneistolle, sit\u00e4 korkeamman hinnan se tulee maksamaan, l\u00e4hetyst\u00f6 lausui.<\/p>\n<p class=\"aw__sc-1qwuw0s-0 aw__sc-ngllmo-0 epAWpq fzYpjk yle__article__paragraph\">Lehden mukaan iskuissa on k\u00e4ytetty kahden brittiyhti\u00f6n drooneja. Toinen yrityksist\u00e4 on tiett\u00e4v\u00e4sti puolustusteollisuuden suuryhti\u00f6 BAE Systemsin tyt\u00e4ryhti\u00f6.<\/p>\n<p class=\"aw__sc-1qwuw0s-0 aw__sc-ngllmo-0 epAWpq fzYpjk yle__article__paragraph\">L\u00e4hde: AFP<\/p>\n","protected":false},"excerpt":{"rendered":"Ven\u00e4j\u00e4 varoittaa Britanniaa seuraamuksilla sen j\u00e4lkeen, kun mediassa kerrottiin Ukrainan iskeneen syv\u00e4lle Ven\u00e4j\u00e4lle brittivalmisteisilla drooneilla. The Times -lehden&hellip;\n","protected":false},"author":2,"featured_media":327368,"comment_status":"","ping_status":"","sticky":false,"template":"","format":"standard","meta":{"footnotes":"","_share_on_mastodon":"0"},"categories":[5],"tags":[22,23,1775,759,26,27,33,31,30,17,70,24,25,28,29,15,18,21,32,19,20,1303,56,16,547,987],"class_list":["post-327367","post","type-post","status-publish","format-standard","has-post-thumbnail","category-otsikot","tag-breaking-news","tag-breakingnews","tag-britannia","tag-droonit","tag-featured-news","tag-featurednews","tag-fi","tag-finland","tag-finnish","tag-headlines","tag-kansainvalinen-politiikka","tag-latest-news","tag-latestnews","tag-main-news","tag-mainnews","tag-news","tag-otsikot","tag-paauutiset","tag-suomi","tag-top-stories","tag-topstories","tag-ukraina","tag-ulkomaat","tag-uutiset","tag-venaja","tag-venajan-hyokkays"],"share_on_mastodon":{"url":"","error":""},"_links":{"self":[{"href":"https:\/\/www.europesays.com\/fi\/wp-json\/wp\/v2\/posts\/327367","targetHints":{"allow":["GET"]}}],"collection":[{"href":"https:\/\/www.europesays.com\/fi\/wp-json\/wp\/v2\/posts"}],"about":[{"href":"https:\/\/www.europesays.com\/fi\/wp-json\/wp\/v2\/types\/post"}],"author":[{"embeddable":true,"href":"https:\/\/www.europesays.com\/fi\/wp-json\/wp\/v2\/users\/2"}],"replies":[{"embeddable":true,"href":"https:\/\/www.europesays.com\/fi\/wp-json\/wp\/v2\/comments?post=327367"}],"version-history":[{"count":0,"href":"https:\/\/www.europesays.com\/fi\/wp-json\/wp\/v2\/posts\/327367\/revisions"}],"wp:featuredmedia":[{"embeddable":true,"href":"https:\/\/www.europesays.com\/fi\/wp-json\/wp\/v2\/media\/327368"}],"wp:attachment":[{"href":"https:\/\/www.europesays.com\/fi\/wp-json\/wp\/v2\/media?parent=327367"}],"wp:term":[{"taxonomy":"category","embeddable":true,"href":"https:\/\/www.europesays.com\/fi\/wp-json\/wp\/v2\/categories?post=327367"},{"taxonomy":"post_tag","embeddable":true,"href":"https:\/\/www.europesays.com\/fi\/wp-json\/wp\/v2\/tags?post=327367"}],"curies":[{"name":"wp","href":"https:\/\/api.w.org\/{rel}","templated":true}]}}