{"id":327393,"date":"2026-08-18T06:19:12","date_gmt":"2026-08-18T06:19:12","guid":{"rendered":"https:\/\/www.europesays.com\/fi\/327393\/"},"modified":"2026-08-18T06:19:12","modified_gmt":"2026-08-18T06:19:12","slug":"stora-enson-tehtailla-imatralla-sailio-repesi-rajahtaen-sata-litraa-mantyoljya-valui-saimaaseen-uutissuomalainen","status":"publish","type":"post","link":"https:\/\/www.europesays.com\/fi\/327393\/","title":{"rendered":"Stora Enson tehtailla Imatralla s\u00e4ili\u00f6 repesi r\u00e4j\u00e4ht\u00e4en, sata litraa m\u00e4nty\u00f6ljy\u00e4 valui Saimaaseen | Uutissuomalainen"},"content":{"rendered":"<p>Mets\u00e4yhti\u00f6 Stora Enson tehtailla Imatralla m\u00e4nty\u00f6ljys\u00e4ili\u00f6 repesi y\u00f6ll\u00e4 r\u00e4j\u00e4hdyksenomaisesti, mink\u00e4 j\u00e4lkeen m\u00e4nty\u00f6ljy\u00e4 syttyi tuleen. Asiasta kertoo STT:lle Etel\u00e4-Karjalan pelastuslaitos.<\/p>\n<p>Pelastuslaitoksen mukaan ilmoitus palosta tuli kahden j\u00e4lkeen y\u00f6ll\u00e4 ja sammutusty\u00f6t kestiv\u00e4t muutaman tunnin. Tapahtuneesta ei syntynyt henkil\u00f6vahinkoja eik\u00e4 tehtaan ty\u00f6ntekij\u00f6it\u00e4 tarvinnut evakuoida.<\/p>\n<p>Stora Enson Imatran tehtaiden riskienhallintap\u00e4\u00e4llikk\u00f6 Mikko Parikka kertoo STT:lle, ett\u00e4 tapahtumien syy on viel\u00e4 ep\u00e4selv\u00e4, mutta asiaa selvitet\u00e4\u00e4n.<\/p>\n<p>\u2013\u2009Jostain syyst\u00e4 s\u00e4ili\u00f6\u00f6n kehittyi painetta, mist\u00e4 seurasi, ett\u00e4 s\u00e4ili\u00f6\u00f6n suunniteltu heikko kohta repesi, \u00f6ljy sai happea, eristeet kastuivat ja syttyi tulipalo, Parikka kertoo.<\/p>\n<p>Parikan mukaan p\u00e4\u00e4lle 300 kuutiometrin vetoisessa s\u00e4ili\u00f6ss\u00e4 oli vain v\u00e4h\u00e4n \u00f6ljy\u00e4 tapahtumahetkell\u00e4. Taloudellisia vaikutuksia selvitell\u00e4\u00e4n.<\/p>\n<p>\t\t\t\tSiivoaminen k\u00e4ynniss\u00e4<\/p>\n<p>M\u00e4nty\u00f6ljy on sellunkeiton sivutuote. Kyseess\u00e4 on luontainen aine, mutta jalostettuna se ei ymp\u00e4rist\u00f6\u00f6n kuulu, joten ymp\u00e4rist\u00f6vahingon torjunta on aloitettu.<\/p>\n<p>Etel\u00e4-Karjalan pelastuslaitoksen mukaan viem\u00e4rin purkausaukon ymp\u00e4rist\u00f6\u00e4 puomitettiin ja torjuntatoimia tekee Stora Enson oma henkil\u00f6kunta. Torjuntatoimien johtajana toimii pelastusviranomainen.<\/p>\n<p>My\u00f6s pelastuslaitokselta kerrottiin aamulla, ett\u00e4 valuneen \u00f6ljyn m\u00e4\u00e4r\u00e4 ei ole suuri.<\/p>\n<p>Imatran tehtaiden ymp\u00e4rist\u00f6p\u00e4\u00e4llikk\u00f6 Teemu Klemetti kertoo STT:lle, ett\u00e4 imuauto on paikalla ja ty\u00f6t tulevat kest\u00e4m\u00e4\u00e4n arviolta t\u00e4m\u00e4n ja seuraavan p\u00e4iv\u00e4n.<\/p>\n<p>Klemetin mukaan s\u00e4ili\u00f6ss\u00e4 oli p\u00e4\u00e4lle 50 kuutiometri\u00e4 \u00f6ljy\u00e4, joista suurin osa valui s\u00e4ili\u00f6n suoja-altaaseen. Vain noin sata litraa p\u00e4\u00e4si vuotamaan tehdasalueen sadevesiviem\u00e4rin kautta Saimaaseen.<\/p>\n<p>\u2013\u2009Se n\u00e4kyy muutamana lauttana t\u00e4ss\u00e4 rannassa, mutta \u00f6ljy imet\u00e4\u00e4n pois imuautolla, Klemetti sanoo.<\/p>\n","protected":false},"excerpt":{"rendered":"Mets\u00e4yhti\u00f6 Stora Enson tehtailla Imatralla m\u00e4nty\u00f6ljys\u00e4ili\u00f6 repesi y\u00f6ll\u00e4 r\u00e4j\u00e4hdyksenomaisesti, mink\u00e4 j\u00e4lkeen m\u00e4nty\u00f6ljy\u00e4 syttyi tuleen. Asiasta kertoo STT:lle Etel\u00e4-Karjalan&hellip;\n","protected":false},"author":2,"featured_media":327394,"comment_status":"","ping_status":"","sticky":false,"template":"","format":"standard","meta":{"footnotes":"","_share_on_mastodon":"0"},"categories":[5],"tags":[22,23,4509,26,27,33,31,30,17,736,24,25,28,29,10444,823,9084,15,18,21,938,2375,32,19,20,16],"class_list":["post-327393","post","type-post","status-publish","format-standard","has-post-thumbnail","category-otsikot","tag-breaking-news","tag-breakingnews","tag-etela-karjalan-maakunta","tag-featured-news","tag-featurednews","tag-fi","tag-finland","tag-finnish","tag-headlines","tag-imatra","tag-latest-news","tag-latestnews","tag-main-news","tag-mainnews","tag-metsankasvatus-ja-puunkorjuu","tag-metsat","tag-metsateollisuus-metsatalous-ja-siihen-liittyvat-palvelut","tag-news","tag-otsikot","tag-paauutiset","tag-rakennusmateriaalit","tag-saimaa-jarvi","tag-suomi","tag-top-stories","tag-topstories","tag-uutiset"],"share_on_mastodon":{"url":"https:\/\/pubeurope.com\/@fi\/117115064421320039","error":""},"_links":{"self":[{"href":"https:\/\/www.europesays.com\/fi\/wp-json\/wp\/v2\/posts\/327393","targetHints":{"allow":["GET"]}}],"collection":[{"href":"https:\/\/www.europesays.com\/fi\/wp-json\/wp\/v2\/posts"}],"about":[{"href":"https:\/\/www.europesays.com\/fi\/wp-json\/wp\/v2\/types\/post"}],"author":[{"embeddable":true,"href":"https:\/\/www.europesays.com\/fi\/wp-json\/wp\/v2\/users\/2"}],"replies":[{"embeddable":true,"href":"https:\/\/www.europesays.com\/fi\/wp-json\/wp\/v2\/comments?post=327393"}],"version-history":[{"count":0,"href":"https:\/\/www.europesays.com\/fi\/wp-json\/wp\/v2\/posts\/327393\/revisions"}],"wp:featuredmedia":[{"embeddable":true,"href":"https:\/\/www.europesays.com\/fi\/wp-json\/wp\/v2\/media\/327394"}],"wp:attachment":[{"href":"https:\/\/www.europesays.com\/fi\/wp-json\/wp\/v2\/media?parent=327393"}],"wp:term":[{"taxonomy":"category","embeddable":true,"href":"https:\/\/www.europesays.com\/fi\/wp-json\/wp\/v2\/categories?post=327393"},{"taxonomy":"post_tag","embeddable":true,"href":"https:\/\/www.europesays.com\/fi\/wp-json\/wp\/v2\/tags?post=327393"}],"curies":[{"name":"wp","href":"https:\/\/api.w.org\/{rel}","templated":true}]}}