{"id":327429,"date":"2026-08-18T07:23:14","date_gmt":"2026-08-18T07:23:14","guid":{"rendered":"https:\/\/www.europesays.com\/fi\/327429\/"},"modified":"2026-08-18T07:23:14","modified_gmt":"2026-08-18T07:23:14","slug":"kuolinsyyntutkijan-toimisto-antoi-lausunnon-hayden-panettieren-kuolemasta-uutissuomalainen","status":"publish","type":"post","link":"https:\/\/www.europesays.com\/fi\/327429\/","title":{"rendered":"Kuolinsyyntutkijan toimisto antoi lausunnon Hayden Panettieren kuolemasta | Uutissuomalainen"},"content":{"rendered":"<p>Greenville Countyn kuolinsyyntutkijan toimisto antoi <a href=\"https:\/\/www.bbc.com\/news\/live\/cvg5v5evee8t\" rel=\"nofollow noopener\" target=\"_blank\">BBC:lle<\/a> lausunnon Heroes-n\u00e4yttelij\u00e4 <strong>Hayden Panettieren<\/strong> kuolemaan liittyen.<\/p>\n<p>Toimiston mukaan ensihoito h\u00e4lytettiin sunnuntaina osoitteeseen, josta ensihoitajat l\u00f6ysiv\u00e4t naisen syd\u00e4n pys\u00e4htyneen\u00e4. Ensihoito koitti elvytt\u00e4\u00e4 naista, mutta se ei tuottanut tulosta.<\/p>\n<p><strong class=\"diks-storyline__impact\">Panettieren ruumiille tehtiin<\/strong> ruumiinavaus maanantaina. Siin\u00e4 ei havaittu merkkej\u00e4 vammasta, joka olisi vaikuttanut kuolemaan.<\/p>\n<p>\u2013\u2009Kuolemansyy ja -tapa selvi\u00e4v\u00e4t tarkemman tutkinnan ja lis\u00e4tutkimusten valmistuttua, lausunnossa todetaan.<\/p>\n<p>Jo aiemmin kerrottiin, ettei Panettieren kuolemassa ole ilmennyt merkkej\u00e4 rikoksesta tai ep\u00e4ilytt\u00e4vist\u00e4 olosuhteista.<\/p>\n<p>Panettiere oli kuollessaan 36-vuotias. H\u00e4net tunnetaan muun muassa sarjoista Heroes ja Nashville.<\/p>\n<p>\t\t\t\t\t<img class=\"diks-card__image\" src=\"https:\/\/www.europesays.com\/fi\/wp-content\/uploads\/2026\/08\/11623327.jpg\"   loading=\"lazy\" decoding=\"sync\" alt=\"\"\/><\/p>\n<p>\t\t\t\t\t<img class=\"diks-card__image\" src=\"https:\/\/www.europesays.com\/fi\/wp-content\/uploads\/2026\/08\/30.3F9TFH0.jpg\"   loading=\"lazy\" decoding=\"sync\" alt=\"\"\/><\/p>\n","protected":false},"excerpt":{"rendered":"Greenville Countyn kuolinsyyntutkijan toimisto antoi BBC:lle lausunnon Heroes-n\u00e4yttelij\u00e4 Hayden Panettieren kuolemaan liittyen. Toimiston mukaan ensihoito h\u00e4lytettiin sunnuntaina osoitteeseen,&hellip;\n","protected":false},"author":2,"featured_media":327430,"comment_status":"","ping_status":"","sticky":false,"template":"","format":"standard","meta":{"footnotes":"","_share_on_mastodon":"0"},"categories":[136],"tags":[2326,407,137,33,31,30,408,501,622,2461,32,502,167,140,109],"class_list":["post-327429","post","type-post","status-publish","format-standard","has-post-thumbnail","category-julkkikset","tag-bbc","tag-celebrities","tag-entertainment","tag-fi","tag-finland","tag-finnish","tag-julkkikset","tag-laakaripalvelut","tag-nayttelijat","tag-sairaalat-ja-terveyskeskukset","tag-suomi","tag-terveydenhoito","tag-terveys","tag-tv-ja-elokuvat","tag-viihde"],"share_on_mastodon":{"url":"https:\/\/pubeurope.com\/@fi\/117115316734522492","error":""},"_links":{"self":[{"href":"https:\/\/www.europesays.com\/fi\/wp-json\/wp\/v2\/posts\/327429","targetHints":{"allow":["GET"]}}],"collection":[{"href":"https:\/\/www.europesays.com\/fi\/wp-json\/wp\/v2\/posts"}],"about":[{"href":"https:\/\/www.europesays.com\/fi\/wp-json\/wp\/v2\/types\/post"}],"author":[{"embeddable":true,"href":"https:\/\/www.europesays.com\/fi\/wp-json\/wp\/v2\/users\/2"}],"replies":[{"embeddable":true,"href":"https:\/\/www.europesays.com\/fi\/wp-json\/wp\/v2\/comments?post=327429"}],"version-history":[{"count":0,"href":"https:\/\/www.europesays.com\/fi\/wp-json\/wp\/v2\/posts\/327429\/revisions"}],"wp:featuredmedia":[{"embeddable":true,"href":"https:\/\/www.europesays.com\/fi\/wp-json\/wp\/v2\/media\/327430"}],"wp:attachment":[{"href":"https:\/\/www.europesays.com\/fi\/wp-json\/wp\/v2\/media?parent=327429"}],"wp:term":[{"taxonomy":"category","embeddable":true,"href":"https:\/\/www.europesays.com\/fi\/wp-json\/wp\/v2\/categories?post=327429"},{"taxonomy":"post_tag","embeddable":true,"href":"https:\/\/www.europesays.com\/fi\/wp-json\/wp\/v2\/tags?post=327429"}],"curies":[{"name":"wp","href":"https:\/\/api.w.org\/{rel}","templated":true}]}}