{"id":327531,"date":"2026-08-18T09:46:15","date_gmt":"2026-08-18T09:46:15","guid":{"rendered":"https:\/\/www.europesays.com\/fi\/327531\/"},"modified":"2026-08-18T09:46:15","modified_gmt":"2026-08-18T09:46:15","slug":"lidlilta-yllattava-halpistuote-selva-ero-prismaan-paikalliset","status":"publish","type":"post","link":"https:\/\/www.europesays.com\/fi\/327531\/","title":{"rendered":"Lidlilt\u00e4 yll\u00e4tt\u00e4v\u00e4 halpistuote &#8211; selv\u00e4 ero Prismaan | Paikalliset"},"content":{"rendered":"<p>Lapsiperheet saavat uuden vaihtoehdon vauva-arkensa helpottamiseen, kun Lidl tuo ensimm\u00e4ist\u00e4 kertaa myyntiin oman merkkins\u00e4 sitterin torstaista 20. elokuuta alkaen.<\/p>\n<p>Sitteri on suunniteltu k\u00e4ytett\u00e4v\u00e4ksi vastasyntyneest\u00e4 aina 9 kilon painoon saakka.<\/p>\n<p>Lidlin k\u00e4ytt\u00f6tavaroiden osastop\u00e4\u00e4llikk\u00f6 Merja Salenius kertoo, ett\u00e4 tavoitteena on tarjota laadukas ja budjettiyst\u00e4v\u00e4llinen apuv\u00e4line lapsiperheille.<\/p>\n<p>Lidlin mukaan hinta asettuu alle 35 euroon. Esimerkiksi Prisman verkkosivuilla sitterien hinnat ovat hieman alle 50 eurosta noin 200 euroon. Verkkokauppa.comissa hinnat alkavat noin 70 eurosta.<\/p>\n<p>Lidl on tuonut viime aikoina markkinoilla <a href=\"https:\/\/www.helsinginuutiset.fi\/paikalliset\/9658035\" rel=\"nofollow noopener\" target=\"_blank\">useita yll\u00e4tt\u00e4vi\u00e4 tuotteita<\/a>, kuten miniriisinkeittimen ja mini-imurin.<\/p>\n<p>\t\t\t\t\t<img class=\"diks-card__image\" src=\"https:\/\/www.europesays.com\/fi\/wp-content\/uploads\/2026\/08\/11554380.jpg\"   loading=\"lazy\" decoding=\"sync\" alt=\"\"\/><\/p>\n<p>\t\t\t\t\t<img class=\"diks-card__image\" src=\"https:\/\/www.europesays.com\/fi\/wp-content\/uploads\/2026\/08\/11485306.jpg\"   loading=\"lazy\" decoding=\"sync\" alt=\"\"\/><\/p>\n<p>\t\t\t\t\t<img class=\"diks-card__image\" src=\"https:\/\/www.europesays.com\/fi\/wp-content\/uploads\/2026\/08\/11465825.jpg\"   loading=\"lazy\" decoding=\"sync\" alt=\"\"\/><\/p>\n","protected":false},"excerpt":{"rendered":"Lapsiperheet saavat uuden vaihtoehdon vauva-arkensa helpottamiseen, kun Lidl tuo ensimm\u00e4ist\u00e4 kertaa myyntiin oman merkkins\u00e4 sitterin torstaista 20. elokuuta&hellip;\n","protected":false},"author":2,"featured_media":327532,"comment_status":"","ping_status":"","sticky":false,"template":"","format":"standard","meta":{"footnotes":"","_share_on_mastodon":"0"},"categories":[12],"tags":[29949,22,23,26,27,33,31,30,17,898,24,25,3238,28,29,15,18,21,32,19,20,16,2200,11384,1461,12483],"class_list":["post-327531","post","type-post","status-publish","format-standard","has-post-thumbnail","category-suomi","tag-ai-uutiset","tag-breaking-news","tag-breakingnews","tag-featured-news","tag-featurednews","tag-fi","tag-finland","tag-finnish","tag-headlines","tag-kulutustavarat","tag-latest-news","tag-latestnews","tag-lidl","tag-main-news","tag-mainnews","tag-news","tag-otsikot","tag-paauutiset","tag-suomi","tag-top-stories","tag-topstories","tag-uutiset","tag-vahittaiskauppa-pl-moottoriajoneuvot-kotitaloustavaroiden-korjaus","tag-vastasyntynyt","tag-vauva","tag-verkkokauppa-com"],"share_on_mastodon":{"url":"https:\/\/pubeurope.com\/@fi\/117115878615059965","error":""},"_links":{"self":[{"href":"https:\/\/www.europesays.com\/fi\/wp-json\/wp\/v2\/posts\/327531","targetHints":{"allow":["GET"]}}],"collection":[{"href":"https:\/\/www.europesays.com\/fi\/wp-json\/wp\/v2\/posts"}],"about":[{"href":"https:\/\/www.europesays.com\/fi\/wp-json\/wp\/v2\/types\/post"}],"author":[{"embeddable":true,"href":"https:\/\/www.europesays.com\/fi\/wp-json\/wp\/v2\/users\/2"}],"replies":[{"embeddable":true,"href":"https:\/\/www.europesays.com\/fi\/wp-json\/wp\/v2\/comments?post=327531"}],"version-history":[{"count":0,"href":"https:\/\/www.europesays.com\/fi\/wp-json\/wp\/v2\/posts\/327531\/revisions"}],"wp:featuredmedia":[{"embeddable":true,"href":"https:\/\/www.europesays.com\/fi\/wp-json\/wp\/v2\/media\/327532"}],"wp:attachment":[{"href":"https:\/\/www.europesays.com\/fi\/wp-json\/wp\/v2\/media?parent=327531"}],"wp:term":[{"taxonomy":"category","embeddable":true,"href":"https:\/\/www.europesays.com\/fi\/wp-json\/wp\/v2\/categories?post=327531"},{"taxonomy":"post_tag","embeddable":true,"href":"https:\/\/www.europesays.com\/fi\/wp-json\/wp\/v2\/tags?post=327531"}],"curies":[{"name":"wp","href":"https:\/\/api.w.org\/{rel}","templated":true}]}}