{"id":32761,"date":"2025-09-12T10:16:08","date_gmt":"2025-09-12T10:16:08","guid":{"rendered":"https:\/\/www.europesays.com\/fi\/32761\/"},"modified":"2025-09-12T10:16:08","modified_gmt":"2025-09-12T10:16:08","slug":"henry-cavill-on-loukannut-itsensa-uuden-highlander-elokuvan-peruttu-talta-vuodelta","status":"publish","type":"post","link":"https:\/\/www.europesays.com\/fi\/32761\/","title":{"rendered":"Henry Cavill on loukannut itsens\u00e4 &#8211; uuden Highlander-elokuvan peruttu t\u00e4lt\u00e4 vuodelta"},"content":{"rendered":"\n<p><strong>Uuden Highlander-elokuvan kuvaukset viiv\u00e4styv\u00e4t.<\/strong><\/p>\n<p>P\u00e4\u00e4osaa tulevassa <a href=\"https:\/\/muropaketti.com\/avainsana\/highlander\/\" rel=\"nofollow noopener\" target=\"_blank\">Highlander<\/a>-elokuvassa esitt\u00e4v\u00e4 <a href=\"https:\/\/muropaketti.com\/avainsana\/henry-cavill\/\" rel=\"nofollow noopener\" target=\"_blank\">Henry Cavill<\/a> on loukkaantunut esituotannon kuvausharjoituksissa, uutisoi <a href=\"https:\/\/deadline.com\/2025\/09\/henry-cavill-injury-highlander-delay-1236529275\/\" target=\"_blank\" rel=\"noopener nofollow\">Deadline<\/a>. Tietoa loukkaantumisen syyst\u00e4 tai vakavuudesta ei ole kerrottu.<\/p>\n<p>Loukkaantumisen vuoksi Highlanderin kuvauksia joudutaan kuitenkin siirt\u00e4m\u00e4\u00e4n. N\u00e4ill\u00e4 n\u00e4kymin ne p\u00e4\u00e4st\u00e4\u00e4n aloittamaan mahdollisesti vasta vuoden 2026 puolella.<\/p>\n<p>Amazon MGM Studiosin uuden Highlanderin ohjaa Chad Stahelski. Cavillin lis\u00e4ksi sen n\u00e4yttelij\u00e4kaartiin on kiinnitetty muun muassa Russell Crowe, Marisa Abela, Karen Gillan, Djimon Hounsou, Dave Bautista ja Max Zhang.<\/p>\n<p>Vuonna 1986 julkaistussa alkuper\u00e4isess\u00e4 seikkailussa p\u00e4\u00e4rooleissa n\u00e4htiin Christopher Lambert ja Sean Connery.<\/p>\n<p><strong>Katso Highlander (1986)<\/strong><\/p>\n","protected":false},"excerpt":{"rendered":"Uuden Highlander-elokuvan kuvaukset viiv\u00e4styv\u00e4t. P\u00e4\u00e4osaa tulevassa Highlander-elokuvassa esitt\u00e4v\u00e4 Henry Cavill on loukkaantunut esituotannon kuvausharjoituksissa, uutisoi Deadline. Tietoa loukkaantumisen&hellip;\n","protected":false},"author":2,"featured_media":32762,"comment_status":"","ping_status":"","sticky":false,"template":"","format":"standard","meta":{"footnotes":""},"categories":[130],"tags":[5905,137,33,31,30,5906,5907,32,109],"class_list":{"0":"post-32761","1":"post","2":"type-post","3":"status-publish","4":"format-standard","5":"has-post-thumbnail","7":"category-viihde","8":"tag-chad-stahelski","9":"tag-entertainment","10":"tag-fi","11":"tag-finland","12":"tag-finnish","13":"tag-henry-cavill","14":"tag-highlander","15":"tag-suomi","16":"tag-viihde"},"share_on_mastodon":{"url":"","error":""},"_links":{"self":[{"href":"https:\/\/www.europesays.com\/fi\/wp-json\/wp\/v2\/posts\/32761","targetHints":{"allow":["GET"]}}],"collection":[{"href":"https:\/\/www.europesays.com\/fi\/wp-json\/wp\/v2\/posts"}],"about":[{"href":"https:\/\/www.europesays.com\/fi\/wp-json\/wp\/v2\/types\/post"}],"author":[{"embeddable":true,"href":"https:\/\/www.europesays.com\/fi\/wp-json\/wp\/v2\/users\/2"}],"replies":[{"embeddable":true,"href":"https:\/\/www.europesays.com\/fi\/wp-json\/wp\/v2\/comments?post=32761"}],"version-history":[{"count":0,"href":"https:\/\/www.europesays.com\/fi\/wp-json\/wp\/v2\/posts\/32761\/revisions"}],"wp:featuredmedia":[{"embeddable":true,"href":"https:\/\/www.europesays.com\/fi\/wp-json\/wp\/v2\/media\/32762"}],"wp:attachment":[{"href":"https:\/\/www.europesays.com\/fi\/wp-json\/wp\/v2\/media?parent=32761"}],"wp:term":[{"taxonomy":"category","embeddable":true,"href":"https:\/\/www.europesays.com\/fi\/wp-json\/wp\/v2\/categories?post=32761"},{"taxonomy":"post_tag","embeddable":true,"href":"https:\/\/www.europesays.com\/fi\/wp-json\/wp\/v2\/tags?post=32761"}],"curies":[{"name":"wp","href":"https:\/\/api.w.org\/{rel}","templated":true}]}}